{"id":40142,"date":"2013-12-02T09:57:31","date_gmt":"2013-12-02T12:57:31","guid":{"rendered":"http:\/\/www.eltrabajo.cl\/portal\/?p=40142"},"modified":"2013-12-02T09:57:31","modified_gmt":"2013-12-02T12:57:31","slug":"peques-en-carnaval-logran-desarrollar-concejo-municipal-infantil","status":"publish","type":"post","link":"https:\/\/eltrabajo.cl\/portal\/peques-en-carnaval-logran-desarrollar-concejo-municipal-infantil\/","title":{"rendered":"Peques en carnaval logran desarrollar Concejo Municipal Infantil"},"content":{"rendered":"<figure id=\"attachment_40143\" aria-describedby=\"caption-attachment-40143\" style=\"width: 529px\" class=\"wp-caption alignnone\"><a href=\"https:\/\/i0.wp.com\/www.eltrabajo.cl\/portal\/wp-content\/uploads\/2013\/12\/alegres1.jpg\"><img data-recalc-dims=\"1\" loading=\"lazy\" decoding=\"async\" class=\"size-full wp-image-40143\" title=\"CRECIENDO.- Alegr\u00eda sin igual y un gran sentido de Pertenencia es lo que experimentaron los peque\u00f1os que participaron este fin de semana en el D\u00eda por lo Derechos de los Ni\u00f1os y Ni\u00f1as y San Felipe.\" alt=\"CRECIENDO.- Alegr\u00eda sin igual y un gran sentido de Pertenencia es lo que experimentaron los peque\u00f1os que participaron este fin de semana en el D\u00eda por lo Derechos de los Ni\u00f1os y Ni\u00f1as y San Felipe.\" src=\"https:\/\/i0.wp.com\/www.eltrabajo.cl\/portal\/wp-content\/uploads\/2013\/12\/alegres1.jpg?resize=529%2C355\" width=\"529\" height=\"355\" srcset=\"https:\/\/i0.wp.com\/eltrabajo.cl\/portal\/wp-content\/uploads\/2013\/12\/alegres1.jpg?w=529&amp;ssl=1 529w, https:\/\/i0.wp.com\/eltrabajo.cl\/portal\/wp-content\/uploads\/2013\/12\/alegres1.jpg?resize=200%2C134&amp;ssl=1 200w, https:\/\/i0.wp.com\/eltrabajo.cl\/portal\/wp-content\/uploads\/2013\/12\/alegres1.jpg?resize=300%2C201&amp;ssl=1 300w, https:\/\/i0.wp.com\/eltrabajo.cl\/portal\/wp-content\/uploads\/2013\/12\/alegres1.jpg?resize=150%2C100&amp;ssl=1 150w, https:\/\/i0.wp.com\/eltrabajo.cl\/portal\/wp-content\/uploads\/2013\/12\/alegres1.jpg?resize=400%2C268&amp;ssl=1 400w\" sizes=\"auto, (max-width: 529px) 100vw, 529px\" \/><\/a><figcaption id=\"caption-attachment-40143\" class=\"wp-caption-text\">CRECIENDO.- Alegr\u00eda sin igual y un gran sentido de Pertenencia es lo que experimentaron los peque\u00f1os que participaron este fin de semana en el D\u00eda por lo Derechos de los Ni\u00f1os y Ni\u00f1as y San Felipe.<\/figcaption><\/figure>\n<p>El viernes reci\u00e9n pasado se conmemor\u00f3 el D\u00eda por lo Derechos de los Ni\u00f1os y Ni\u00f1as y San Felipe, lo celebr\u00f3 con un carnaval que reuni\u00f3 a los peque\u00f1os de la comuna. La actividad comenz\u00f3 pasadas las 9:00 horas, cuando los ni\u00f1os comenzaron una caminata desde dos sectores de la comuna, para luego dirigirse hasta el centro de San Felipe, donde se reunieron las dos columnas para disfrutar de un show que se realiz\u00f3 en Calle Salinas frente a la Plaza de Armas.<\/p>\n<figure id=\"attachment_40144\" aria-describedby=\"caption-attachment-40144\" style=\"width: 423px\" class=\"wp-caption alignright\"><a href=\"https:\/\/i0.wp.com\/www.eltrabajo.cl\/portal\/wp-content\/uploads\/2013\/12\/alcalde1.jpg\"><img data-recalc-dims=\"1\" loading=\"lazy\" decoding=\"async\" class=\" wp-image-40144 \" title=\"UN MOTIVADOR.- El Alcalde Patricio Freire supo motivar a los peque\u00f1os para participar en esta masiva actividad.\" alt=\"UN MOTIVADOR.- El Alcalde Patricio Freire supo motivar a los peque\u00f1os para participar en esta masiva actividad.\" src=\"https:\/\/i0.wp.com\/www.eltrabajo.cl\/portal\/wp-content\/uploads\/2013\/12\/alcalde1.jpg?resize=423%2C284\" width=\"423\" height=\"284\" srcset=\"https:\/\/i0.wp.com\/eltrabajo.cl\/portal\/wp-content\/uploads\/2013\/12\/alcalde1.jpg?w=529&amp;ssl=1 529w, https:\/\/i0.wp.com\/eltrabajo.cl\/portal\/wp-content\/uploads\/2013\/12\/alcalde1.jpg?resize=200%2C134&amp;ssl=1 200w, https:\/\/i0.wp.com\/eltrabajo.cl\/portal\/wp-content\/uploads\/2013\/12\/alcalde1.jpg?resize=300%2C201&amp;ssl=1 300w, https:\/\/i0.wp.com\/eltrabajo.cl\/portal\/wp-content\/uploads\/2013\/12\/alcalde1.jpg?resize=150%2C100&amp;ssl=1 150w, https:\/\/i0.wp.com\/eltrabajo.cl\/portal\/wp-content\/uploads\/2013\/12\/alcalde1.jpg?resize=400%2C268&amp;ssl=1 400w\" sizes=\"auto, (max-width: 423px) 100vw, 423px\" \/><\/a><figcaption id=\"caption-attachment-40144\" class=\"wp-caption-text\">UN MOTIVADOR.- El Alcalde Patricio Freire supo motivar a los peque\u00f1os para participar en esta masiva actividad.<\/figcaption><\/figure>\n<p>El carnaval parti\u00f3 alrededor de las diez de la ma\u00f1ana, donde los peque\u00f1os disfrutaron de varias presentaciones, y bailaron al ritmo de distinta m\u00fasica. En forma paralela se desarroll\u00f3 en el Sal\u00f3n de Honor del municipio una sesi\u00f3n de Concejo Municipal infantil, donde se eligi\u00f3 una alcaldesa y trece concejales, quienes manifestaron algunas de las preocupaciones que como ni\u00f1os tienen.<\/p>\n<p>\u00abLa idea es poder jugar de alguna manera a ser las autoridades, para que las autoridades que est\u00e1n presentes puedan escuchar la opini\u00f3n que tienen los ni\u00f1os en relaci\u00f3n a la ciudad de San Felipe, en esa l\u00f3gica adem\u00e1s es visibilizar a los ni\u00f1os como sujetos portadores de ideas, de opini\u00f3n y de derechos\u00bb, dijo Francisca Hidalgo, Coordinadora de la Oficina de Protecci\u00f3n de derechos de ni\u00f1os y adolescentes, OPD.<\/p>\n<figure id=\"attachment_40145\" aria-describedby=\"caption-attachment-40145\" style=\"width: 423px\" class=\"wp-caption alignleft\"><a href=\"https:\/\/i0.wp.com\/www.eltrabajo.cl\/portal\/wp-content\/uploads\/2013\/12\/rayuela1.jpg\"><img data-recalc-dims=\"1\" loading=\"lazy\" decoding=\"async\" class=\" wp-image-40145 \" title=\"PEQUE\u00d1OS ARTISTAS.- Tambi\u00e9n los ni\u00f1os participaron en actividades recreativas y art\u00edsticas, una de ellas no necesita ser descrita.\" alt=\"PEQUE\u00d1OS ARTISTAS.- Tambi\u00e9n los ni\u00f1os participaron en actividades recreativas y art\u00edsticas, una de ellas no necesita ser descrita.\" src=\"https:\/\/i0.wp.com\/www.eltrabajo.cl\/portal\/wp-content\/uploads\/2013\/12\/rayuela1.jpg?resize=423%2C284\" width=\"423\" height=\"284\" srcset=\"https:\/\/i0.wp.com\/eltrabajo.cl\/portal\/wp-content\/uploads\/2013\/12\/rayuela1.jpg?w=529&amp;ssl=1 529w, https:\/\/i0.wp.com\/eltrabajo.cl\/portal\/wp-content\/uploads\/2013\/12\/rayuela1.jpg?resize=200%2C134&amp;ssl=1 200w, https:\/\/i0.wp.com\/eltrabajo.cl\/portal\/wp-content\/uploads\/2013\/12\/rayuela1.jpg?resize=300%2C201&amp;ssl=1 300w, https:\/\/i0.wp.com\/eltrabajo.cl\/portal\/wp-content\/uploads\/2013\/12\/rayuela1.jpg?resize=150%2C100&amp;ssl=1 150w, https:\/\/i0.wp.com\/eltrabajo.cl\/portal\/wp-content\/uploads\/2013\/12\/rayuela1.jpg?resize=400%2C268&amp;ssl=1 400w\" sizes=\"auto, (max-width: 423px) 100vw, 423px\" \/><\/a><figcaption id=\"caption-attachment-40145\" class=\"wp-caption-text\">PEQUE\u00d1OS ARTISTAS.- Tambi\u00e9n los ni\u00f1os participaron en actividades recreativas y art\u00edsticas, una de ellas no necesita ser descrita.<\/figcaption><\/figure>\n<p>Precisamente las autoridades estuvieron presentes en la sesi\u00f3n de concejo, y el alcalde destac\u00f3 esta instancia de poder conocer de primera fuente como sue\u00f1an los ni\u00f1os la comuna de San Felipe.<\/p>\n<p>\u00abNuestros ni\u00f1os y ni\u00f1as son lo m\u00e1s lindo que tenemos en la comuna, ellos son el futuro de San Felipe y del pa\u00eds y cuando uno ve que se toman el municipio, uno ve el concejo, ve lo que ellos conversan y los temas que sacan en esas conversaciones, uno se da cuenta que tenemos un lindo futuro en nuestra comuna\u00bb, dijo el Alcalde Freire.<\/p>\n<figure id=\"attachment_40146\" aria-describedby=\"caption-attachment-40146\" style=\"width: 422px\" class=\"wp-caption alignright\"><a href=\"https:\/\/i0.wp.com\/www.eltrabajo.cl\/portal\/wp-content\/uploads\/2013\/12\/concejo1.jpg\"><img data-recalc-dims=\"1\" loading=\"lazy\" decoding=\"async\" class=\"wp-image-40146 \" title=\"APRENDIENDO.- En forma paralela se desarroll\u00f3 en el Sal\u00f3n de Honor del municipio una sesi\u00f3n de Concejo Municipal infantil, donde se eligi\u00f3 una alcaldesa y trece concejales\" alt=\"APRENDIENDO.- En forma paralela se desarroll\u00f3 en el Sal\u00f3n de Honor del municipio una sesi\u00f3n de Concejo Municipal infantil, donde se eligi\u00f3 una alcaldesa y trece concejales\" src=\"https:\/\/i0.wp.com\/www.eltrabajo.cl\/portal\/wp-content\/uploads\/2013\/12\/concejo1.jpg?resize=422%2C241\" width=\"422\" height=\"241\" srcset=\"https:\/\/i0.wp.com\/eltrabajo.cl\/portal\/wp-content\/uploads\/2013\/12\/concejo1.jpg?w=528&amp;ssl=1 528w, https:\/\/i0.wp.com\/eltrabajo.cl\/portal\/wp-content\/uploads\/2013\/12\/concejo1.jpg?resize=200%2C114&amp;ssl=1 200w, https:\/\/i0.wp.com\/eltrabajo.cl\/portal\/wp-content\/uploads\/2013\/12\/concejo1.jpg?resize=300%2C171&amp;ssl=1 300w, https:\/\/i0.wp.com\/eltrabajo.cl\/portal\/wp-content\/uploads\/2013\/12\/concejo1.jpg?resize=150%2C85&amp;ssl=1 150w, https:\/\/i0.wp.com\/eltrabajo.cl\/portal\/wp-content\/uploads\/2013\/12\/concejo1.jpg?resize=400%2C228&amp;ssl=1 400w\" sizes=\"auto, (max-width: 422px) 100vw, 422px\" \/><\/a><figcaption id=\"caption-attachment-40146\" class=\"wp-caption-text\">APRENDIENDO.- En forma paralela se desarroll\u00f3 en el Sal\u00f3n de Honor del municipio una sesi\u00f3n de Concejo Municipal infantil, donde se eligi\u00f3 una alcaldesa y trece concejales<\/figcaption><\/figure>\n<p>El jefe comunal destac\u00f3 que los ni\u00f1os manifiesten su inter\u00e9s en el medioambiente, en los espacios p\u00fablicos y verdes, lo que le permiti\u00f3 conocer lo que esperan los peque\u00f1os para la comuna de San Felipe. En las actividades participaron ni\u00f1os de colegios municipalizados y particulares subvencionados, de programas sociales y voluntarios, quienes mostraron mucho inter\u00e9s por participar en la iniciativa.<\/p>\n<p>&nbsp;<\/p>\n","protected":false},"excerpt":{"rendered":"<p>El viernes reci\u00e9n pasado se conmemor\u00f3 el D\u00eda por lo Derechos de los Ni\u00f1os y Ni\u00f1as y San Felipe, lo celebr\u00f3 con un carnaval que reuni\u00f3 a los peque\u00f1os de la comuna&#8230;.<\/p>\n","protected":false},"author":482,"featured_media":40143,"comment_status":"open","ping_status":"closed","sticky":false,"template":"","format":"standard","meta":{"advanced_seo_description":"","jetpack_seo_html_title":"","jetpack_seo_noindex":false,"_jetpack_memberships_contains_paid_content":false,"footnotes":""},"categories":[15],"tags":[],"class_list":["post-40142","post","type-post","status-publish","format-standard","has-post-thumbnail","hentry","category-comunidad"],"jetpack_featured_media_url":"https:\/\/i0.wp.com\/eltrabajo.cl\/portal\/wp-content\/uploads\/2013\/12\/alegres1.jpg?fit=529%2C355&ssl=1","jetpack_sharing_enabled":true,"jetpack_likes_enabled":true,"jetpack-related-posts":[],"_links":{"self":[{"href":"https:\/\/eltrabajo.cl\/portal\/wp-json\/wp\/v2\/posts\/40142","targetHints":{"allow":["GET"]}}],"collection":[{"href":"https:\/\/eltrabajo.cl\/portal\/wp-json\/wp\/v2\/posts"}],"about":[{"href":"https:\/\/eltrabajo.cl\/portal\/wp-json\/wp\/v2\/types\/post"}],"author":[{"embeddable":true,"href":"https:\/\/eltrabajo.cl\/portal\/wp-json\/wp\/v2\/users\/482"}],"replies":[{"embeddable":true,"href":"https:\/\/eltrabajo.cl\/portal\/wp-json\/wp\/v2\/comments?post=40142"}],"version-history":[{"count":0,"href":"https:\/\/eltrabajo.cl\/portal\/wp-json\/wp\/v2\/posts\/40142\/revisions"}],"wp:featuredmedia":[{"embeddable":true,"href":"https:\/\/eltrabajo.cl\/portal\/wp-json\/wp\/v2\/media\/40143"}],"wp:attachment":[{"href":"https:\/\/eltrabajo.cl\/portal\/wp-json\/wp\/v2\/media?parent=40142"}],"wp:term":[{"taxonomy":"category","embeddable":true,"href":"https:\/\/eltrabajo.cl\/portal\/wp-json\/wp\/v2\/categories?post=40142"},{"taxonomy":"post_tag","embeddable":true,"href":"https:\/\/eltrabajo.cl\/portal\/wp-json\/wp\/v2\/tags?post=40142"}],"curies":[{"name":"wp","href":"https:\/\/api.w.org\/{rel}","templated":true}]}}