{"id":40150,"date":"2013-12-02T09:58:33","date_gmt":"2013-12-02T12:58:33","guid":{"rendered":"http:\/\/www.eltrabajo.cl\/portal\/?p=40150"},"modified":"2013-12-02T09:58:33","modified_gmt":"2013-12-02T12:58:33","slug":"gobierno-regional-aprobo-tecnicamente-proyecto-de-medialuna-municipal","status":"publish","type":"post","link":"https:\/\/eltrabajo.cl\/portal\/gobierno-regional-aprobo-tecnicamente-proyecto-de-medialuna-municipal\/","title":{"rendered":"Gobierno Regional aprob\u00f3 t\u00e9cnicamente proyecto de medialuna municipal"},"content":{"rendered":"<figure id=\"attachment_40151\" aria-describedby=\"caption-attachment-40151\" style=\"width: 528px\" class=\"wp-caption alignnone\"><a href=\"https:\/\/i0.wp.com\/www.eltrabajo.cl\/portal\/wp-content\/uploads\/2013\/12\/medialuna1.jpg\"><img data-recalc-dims=\"1\" loading=\"lazy\" decoding=\"async\" class=\"size-full wp-image-40151\" title=\"El Director de la Secretar\u00eda Comunal de Planificaci\u00f3n de Calle Larga, Alonso Retamales y la Consejera Regional Sandra Miranda, muestran a Diario El Trabajo el terreno donde quedar\u00eda la nueva Media Luna.\" alt=\"El Director de la Secretar\u00eda Comunal de Planificaci\u00f3n de Calle Larga, Alonso Retamales y la Consejera Regional Sandra Miranda, muestran a Diario El Trabajo el terreno donde quedar\u00eda la nueva Media Luna.\" src=\"https:\/\/i0.wp.com\/www.eltrabajo.cl\/portal\/wp-content\/uploads\/2013\/12\/medialuna1.jpg?resize=528%2C323\" width=\"528\" height=\"323\" srcset=\"https:\/\/i0.wp.com\/eltrabajo.cl\/portal\/wp-content\/uploads\/2013\/12\/medialuna1.jpg?w=528&amp;ssl=1 528w, https:\/\/i0.wp.com\/eltrabajo.cl\/portal\/wp-content\/uploads\/2013\/12\/medialuna1.jpg?resize=200%2C122&amp;ssl=1 200w, https:\/\/i0.wp.com\/eltrabajo.cl\/portal\/wp-content\/uploads\/2013\/12\/medialuna1.jpg?resize=300%2C183&amp;ssl=1 300w, https:\/\/i0.wp.com\/eltrabajo.cl\/portal\/wp-content\/uploads\/2013\/12\/medialuna1.jpg?resize=150%2C91&amp;ssl=1 150w, https:\/\/i0.wp.com\/eltrabajo.cl\/portal\/wp-content\/uploads\/2013\/12\/medialuna1.jpg?resize=400%2C244&amp;ssl=1 400w\" sizes=\"auto, (max-width: 528px) 100vw, 528px\" \/><\/a><figcaption id=\"caption-attachment-40151\" class=\"wp-caption-text\">El Director de la Secretar\u00eda Comunal de Planificaci\u00f3n de Calle Larga, Alonso Retamales y la Consejera Regional Sandra Miranda, muestran a Diario El Trabajo el terreno donde quedar\u00eda la nueva Media Luna.<\/figcaption><\/figure>\n<p><strong>CALLE LARGA<\/strong>.- Junto con el f\u00fatbol, una de las actividades m\u00e1s importantes de Calle Larga es el rodeo. Esto se debe principalmente a que en la comuna se desarrolla una vida agr\u00edcola, que arraiga las tradiciones populares, campesinas y huasas. Esta actividad re\u00fane a personas de todas las edades y estratos sociales, con clubes que se distribuyen en las diferentes localidades de la comuna, con predominancia en la zona rural. En total existen en Calle Larga doce clubes de rodeo que solamente cuentan con una medialuna para realizar sus actividades.<\/p>\n<p>Ante la gran demanda existente de espacios para practicar esta actividad, la Municipalidad de Calle Larga postul\u00f3 al Gobierno Regional el proyecto \u2018Construcci\u00f3n Medialuna Municipal\u2019, el cual hace unos d\u00edas logr\u00f3 la aprobaci\u00f3n t\u00e9cnica por parte del Gobierno Regional, restando solamente la asignaci\u00f3n de recursos que deber\u00edan alcanzar un monto de 386.376.000 pesos.<\/p>\n<p>\u00abDesde que se inici\u00f3 la gesti\u00f3n del Alcalde Nelson Venegas, hemos generado v\u00ednculos para contar con una medialuna en la comuna de Calle Larga. Es por eso es que hemos estado trabajando con las agrupaciones de huasos, tanto los federados como laborales, para la creaci\u00f3n de un espacio en el terreno que est\u00e1 en las cercan\u00edas del recientemente inaugurado Centro Cultural y Museo Presidente Pedro Aguirre Cerda. La idea es que en este sector se genere un circuito tur\u00edstico en el que se rescaten las tradiciones de nuestro campo, como tambi\u00e9n la historia y la cultura de nuestra zona\u00bb, sostuvo el Director de la Secretar\u00eda Comunal de Planificaci\u00f3n de Calle Larga, Alonso Retamales.<\/p>\n<p>De acuerdo al proyecto elaborado por la Municipalidad de Calle Larga, este espacio tendr\u00e1 una dimensi\u00f3n de m\u00e1s de 6.500 m2 y adem\u00e1s de contemplar la construcci\u00f3n de la medialuna, se considera la construcci\u00f3n de ba\u00f1os, estacionamientos, p\u00e9rgola, camarines, entre otras obras que permitir\u00e1n a los usuarios contar con diversas comodidades. Su capacidad ser\u00e1 de cuatrocientas personas, cifra que se puede aumentar a 1.200.<\/p>\n<p>Con la construcci\u00f3n de este espacio, la comuna contar\u00eda con dos medialunas, siendo la medialuna municipal el primer espacio p\u00fablico de la comuna para la pr\u00e1ctica de este deporte tradicional, como tambi\u00e9n para la realizaci\u00f3n de diversas actividades tales como fiestas costumbristas, olimpiadas campesinas, vacunaci\u00f3n y manipulaci\u00f3n de animales entre otras actividades. \u00abEstamos felices con la recomendaci\u00f3n t\u00e9cnica conseguida por la Municipalidad de Calle Larga para este proyecto. La verdad una medialuna es de gran necesidad para esta comuna en la que se practica el rodeo, especialmente de una medialuna que contar\u00e1 con una gran cantidad de comodidades\u00bb, sostuvo la Consejera Regional Sandra Miranda. Tras obtener la recomendaci\u00f3n t\u00e9cnica, este proyecto pase a la Comisi\u00f3n de Inversiones, para que posteriormente sea aprobada en el pleno de diciembre del Gobierno Regional, para que as\u00ed sea financiado durante el pr\u00f3ximo a\u00f1o.<\/p>\n<p>&nbsp;<\/p>\n","protected":false},"excerpt":{"rendered":"<p>CALLE LARGA.- Junto con el f\u00fatbol, una de las actividades m\u00e1s importantes de Calle Larga es el rodeo. Esto se debe principalmente a que en la comuna se desarrolla una vida agr\u00edcola,&#8230;<\/p>\n","protected":false},"author":482,"featured_media":40151,"comment_status":"open","ping_status":"closed","sticky":false,"template":"","format":"standard","meta":{"advanced_seo_description":"","jetpack_seo_html_title":"","jetpack_seo_noindex":false,"_jetpack_memberships_contains_paid_content":false,"footnotes":""},"categories":[1],"tags":[],"class_list":["post-40150","post","type-post","status-publish","format-standard","has-post-thumbnail","hentry","category-cronica"],"jetpack_featured_media_url":"https:\/\/i0.wp.com\/eltrabajo.cl\/portal\/wp-content\/uploads\/2013\/12\/medialuna1.jpg?fit=528%2C323&ssl=1","jetpack_sharing_enabled":true,"jetpack_likes_enabled":true,"jetpack-related-posts":[],"_links":{"self":[{"href":"https:\/\/eltrabajo.cl\/portal\/wp-json\/wp\/v2\/posts\/40150","targetHints":{"allow":["GET"]}}],"collection":[{"href":"https:\/\/eltrabajo.cl\/portal\/wp-json\/wp\/v2\/posts"}],"about":[{"href":"https:\/\/eltrabajo.cl\/portal\/wp-json\/wp\/v2\/types\/post"}],"author":[{"embeddable":true,"href":"https:\/\/eltrabajo.cl\/portal\/wp-json\/wp\/v2\/users\/482"}],"replies":[{"embeddable":true,"href":"https:\/\/eltrabajo.cl\/portal\/wp-json\/wp\/v2\/comments?post=40150"}],"version-history":[{"count":0,"href":"https:\/\/eltrabajo.cl\/portal\/wp-json\/wp\/v2\/posts\/40150\/revisions"}],"wp:featuredmedia":[{"embeddable":true,"href":"https:\/\/eltrabajo.cl\/portal\/wp-json\/wp\/v2\/media\/40151"}],"wp:attachment":[{"href":"https:\/\/eltrabajo.cl\/portal\/wp-json\/wp\/v2\/media?parent=40150"}],"wp:term":[{"taxonomy":"category","embeddable":true,"href":"https:\/\/eltrabajo.cl\/portal\/wp-json\/wp\/v2\/categories?post=40150"},{"taxonomy":"post_tag","embeddable":true,"href":"https:\/\/eltrabajo.cl\/portal\/wp-json\/wp\/v2\/tags?post=40150"}],"curies":[{"name":"wp","href":"https:\/\/api.w.org\/{rel}","templated":true}]}}