{"id":40153,"date":"2013-12-02T10:02:33","date_gmt":"2013-12-02T13:02:33","guid":{"rendered":"http:\/\/www.eltrabajo.cl\/portal\/?p=40153"},"modified":"2013-12-02T10:02:33","modified_gmt":"2013-12-02T13:02:33","slug":"serrania-de-rinconada-de-silva-se-niega-a-que-parroquia-regularice-terrenos","status":"publish","type":"post","link":"https:\/\/eltrabajo.cl\/portal\/serrania-de-rinconada-de-silva-se-niega-a-que-parroquia-regularice-terrenos\/","title":{"rendered":"Serran\u00eda de Rinconada de Silva se niega a que parroquia regularice terrenos"},"content":{"rendered":"<figure id=\"attachment_40154\" aria-describedby=\"caption-attachment-40154\" style=\"width: 423px\" class=\"wp-caption alignleft\"><a href=\"https:\/\/i0.wp.com\/www.eltrabajo.cl\/portal\/wp-content\/uploads\/2013\/12\/marta-silva-y-mar%C3%ADa-ester-cortez.jpg\"><img data-recalc-dims=\"1\" loading=\"lazy\" decoding=\"async\" class=\" wp-image-40154 \" title=\"Marta Silva y Mar\u00eda Ester Cortez, hablaron con Diario El Trabajo para externar sus puntos de vista sobre este tema.\" alt=\"Marta Silva y Mar\u00eda Ester Cortez, hablaron con Diario El Trabajo para externar sus puntos de vista sobre este tema.\" src=\"https:\/\/i0.wp.com\/www.eltrabajo.cl\/portal\/wp-content\/uploads\/2013\/12\/marta-silva-y-mar%C3%ADa-ester-cortez.jpg?resize=423%2C282\" width=\"423\" height=\"282\" srcset=\"https:\/\/i0.wp.com\/eltrabajo.cl\/portal\/wp-content\/uploads\/2013\/12\/marta-silva-y-mar%C3%ADa-ester-cortez.jpg?w=529&amp;ssl=1 529w, https:\/\/i0.wp.com\/eltrabajo.cl\/portal\/wp-content\/uploads\/2013\/12\/marta-silva-y-mar%C3%ADa-ester-cortez.jpg?resize=200%2C133&amp;ssl=1 200w, https:\/\/i0.wp.com\/eltrabajo.cl\/portal\/wp-content\/uploads\/2013\/12\/marta-silva-y-mar%C3%ADa-ester-cortez.jpg?resize=300%2C200&amp;ssl=1 300w, https:\/\/i0.wp.com\/eltrabajo.cl\/portal\/wp-content\/uploads\/2013\/12\/marta-silva-y-mar%C3%ADa-ester-cortez.jpg?resize=150%2C100&amp;ssl=1 150w, https:\/\/i0.wp.com\/eltrabajo.cl\/portal\/wp-content\/uploads\/2013\/12\/marta-silva-y-mar%C3%ADa-ester-cortez.jpg?resize=400%2C266&amp;ssl=1 400w\" sizes=\"auto, (max-width: 423px) 100vw, 423px\" \/><\/a><figcaption id=\"caption-attachment-40154\" class=\"wp-caption-text\">Marta Silva y Mar\u00eda Ester Cortez, hablaron con Diario El Trabajo para externar sus puntos de vista sobre este tema.<\/figcaption><\/figure>\n<p><strong>PUTAENDO.<\/strong>&#8211; La Parroquia de Rinconada de Silva denunci\u00f3 que la Serran\u00eda del sector no ha querido reconocer la permanencia de la iglesia en la Ermita de los Ba\u00f1os del Parr\u00f3n por m\u00e1s de 109 a\u00f1os, adem\u00e1s de negarse a que la parroquia pueda regularizar esos terrenos. El Padre Ricardo G\u00f3mez Herrera, p\u00e1rroco de la iglesia Nuestra Se\u00f1ora del Carmen de Rinconada de Silva, en conversaci\u00f3n con Diario El Trabajo dijo que en agosto del a\u00f1o 2012 enviaron una carta a la presidenta de la serran\u00eda, donde le manifestaban su intenci\u00f3n de poder regularizar los terrenos donde se encuentra emplazada la Ermita Carmelitana al interior de los Ba\u00f1os del Parr\u00f3n y que nunca recibieron respuesta, lo que motiv\u00f3 a que en agosto de este a\u00f1o le enviaran una segunda carta, donde detenidamente y en forma muy respetuosa se le explicaba la idea y la intenci\u00f3n de la parroquia de conformar una mesa de trabajo con la serran\u00eda para potenciar desde el punto de vista del turismo religioso ese hermoso lugar.<\/p>\n<p>El sacerdote dijo que con mucha ilusi\u00f3n acudieron a la reuni\u00f3n a la cual fueron citados, pero que grande fue su sorpresa cuando hubo un rechazo absoluto a la idea de regularizar esos terrenos, pues indic\u00f3 que la presidenta de la serran\u00eda, Marta Silva, y un abogado que estaba presente les habr\u00eda indicado que \u00abnosotros somos los due\u00f1os del terreno, ustedes no tienen derecho y no permitiremos que regularicen los terrenos\u00bb.<\/p>\n<figure id=\"attachment_40155\" aria-describedby=\"caption-attachment-40155\" style=\"width: 317px\" class=\"wp-caption alignright\"><a href=\"https:\/\/i0.wp.com\/www.eltrabajo.cl\/portal\/wp-content\/uploads\/2013\/12\/ricardo-gomez.jpg\"><img data-recalc-dims=\"1\" loading=\"lazy\" decoding=\"async\" class=\" wp-image-40155 \" title=\"Padre Ricardo G\u00f3mez, religioso que tambi\u00e9n expresa su opini\u00f3n a Diario El Trabajo.\" alt=\"Padre Ricardo G\u00f3mez, religioso que tambi\u00e9n expresa su opini\u00f3n a Diario El Trabajo.\" src=\"https:\/\/i0.wp.com\/www.eltrabajo.cl\/portal\/wp-content\/uploads\/2013\/12\/ricardo-gomez.jpg?resize=317%2C211\" width=\"317\" height=\"211\" srcset=\"https:\/\/i0.wp.com\/eltrabajo.cl\/portal\/wp-content\/uploads\/2013\/12\/ricardo-gomez.jpg?w=528&amp;ssl=1 528w, https:\/\/i0.wp.com\/eltrabajo.cl\/portal\/wp-content\/uploads\/2013\/12\/ricardo-gomez.jpg?resize=200%2C133&amp;ssl=1 200w, https:\/\/i0.wp.com\/eltrabajo.cl\/portal\/wp-content\/uploads\/2013\/12\/ricardo-gomez.jpg?resize=300%2C200&amp;ssl=1 300w, https:\/\/i0.wp.com\/eltrabajo.cl\/portal\/wp-content\/uploads\/2013\/12\/ricardo-gomez.jpg?resize=150%2C100&amp;ssl=1 150w, https:\/\/i0.wp.com\/eltrabajo.cl\/portal\/wp-content\/uploads\/2013\/12\/ricardo-gomez.jpg?resize=400%2C266&amp;ssl=1 400w\" sizes=\"auto, (max-width: 317px) 100vw, 317px\" \/><\/a><figcaption id=\"caption-attachment-40155\" class=\"wp-caption-text\">Padre Ricardo G\u00f3mez, religioso que tambi\u00e9n expresa su opini\u00f3n a Diario El Trabajo.<\/figcaption><\/figure>\n<p>El religioso se\u00f1ala que ellos iban con una muy buena idea y con las mejores intenciones, pero asegura que recibieron un portazo en la cara y borraron de un plumazo 109 a\u00f1os de historia, pues el Padre An\u00edbal Carvajal, el a\u00f1o 1903, luego de regresar de Roma comenz\u00f3 a trabajar junto a la comunidad en ese hermoso lugar para dar vida a lo que hoy es la Ermita del Carmen, junto con iniciar las primeras procesiones que ininterrumpidamente se han realizado hasta nuestros d\u00edas el \u00faltimo domingo de febrero de cada a\u00f1o.<\/p>\n<p>El Padre Ricardo dijo que efectivamente, como durante un a\u00f1o no recibi\u00f3 respuesta a la primera carta enviada, comenzaron a construir una vivienda que ser\u00eda ocupada por un matrimonio y sus tres hijos, quienes tendr\u00edan la misi\u00f3n de administrar ese lugar y cuyo jefe de hogar es un m\u00e9dico que hoy trabaja en el Hospital Psiqui\u00e1trico y que se vino desde la ciudad de Los \u00c1ngeles para trabajar junto a la parroquia en este proyecto y que la serran\u00eda les exigi\u00f3 que esta familia saliera en forma inmediata del lugar y paralizaran la construcci\u00f3n de la vivienda. Ante esta situaci\u00f3n, el sacerdote indic\u00f3 que se opuso tenazmente y les dijo que habr\u00eda problemas entre la serran\u00eda y la comunidad cat\u00f3lica, ante lo cual esta \u00faltima entidad les inform\u00f3 que analizar\u00edan la situaci\u00f3n de esta familia y le dar\u00edan una respuesta a la brevedad, lo que hasta el momento no ha ocurrido.<\/p>\n<p>Finalmente, el religioso aclar\u00f3 que el Grupo Arca es un grupo misionero que pertenece a la parroquia con integrantes de la comunidad que han estado desde el a\u00f1o 1994 cooperando con la parroquia y desminti\u00f3 categ\u00f3ricamente que se trate de una agrupaci\u00f3n religiosa externa o de tipo empresarial como la serran\u00eda lo ha querido presentar.<\/p>\n<p>El Padre Ricardo G\u00f3mez dijo que entienden que al ocupar un terreno por m\u00e1s de cinco a\u00f1os, la ley los favorece para poder regularizar la propiedad, pero tambi\u00e9n indic\u00f3 que con mucha humildad llevan 109 a\u00f1os ocupando esa zona, por lo que a lo menos, hist\u00f3rica y religiosamente es un lugar que debe tener los documentos legales que acrediten la propiedad de la Parroquia de Rinconada de Silva y envi\u00f3 un mensaje a la comunidad cat\u00f3lica de Putaendo, se\u00f1alando \u00abquiero hacer un llamado a todos los y las fieles de nuestra comunidad y a la ciudadan\u00eda de Putaendo a tomar cartas en el asunto y a rechazar este abuso de la Serran\u00eda de Rinconada de Silva en contra de nuestra comunidad cat\u00f3lica\u00bb.<\/p>\n<p>&nbsp;<\/p>\n<p><strong>VERSI\u00d3N SERRAN\u00cdA<\/strong><\/p>\n<p>La Presidenta de la Serran\u00eda de Rinconada de Silva, Marta Silva Olgu\u00edn y la Directora de la Comunidad de Serran\u00eda, Mar\u00eda Ester Cortez, aseguraron que la negativa a la petici\u00f3n de regularizaci\u00f3n de los terrenos de la ermita por parte de la parroquia del sector, obedeci\u00f3 a que esta petici\u00f3n favorecer\u00eda a una instituci\u00f3n religiosa externa y no a la parroquia de Rinconada de Silva.<\/p>\n<p>Luego de se\u00f1alarnos que entregar\u00eda una respuesta el d\u00eda lunes, recibimos el llamado de la presidenta de la serran\u00eda para entregar una versi\u00f3n p\u00fablica del hecho, por lo que fuimos recibidos en la sede de la entidad durante la tarde del s\u00e1bado, donde Marta Silva se\u00f1al\u00f3 que lo primero que quieren dejar en claro, es que no hay un conflicto con la parroquia ni con el Padre Ricardo G\u00f3mez, pero que es necesario aclarar que la petici\u00f3n para regularizar los terrenos de la Ermita del Carmen fue pedida a nombre de una entidad llamada Grupo Arca y no por la parroquia de Rinconada de Silva, y que por ese motivo en forma un\u00e1nime, la petici\u00f3n fue rechazada, adem\u00e1s de informar que efectivamente la parroquia comenz\u00f3 a construir una vivienda para un matrimonio de profesionales que no son cuidadores y sin la autorizaci\u00f3n de la serran\u00eda, por lo que indic\u00f3 que pidieron que esa construcci\u00f3n fuera paralizada en forma inmediata.<\/p>\n<p>La dirigente dijo que el 19 de octubre reci\u00e9n pasado, 80 comuneros debatieron y votaron la petici\u00f3n antes nombrada y que ella s\u00f3lo representa el mandato de la asamblea, agregando que desde el a\u00f1o 1942 la parroquia no ha tenido inconvenientes en ocupar el sector de La Ermita, por lo que asegur\u00f3 que hoy este malentendido solo confunde a la opini\u00f3n p\u00fablica que tambi\u00e9n, a su juicio, debe saber los continuos y significativos aportes que la comunidad de serran\u00eda hace a la parroquia, como por ejemplo, que durante la procesi\u00f3n del mes de febrero no se cobra a los fieles que suben a la Ermita de los Ba\u00f1os del Parr\u00f3n.<\/p>\n<p>La Presidenta de la Serran\u00eda de Rinconada de Silva coment\u00f3 que efectivamente siempre han reconocido la historia patrimonial y religiosa de ese sector y que es justamente eso lo que le da el valor a los Ba\u00f1os del Parr\u00f3n y que seguir\u00e1n trabajando en conjunto con la parroquia de Rinconada de Silva.<\/p>\n<p>Al consultarle sobre si no les parece justo que la parroquia de Rinconada de Silva pueda ser la due\u00f1a de un terreno que han ocupado por m\u00e1s de 100 a\u00f1os, Marta Silva dijo que \u00absi lo pide la parroquia podemos sentarnos a conversar, pues siempre hemos tenido la intenci\u00f3n de dialogar\u00bb.<\/p>\n<p>Finalmente, la dirigente hizo un llamado a la comunidad a informarse de mejor manera sobre los antecedentes de este caso, pues asegur\u00f3 que no es oportuno confundir a la opini\u00f3n p\u00fablica en un conflicto, que a su juicio, obedece a un malentendido.<\/p>\n<p>Patricio Gallardo M.<\/p>\n<p>&nbsp;<\/p>\n","protected":false},"excerpt":{"rendered":"<p>PUTAENDO.&#8211; La Parroquia de Rinconada de Silva denunci\u00f3 que la Serran\u00eda del sector no ha querido reconocer la permanencia de la iglesia en la Ermita de los Ba\u00f1os del Parr\u00f3n por m\u00e1s&#8230;<\/p>\n","protected":false},"author":482,"featured_media":40154,"comment_status":"open","ping_status":"closed","sticky":false,"template":"","format":"standard","meta":{"advanced_seo_description":"","jetpack_seo_html_title":"","jetpack_seo_noindex":false,"_jetpack_memberships_contains_paid_content":false,"footnotes":""},"categories":[15],"tags":[],"class_list":["post-40153","post","type-post","status-publish","format-standard","has-post-thumbnail","hentry","category-comunidad"],"jetpack_featured_media_url":"https:\/\/i0.wp.com\/eltrabajo.cl\/portal\/wp-content\/uploads\/2013\/12\/marta-silva-y-mar%C3%ADa-ester-cortez.jpg?fit=529%2C353&ssl=1","jetpack_sharing_enabled":true,"jetpack_likes_enabled":true,"jetpack-related-posts":[],"_links":{"self":[{"href":"https:\/\/eltrabajo.cl\/portal\/wp-json\/wp\/v2\/posts\/40153","targetHints":{"allow":["GET"]}}],"collection":[{"href":"https:\/\/eltrabajo.cl\/portal\/wp-json\/wp\/v2\/posts"}],"about":[{"href":"https:\/\/eltrabajo.cl\/portal\/wp-json\/wp\/v2\/types\/post"}],"author":[{"embeddable":true,"href":"https:\/\/eltrabajo.cl\/portal\/wp-json\/wp\/v2\/users\/482"}],"replies":[{"embeddable":true,"href":"https:\/\/eltrabajo.cl\/portal\/wp-json\/wp\/v2\/comments?post=40153"}],"version-history":[{"count":0,"href":"https:\/\/eltrabajo.cl\/portal\/wp-json\/wp\/v2\/posts\/40153\/revisions"}],"wp:featuredmedia":[{"embeddable":true,"href":"https:\/\/eltrabajo.cl\/portal\/wp-json\/wp\/v2\/media\/40154"}],"wp:attachment":[{"href":"https:\/\/eltrabajo.cl\/portal\/wp-json\/wp\/v2\/media?parent=40153"}],"wp:term":[{"taxonomy":"category","embeddable":true,"href":"https:\/\/eltrabajo.cl\/portal\/wp-json\/wp\/v2\/categories?post=40153"},{"taxonomy":"post_tag","embeddable":true,"href":"https:\/\/eltrabajo.cl\/portal\/wp-json\/wp\/v2\/tags?post=40153"}],"curies":[{"name":"wp","href":"https:\/\/api.w.org\/{rel}","templated":true}]}}