{"id":40158,"date":"2013-12-02T10:03:58","date_gmt":"2013-12-02T13:03:58","guid":{"rendered":"http:\/\/www.eltrabajo.cl\/portal\/?p=40158"},"modified":"2013-12-02T10:03:58","modified_gmt":"2013-12-02T13:03:58","slug":"federacion-trabajadores-del-cobre-y-sindicatos-de-codelco-andina-emplazan-a-candidatas-presidenciales","status":"publish","type":"post","link":"https:\/\/eltrabajo.cl\/portal\/federacion-trabajadores-del-cobre-y-sindicatos-de-codelco-andina-emplazan-a-candidatas-presidenciales\/","title":{"rendered":"Federaci\u00f3n Trabajadores del cobre y Sindicatos de Codelco Andina emplazan a candidatas presidenciales"},"content":{"rendered":"<figure id=\"attachment_40159\" aria-describedby=\"caption-attachment-40159\" style=\"width: 529px\" class=\"wp-caption alignnone\"><a href=\"https:\/\/i0.wp.com\/www.eltrabajo.cl\/portal\/wp-content\/uploads\/2013\/12\/propuestas-mineria1.jpg\"><img data-recalc-dims=\"1\" loading=\"lazy\" decoding=\"async\" class=\"size-full wp-image-40159\" title=\"Se\u00f1alan que la cupr\u00edfera actualmente tiene un endeudamiento de 12.000 millones de d\u00f3lares poniendo en riesgo las utilidades para el pa\u00eds.\" alt=\"Se\u00f1alan que la cupr\u00edfera actualmente tiene un endeudamiento de 12.000 millones de d\u00f3lares poniendo en riesgo las utilidades para el pa\u00eds.\" src=\"https:\/\/i0.wp.com\/www.eltrabajo.cl\/portal\/wp-content\/uploads\/2013\/12\/propuestas-mineria1.jpg?resize=529%2C353\" width=\"529\" height=\"353\" srcset=\"https:\/\/i0.wp.com\/eltrabajo.cl\/portal\/wp-content\/uploads\/2013\/12\/propuestas-mineria1.jpg?w=529&amp;ssl=1 529w, https:\/\/i0.wp.com\/eltrabajo.cl\/portal\/wp-content\/uploads\/2013\/12\/propuestas-mineria1.jpg?resize=200%2C133&amp;ssl=1 200w, https:\/\/i0.wp.com\/eltrabajo.cl\/portal\/wp-content\/uploads\/2013\/12\/propuestas-mineria1.jpg?resize=300%2C200&amp;ssl=1 300w, https:\/\/i0.wp.com\/eltrabajo.cl\/portal\/wp-content\/uploads\/2013\/12\/propuestas-mineria1.jpg?resize=150%2C100&amp;ssl=1 150w, https:\/\/i0.wp.com\/eltrabajo.cl\/portal\/wp-content\/uploads\/2013\/12\/propuestas-mineria1.jpg?resize=400%2C266&amp;ssl=1 400w\" sizes=\"auto, (max-width: 529px) 100vw, 529px\" \/><\/a><figcaption id=\"caption-attachment-40159\" class=\"wp-caption-text\">Se\u00f1alan que la cupr\u00edfera actualmente tiene un endeudamiento de 12.000 millones de d\u00f3lares poniendo en riesgo las utilidades para el pa\u00eds.<\/figcaption><\/figure>\n<p><strong>LOS ANDES.-<\/strong> Los Sindicatos Unificado (SUT) y de Integraci\u00f3n Laboral (SIIL) de Codelco Andina, emplazaron a las dos candidatas presidenciales a que se pronuncien sobre un plan de capitalizaci\u00f3n de la empresa que les permita superar los altos niveles de endeudamiento que hoy presenta la cupr\u00edfera y que pone en riesgo el desarrollo de nuevos proyectos productivos. El Presidente del SILL y Consejero Nacional de la Federaci\u00f3n de Trabajadores del Cobre (FTC), Juan Olgu\u00edn, se\u00f1al\u00f3 que hace unos meses le hicieron llegar al comit\u00e9 asesor de la candidata Michelle Bachelet una propuesta de capitalizaci\u00f3n para Codelco para que asumiera un compromiso concreto de este tema.<\/p>\n<p>El dirigente dijo que la candidata hab\u00eda quedado de reunirse con dirigentes de la FTC en la ciudad de Calama, cita que se cancel\u00f3 y los dej\u00f3 extremadamente preocupados debido a que necesitan el compromiso de quien asuma el gobierno a partir de marzo de 2014, y si es que habr\u00e1 una pol\u00edtica concreta para superar el alto nivel de endeudamiento que presenta la estatal y que hoy llega a los 12.000 millones de d\u00f3lares, poniendo en riesgo las utilidades para el estado.<\/p>\n<p>\u00abLa candidata Bachelet tiene muy claras las cosas y la voluntad de poder llegar a acuerdos, pero si nos deja dudas su equipo asesor que est\u00e1 generando distorsiones a los planteamientos que est\u00e1 solicitando el pa\u00eds\u00bb, expres\u00f3 Olgu\u00edn. Record\u00f3 que el pa\u00eds ya se ha manifestado claramente respecto a que quiere una renacionalizaci\u00f3n de todo el cobre y por ello se hace necesario fortalecer a Codelco, \u00aby para fortalecerla se tienen que invertir sin endeudarla, porque si no se pondr\u00eda en riesgo\u00bb.<\/p>\n<p>El directivo se\u00f1al\u00f3 que est\u00e1n pidiendo un compromiso concreto de Michelle Bachelet para que dentro de los primeros cien d\u00edas de su eventual nuevo gobierno env\u00ede un proyecto al parlamento para capitalizar la cupr\u00edfera, \u00abpero hasta el d\u00eda de hoy no hemos tenido respuesta y lamentamos que se haya suspendido la visita de la ex presidenta a Calama, es una muy mala se\u00f1al que nos genera un estado de alerta desde este momento en cuando a c\u00f3mo va actuar la Nueva Mayor\u00eda respecto a los requerimientos de los trabajadores\u00bb.<\/p>\n<p>Agreg\u00f3 que ninguna de las dos candidatas a Presidente de la Rep\u00fablica se han pronunciado concretamente respecto al tema del cobre y eso los tiene muy preocupados. El dirigente se quej\u00f3 que hoy d\u00eda Codelco est\u00e1 supeditado a las pol\u00edticas de cada gobierno y no de estado, \u00abentonces cada gobierno ve sus intereses por sus cuatro a\u00f1os y no se tiene una definici\u00f3n clara sobre qu\u00e9 lo que se quiere para Codelco en tema de productividad y medioambiente\u00bb.<\/p>\n<p>Juan Olgu\u00edn advirti\u00f3 que Codelco debe aumentar su productividad para poder seguir entregando m\u00e1s recursos al estado y para ello se debe fortalecer la empresa a trav\u00e9s de pol\u00edticas de largo plazo que si bien inicialmente pueden restringir algunos programas sociales, \u00aba largo plazo estos van a ser permanentes\u00bb.<\/p>\n<p>Por ello, el consejero de la FTC advirti\u00f3 que si dentro de los cien primeros d\u00edas del nuevo gobierno no tienen una visi\u00f3n concreta frente a estos temas, \u00abnosotros creemos que es muy factible que generamos una movilizaci\u00f3n nacional en todas las divisiones y no s\u00f3lo de los trabajadores del cobre, sino de otras organizaciones, porque este no es un tema solo de Codelco, sino que un tema pa\u00eds\u00bb.<\/p>\n<p>&nbsp;<\/p>\n","protected":false},"excerpt":{"rendered":"<p>LOS ANDES.- Los Sindicatos Unificado (SUT) y de Integraci\u00f3n Laboral (SIIL) de Codelco Andina, emplazaron a las dos candidatas presidenciales a que se pronuncien sobre un plan de capitalizaci\u00f3n de la empresa&#8230;<\/p>\n","protected":false},"author":482,"featured_media":40159,"comment_status":"open","ping_status":"closed","sticky":false,"template":"","format":"standard","meta":{"advanced_seo_description":"","jetpack_seo_html_title":"","jetpack_seo_noindex":false,"_jetpack_memberships_contains_paid_content":false,"footnotes":""},"categories":[1],"tags":[],"class_list":["post-40158","post","type-post","status-publish","format-standard","has-post-thumbnail","hentry","category-cronica"],"jetpack_featured_media_url":"https:\/\/i0.wp.com\/eltrabajo.cl\/portal\/wp-content\/uploads\/2013\/12\/propuestas-mineria1.jpg?fit=529%2C353&ssl=1","jetpack_sharing_enabled":true,"jetpack_likes_enabled":true,"jetpack-related-posts":[],"_links":{"self":[{"href":"https:\/\/eltrabajo.cl\/portal\/wp-json\/wp\/v2\/posts\/40158","targetHints":{"allow":["GET"]}}],"collection":[{"href":"https:\/\/eltrabajo.cl\/portal\/wp-json\/wp\/v2\/posts"}],"about":[{"href":"https:\/\/eltrabajo.cl\/portal\/wp-json\/wp\/v2\/types\/post"}],"author":[{"embeddable":true,"href":"https:\/\/eltrabajo.cl\/portal\/wp-json\/wp\/v2\/users\/482"}],"replies":[{"embeddable":true,"href":"https:\/\/eltrabajo.cl\/portal\/wp-json\/wp\/v2\/comments?post=40158"}],"version-history":[{"count":0,"href":"https:\/\/eltrabajo.cl\/portal\/wp-json\/wp\/v2\/posts\/40158\/revisions"}],"wp:featuredmedia":[{"embeddable":true,"href":"https:\/\/eltrabajo.cl\/portal\/wp-json\/wp\/v2\/media\/40159"}],"wp:attachment":[{"href":"https:\/\/eltrabajo.cl\/portal\/wp-json\/wp\/v2\/media?parent=40158"}],"wp:term":[{"taxonomy":"category","embeddable":true,"href":"https:\/\/eltrabajo.cl\/portal\/wp-json\/wp\/v2\/categories?post=40158"},{"taxonomy":"post_tag","embeddable":true,"href":"https:\/\/eltrabajo.cl\/portal\/wp-json\/wp\/v2\/tags?post=40158"}],"curies":[{"name":"wp","href":"https:\/\/api.w.org\/{rel}","templated":true}]}}