{"id":40161,"date":"2013-12-02T10:06:38","date_gmt":"2013-12-02T13:06:38","guid":{"rendered":"http:\/\/www.eltrabajo.cl\/portal\/?p=40161"},"modified":"2013-12-02T10:06:38","modified_gmt":"2013-12-02T13:06:38","slug":"recuperacion-de-iglesia-santa-filomena-potenciaria-circuito-religioso-y-civico-en-aconcagua","status":"publish","type":"post","link":"https:\/\/eltrabajo.cl\/portal\/recuperacion-de-iglesia-santa-filomena-potenciaria-circuito-religioso-y-civico-en-aconcagua\/","title":{"rendered":"Recuperaci\u00f3n de iglesia Santa Filomena potenciar\u00eda Circuito religioso y c\u00edvico en Aconcagua"},"content":{"rendered":"<figure id=\"attachment_40162\" aria-describedby=\"caption-attachment-40162\" style=\"width: 529px\" class=\"wp-caption alignnone\"><a href=\"https:\/\/i0.wp.com\/www.eltrabajo.cl\/portal\/wp-content\/uploads\/2013\/12\/filomena1.jpg\"><img data-recalc-dims=\"1\" loading=\"lazy\" decoding=\"async\" class=\"size-full wp-image-40162\" title=\"DE VISITA.- Las autoridades regionales siguen muy atentas al desarrollo de las obras de reconstrucci\u00f3n de la iglesia en Santa Filomena.\" alt=\"DE VISITA.- Las autoridades regionales siguen muy atentas al desarrollo de las obras de reconstrucci\u00f3n de la iglesia en Santa Filomena.\" src=\"https:\/\/i0.wp.com\/www.eltrabajo.cl\/portal\/wp-content\/uploads\/2013\/12\/filomena1.jpg?resize=529%2C313\" width=\"529\" height=\"313\" srcset=\"https:\/\/i0.wp.com\/eltrabajo.cl\/portal\/wp-content\/uploads\/2013\/12\/filomena1.jpg?w=529&amp;ssl=1 529w, https:\/\/i0.wp.com\/eltrabajo.cl\/portal\/wp-content\/uploads\/2013\/12\/filomena1.jpg?resize=200%2C118&amp;ssl=1 200w, https:\/\/i0.wp.com\/eltrabajo.cl\/portal\/wp-content\/uploads\/2013\/12\/filomena1.jpg?resize=300%2C177&amp;ssl=1 300w, https:\/\/i0.wp.com\/eltrabajo.cl\/portal\/wp-content\/uploads\/2013\/12\/filomena1.jpg?resize=150%2C88&amp;ssl=1 150w, https:\/\/i0.wp.com\/eltrabajo.cl\/portal\/wp-content\/uploads\/2013\/12\/filomena1.jpg?resize=400%2C236&amp;ssl=1 400w\" sizes=\"auto, (max-width: 529px) 100vw, 529px\" \/><\/a><figcaption id=\"caption-attachment-40162\" class=\"wp-caption-text\">DE VISITA.- Las autoridades regionales siguen muy atentas al desarrollo de las obras de reconstrucci\u00f3n de la iglesia en Santa Filomena.<\/figcaption><\/figure>\n<p><strong>SANTA MARIA<\/strong>.- La recuperaci\u00f3n de la Iglesia Santa Filomena, monumento nacional, se convertir\u00e1 en un importante aporte para impulsar la creaci\u00f3n de un circuito religioso y c\u00edvico del Valle de Aconcagua, con importantes beneficios tur\u00edsticos para las provincias de San Felipe y Los Andes. Esta afirmaci\u00f3n la hizo el Intendente Regional Ra\u00fal Celis, quien visit\u00f3 las obras de restauraci\u00f3n de esta iglesia junto al sal\u00f3n contiguo y el parque de los olivos, cuyas obras estar\u00e1n terminadas en marzo pr\u00f3ximo, las que a la fecha registran un avance del 85%.<\/p>\n<figure id=\"attachment_40163\" aria-describedby=\"caption-attachment-40163\" style=\"width: 423px\" class=\"wp-caption alignright\"><a href=\"https:\/\/i0.wp.com\/www.eltrabajo.cl\/portal\/wp-content\/uploads\/2013\/12\/filomena2.jpg\"><img data-recalc-dims=\"1\" loading=\"lazy\" decoding=\"async\" class=\" wp-image-40163 \" title=\"CASI LISTAS.- Las obras de restauraci\u00f3n de esta iglesia junto al sal\u00f3n contiguo y el parque de los olivos, cuyas obras estar\u00e1n terminadas en marzo pr\u00f3ximo.\" alt=\"CASI LISTAS.- Las obras de restauraci\u00f3n de esta iglesia junto al sal\u00f3n contiguo y el parque de los olivos, cuyas obras estar\u00e1n terminadas en marzo pr\u00f3ximo.\" src=\"https:\/\/i0.wp.com\/www.eltrabajo.cl\/portal\/wp-content\/uploads\/2013\/12\/filomena2.jpg?resize=423%2C282\" width=\"423\" height=\"282\" srcset=\"https:\/\/i0.wp.com\/eltrabajo.cl\/portal\/wp-content\/uploads\/2013\/12\/filomena2.jpg?w=529&amp;ssl=1 529w, https:\/\/i0.wp.com\/eltrabajo.cl\/portal\/wp-content\/uploads\/2013\/12\/filomena2.jpg?resize=200%2C133&amp;ssl=1 200w, https:\/\/i0.wp.com\/eltrabajo.cl\/portal\/wp-content\/uploads\/2013\/12\/filomena2.jpg?resize=300%2C200&amp;ssl=1 300w, https:\/\/i0.wp.com\/eltrabajo.cl\/portal\/wp-content\/uploads\/2013\/12\/filomena2.jpg?resize=150%2C100&amp;ssl=1 150w, https:\/\/i0.wp.com\/eltrabajo.cl\/portal\/wp-content\/uploads\/2013\/12\/filomena2.jpg?resize=400%2C266&amp;ssl=1 400w\" sizes=\"auto, (max-width: 423px) 100vw, 423px\" \/><\/a><figcaption id=\"caption-attachment-40163\" class=\"wp-caption-text\">CASI LISTAS.- Las obras de restauraci\u00f3n de esta iglesia junto al sal\u00f3n contiguo y el parque de los olivos, cuyas obras estar\u00e1n terminadas en marzo pr\u00f3ximo.<\/figcaption><\/figure>\n<p>La autoridad dijo tener un especial aprecio por este santuario de la comuna de San Mar\u00eda, que est\u00e1 siendo recuperado para la comuna a trav\u00e9s del Programa Puesta en Valor del Patrimonio que asign\u00f3 1.200 millones de pesos. Lo m\u00e1s valioso \u2013agreg\u00f3 el intendente- es que este templo, que estuvo cerrado a partir del terremoto pasado, se recuperar\u00e1 para revivir la fiesta religiosa de Santa Filomena, que tiene lugar el segundo domingo de noviembre de cada a\u00f1o, con la importante peregrinaci\u00f3n de feligreses y visitantes de distintas partes del pa\u00eds.<\/p>\n<p>El intendente pretende con la reapertura de este santuario, que se cree en el futuro un circuito religioso y c\u00edvico, en el que pueden estar integrados otros templos del Valle del Aconcagua y edificios p\u00fablicos, muchos de los cuales se han recuperado a trav\u00e9s del Programa Puesta en Valor del Patrimonio, entre los cuales figuran la Iglesia San Antonio de Padua, la Gobernaci\u00f3n de Los Andes y la Casa Museo Pedro Aguirre Cerda.<\/p>\n<p>En este recorrido la m\u00e1xima autoridad religiosa estuvo acompa\u00f1ado del alcalde de la comuna Claudio Zurita y del Padre Richard Mu\u00f1oz, quienes expresaron, que la comunidad est\u00e1 muy ansiosa en la pronta reapertura de este santuario, para revivir las ceremonias religiosas y la fiesta de Santa Filomena, y tambi\u00e9n concordaron con el intendente Celis en crear un circuito religioso en todo el valle Aconcagua, porque potenciar\u00e1 el turismo en la zona.<\/p>\n<p>&nbsp;<\/p>\n","protected":false},"excerpt":{"rendered":"<p>SANTA MARIA.- La recuperaci\u00f3n de la Iglesia Santa Filomena, monumento nacional, se convertir\u00e1 en un importante aporte para impulsar la creaci\u00f3n de un circuito religioso y c\u00edvico del Valle de Aconcagua, con&#8230;<\/p>\n","protected":false},"author":482,"featured_media":40162,"comment_status":"open","ping_status":"closed","sticky":false,"template":"","format":"standard","meta":{"advanced_seo_description":"","jetpack_seo_html_title":"","jetpack_seo_noindex":false,"_jetpack_memberships_contains_paid_content":false,"footnotes":""},"categories":[1],"tags":[],"class_list":["post-40161","post","type-post","status-publish","format-standard","has-post-thumbnail","hentry","category-cronica"],"jetpack_featured_media_url":"https:\/\/i0.wp.com\/eltrabajo.cl\/portal\/wp-content\/uploads\/2013\/12\/filomena1.jpg?fit=529%2C313&ssl=1","jetpack_sharing_enabled":true,"jetpack_likes_enabled":true,"jetpack-related-posts":[],"_links":{"self":[{"href":"https:\/\/eltrabajo.cl\/portal\/wp-json\/wp\/v2\/posts\/40161","targetHints":{"allow":["GET"]}}],"collection":[{"href":"https:\/\/eltrabajo.cl\/portal\/wp-json\/wp\/v2\/posts"}],"about":[{"href":"https:\/\/eltrabajo.cl\/portal\/wp-json\/wp\/v2\/types\/post"}],"author":[{"embeddable":true,"href":"https:\/\/eltrabajo.cl\/portal\/wp-json\/wp\/v2\/users\/482"}],"replies":[{"embeddable":true,"href":"https:\/\/eltrabajo.cl\/portal\/wp-json\/wp\/v2\/comments?post=40161"}],"version-history":[{"count":0,"href":"https:\/\/eltrabajo.cl\/portal\/wp-json\/wp\/v2\/posts\/40161\/revisions"}],"wp:featuredmedia":[{"embeddable":true,"href":"https:\/\/eltrabajo.cl\/portal\/wp-json\/wp\/v2\/media\/40162"}],"wp:attachment":[{"href":"https:\/\/eltrabajo.cl\/portal\/wp-json\/wp\/v2\/media?parent=40161"}],"wp:term":[{"taxonomy":"category","embeddable":true,"href":"https:\/\/eltrabajo.cl\/portal\/wp-json\/wp\/v2\/categories?post=40161"},{"taxonomy":"post_tag","embeddable":true,"href":"https:\/\/eltrabajo.cl\/portal\/wp-json\/wp\/v2\/tags?post=40161"}],"curies":[{"name":"wp","href":"https:\/\/api.w.org\/{rel}","templated":true}]}}