{"id":40166,"date":"2013-12-02T10:08:31","date_gmt":"2013-12-02T13:08:31","guid":{"rendered":"http:\/\/www.eltrabajo.cl\/portal\/?p=40166"},"modified":"2013-12-02T10:08:31","modified_gmt":"2013-12-02T13:08:31","slug":"hoy-parte-proceso-de-postulacion-a-becas-presidente-de-la-republica-e-indigena","status":"publish","type":"post","link":"https:\/\/eltrabajo.cl\/portal\/hoy-parte-proceso-de-postulacion-a-becas-presidente-de-la-republica-e-indigena\/","title":{"rendered":"Hoy parte proceso de postulaci\u00f3n a becas Presidente de la Rep\u00fablica e Ind\u00edgena"},"content":{"rendered":"<figure id=\"attachment_40167\" aria-describedby=\"caption-attachment-40167\" style=\"width: 317px\" class=\"wp-caption alignleft\"><a href=\"https:\/\/i0.wp.com\/www.eltrabajo.cl\/portal\/wp-content\/uploads\/2013\/12\/marisel-maldonado.jpg\"><img data-recalc-dims=\"1\" loading=\"lazy\" decoding=\"async\" class=\" wp-image-40167 \" title=\"Marisel Maldonado llam\u00f3 a los estudiantes a postular a las Becas Ind\u00edgena o Presidente de la Rep\u00fablica.\" alt=\"Marisel Maldonado llam\u00f3 a los estudiantes a postular a las Becas Ind\u00edgena o Presidente de la Rep\u00fablica.\" src=\"https:\/\/i0.wp.com\/www.eltrabajo.cl\/portal\/wp-content\/uploads\/2013\/12\/marisel-maldonado.jpg?resize=317%2C334\" width=\"317\" height=\"334\" srcset=\"https:\/\/i0.wp.com\/eltrabajo.cl\/portal\/wp-content\/uploads\/2013\/12\/marisel-maldonado.jpg?w=529&amp;ssl=1 529w, https:\/\/i0.wp.com\/eltrabajo.cl\/portal\/wp-content\/uploads\/2013\/12\/marisel-maldonado.jpg?resize=142%2C150&amp;ssl=1 142w, https:\/\/i0.wp.com\/eltrabajo.cl\/portal\/wp-content\/uploads\/2013\/12\/marisel-maldonado.jpg?resize=285%2C300&amp;ssl=1 285w, https:\/\/i0.wp.com\/eltrabajo.cl\/portal\/wp-content\/uploads\/2013\/12\/marisel-maldonado.jpg?resize=400%2C420&amp;ssl=1 400w\" sizes=\"auto, (max-width: 317px) 100vw, 317px\" \/><\/a><figcaption id=\"caption-attachment-40167\" class=\"wp-caption-text\">Marisel Maldonado llam\u00f3 a los estudiantes a postular a las Becas Ind\u00edgena o Presidente de la Rep\u00fablica.<\/figcaption><\/figure>\n<p>La Asistente Social de la Direcci\u00f3n de Desarrollo Comunitario de San Felipe, Marisel Maldonado, inform\u00f3 que hoy lunes se inicia el proceso de postulaci\u00f3n a las becas estudiantiles Presidente de la Rep\u00fablica e Ind\u00edgena, que consideran la entrega mensual de un aporte en dinero a los beneficiados. La profesional, quien asisti\u00f3 a una jornada de capacitaci\u00f3n sobre el tema, se\u00f1al\u00f3 que en esta primera etapa se espera la postulaci\u00f3n y renovaci\u00f3n de la Beca Presidente de la Rep\u00fablica de los estudiantes de ense\u00f1anza b\u00e1sica y media, esperando culminar los primeros d\u00edas de enero, para luego continuar con los alumnos de educaci\u00f3n superior, en un proceso que deber\u00eda finalizar en febrero, ya que se debe esperar los resultados de la rendici\u00f3n de la PSU, postulaciones y matr\u00edculas.<\/p>\n<p>La municipalidad ya inici\u00f3 el proceso de difusi\u00f3n en los establecimientos educacionales, en tanto que a partir de hoy lunes tienen a disposici\u00f3n una ficha que el alumno y su apoderado puede ir a retirar a la Dideco, para posteriormente volver con la documentaci\u00f3n completa requerida, ya sea para postular o renovar la beca. Como requisitos para postular, estos dicen relaci\u00f3n con la parte acad\u00e9mica y con la situaci\u00f3n de vulnerabilidad del alumno. \u00abEn lo acad\u00e9mico, el postulante debe tener promedio sobre 6,0 para postular o renovar su beca durante la ense\u00f1anza b\u00e1sica; mientras que en la educaci\u00f3n superior la nota parte del 5,0; asimismo, en la parte social, una situaci\u00f3n socioecon\u00f3mica que acredite la necesidad de contar con este beneficio\u00bb, explic\u00f3 Marisel Maldonado.<\/p>\n<p>La Beca Presidente de la Rep\u00fablica consiste en un aporte econ\u00f3mico que se entrega de manera mensual, lo mismo sucede con la Beca Ind\u00edgena. El a\u00f1o pasado se entregaron becas a m\u00e1s de 100 estudiantes, lo que representa un aumento considerando que en 2011 s\u00f3lo se entregaron poco m\u00e1s de 60 becas.<\/p>\n<p>Maldonado manifest\u00f3 que no hay cupos fijos como comuna para entregar este beneficio, ya que si el alumno cumple con los requisitos exigidos, acceder\u00e1 a la beca correspondiente.<\/p>\n","protected":false},"excerpt":{"rendered":"<p>La Asistente Social de la Direcci\u00f3n de Desarrollo Comunitario de San Felipe, Marisel Maldonado, inform\u00f3 que hoy lunes se inicia el proceso de postulaci\u00f3n a las becas estudiantiles Presidente de la Rep\u00fablica&#8230;<\/p>\n","protected":false},"author":482,"featured_media":40167,"comment_status":"open","ping_status":"closed","sticky":false,"template":"","format":"standard","meta":{"advanced_seo_description":"","jetpack_seo_html_title":"","jetpack_seo_noindex":false,"_jetpack_memberships_contains_paid_content":false,"footnotes":""},"categories":[1],"tags":[],"class_list":["post-40166","post","type-post","status-publish","format-standard","has-post-thumbnail","hentry","category-cronica"],"jetpack_featured_media_url":"https:\/\/i0.wp.com\/eltrabajo.cl\/portal\/wp-content\/uploads\/2013\/12\/marisel-maldonado.jpg?fit=529%2C556&ssl=1","jetpack_sharing_enabled":true,"jetpack_likes_enabled":true,"jetpack-related-posts":[],"_links":{"self":[{"href":"https:\/\/eltrabajo.cl\/portal\/wp-json\/wp\/v2\/posts\/40166","targetHints":{"allow":["GET"]}}],"collection":[{"href":"https:\/\/eltrabajo.cl\/portal\/wp-json\/wp\/v2\/posts"}],"about":[{"href":"https:\/\/eltrabajo.cl\/portal\/wp-json\/wp\/v2\/types\/post"}],"author":[{"embeddable":true,"href":"https:\/\/eltrabajo.cl\/portal\/wp-json\/wp\/v2\/users\/482"}],"replies":[{"embeddable":true,"href":"https:\/\/eltrabajo.cl\/portal\/wp-json\/wp\/v2\/comments?post=40166"}],"version-history":[{"count":0,"href":"https:\/\/eltrabajo.cl\/portal\/wp-json\/wp\/v2\/posts\/40166\/revisions"}],"wp:featuredmedia":[{"embeddable":true,"href":"https:\/\/eltrabajo.cl\/portal\/wp-json\/wp\/v2\/media\/40167"}],"wp:attachment":[{"href":"https:\/\/eltrabajo.cl\/portal\/wp-json\/wp\/v2\/media?parent=40166"}],"wp:term":[{"taxonomy":"category","embeddable":true,"href":"https:\/\/eltrabajo.cl\/portal\/wp-json\/wp\/v2\/categories?post=40166"},{"taxonomy":"post_tag","embeddable":true,"href":"https:\/\/eltrabajo.cl\/portal\/wp-json\/wp\/v2\/tags?post=40166"}],"curies":[{"name":"wp","href":"https:\/\/api.w.org\/{rel}","templated":true}]}}