{"id":40180,"date":"2013-12-03T09:21:47","date_gmt":"2013-12-03T12:21:47","guid":{"rendered":"http:\/\/www.eltrabajo.cl\/portal\/?p=40180"},"modified":"2013-12-03T09:21:47","modified_gmt":"2013-12-03T12:21:47","slug":"establecimientos-municipales-se-preparan-para-nuevo-proceso-de-matriculas","status":"publish","type":"post","link":"https:\/\/eltrabajo.cl\/portal\/establecimientos-municipales-se-preparan-para-nuevo-proceso-de-matriculas\/","title":{"rendered":"Establecimientos municipales se preparan para nuevo proceso de matr\u00edculas"},"content":{"rendered":"<figure id=\"attachment_40181\" aria-describedby=\"caption-attachment-40181\" style=\"width: 529px\" class=\"wp-caption alignnone\"><a href=\"https:\/\/i0.wp.com\/www.eltrabajo.cl\/portal\/wp-content\/uploads\/2013\/12\/matriculas-daem-2.jpg\"><img data-recalc-dims=\"1\" loading=\"lazy\" decoding=\"async\" class=\"size-full wp-image-40181\" title=\"Los establecimientos educacionales estar\u00e1n durante diciembre enfocados en la matr\u00edcula de sus alumnos.\" alt=\"Los establecimientos educacionales estar\u00e1n durante diciembre enfocados en la matr\u00edcula de sus alumnos.\" src=\"https:\/\/i0.wp.com\/www.eltrabajo.cl\/portal\/wp-content\/uploads\/2013\/12\/matriculas-daem-2.jpg?resize=529%2C397\" width=\"529\" height=\"397\" srcset=\"https:\/\/i0.wp.com\/eltrabajo.cl\/portal\/wp-content\/uploads\/2013\/12\/matriculas-daem-2.jpg?w=529&amp;ssl=1 529w, https:\/\/i0.wp.com\/eltrabajo.cl\/portal\/wp-content\/uploads\/2013\/12\/matriculas-daem-2.jpg?resize=200%2C150&amp;ssl=1 200w, https:\/\/i0.wp.com\/eltrabajo.cl\/portal\/wp-content\/uploads\/2013\/12\/matriculas-daem-2.jpg?resize=300%2C225&amp;ssl=1 300w, https:\/\/i0.wp.com\/eltrabajo.cl\/portal\/wp-content\/uploads\/2013\/12\/matriculas-daem-2.jpg?resize=150%2C112&amp;ssl=1 150w, https:\/\/i0.wp.com\/eltrabajo.cl\/portal\/wp-content\/uploads\/2013\/12\/matriculas-daem-2.jpg?resize=400%2C300&amp;ssl=1 400w\" sizes=\"auto, (max-width: 529px) 100vw, 529px\" \/><\/a><figcaption id=\"caption-attachment-40181\" class=\"wp-caption-text\">Los establecimientos educacionales estar\u00e1n durante diciembre enfocados en la matr\u00edcula de sus alumnos.<\/figcaption><\/figure>\n<p>Durante todo el mes de diciembre, los establecimientos educacionales y jardines municipalizados comenzar\u00e1n con su periodo de matr\u00edculas para el a\u00f1o 2014, enfocados en destacar las ventajas que significa ingresar al sistema municipalizado, entre los que figuran el Programa PIE (Plan de Integraci\u00f3n Escolar) y que significa un gran apoyo en el trabajo con alumnos y alumnas con alg\u00fan grado de dificultad en el aprendizaje, pues viene acompa\u00f1ado de un profundo trabajo de varios profesionales tales como fonoaudi\u00f3logos, psic\u00f3logos, entre otros, para lograr un desarrollo equitativo de los educandos al interior de la sala de clases.<\/p>\n<figure id=\"attachment_40182\" aria-describedby=\"caption-attachment-40182\" style=\"width: 423px\" class=\"wp-caption alignright\"><a href=\"https:\/\/i0.wp.com\/www.eltrabajo.cl\/portal\/wp-content\/uploads\/2013\/12\/matriculas-daem-1.jpg\"><img data-recalc-dims=\"1\" loading=\"lazy\" decoding=\"async\" class=\" wp-image-40182 \" title=\"Los jardines municipalizados tambi\u00e9n estar\u00e1n durante diciembre enfocados en la matr\u00edcula de sus alumnos.\" alt=\"Los jardines municipalizados tambi\u00e9n estar\u00e1n durante diciembre enfocados en la matr\u00edcula de sus alumnos.\" src=\"https:\/\/i0.wp.com\/www.eltrabajo.cl\/portal\/wp-content\/uploads\/2013\/12\/matriculas-daem-1.jpg?resize=423%2C318\" width=\"423\" height=\"318\" srcset=\"https:\/\/i0.wp.com\/eltrabajo.cl\/portal\/wp-content\/uploads\/2013\/12\/matriculas-daem-1.jpg?w=529&amp;ssl=1 529w, https:\/\/i0.wp.com\/eltrabajo.cl\/portal\/wp-content\/uploads\/2013\/12\/matriculas-daem-1.jpg?resize=200%2C150&amp;ssl=1 200w, https:\/\/i0.wp.com\/eltrabajo.cl\/portal\/wp-content\/uploads\/2013\/12\/matriculas-daem-1.jpg?resize=300%2C225&amp;ssl=1 300w, https:\/\/i0.wp.com\/eltrabajo.cl\/portal\/wp-content\/uploads\/2013\/12\/matriculas-daem-1.jpg?resize=150%2C112&amp;ssl=1 150w, https:\/\/i0.wp.com\/eltrabajo.cl\/portal\/wp-content\/uploads\/2013\/12\/matriculas-daem-1.jpg?resize=400%2C300&amp;ssl=1 400w\" sizes=\"auto, (max-width: 423px) 100vw, 423px\" \/><\/a><figcaption id=\"caption-attachment-40182\" class=\"wp-caption-text\">Los jardines municipalizados tambi\u00e9n estar\u00e1n durante diciembre enfocados en la matr\u00edcula de sus alumnos.<\/figcaption><\/figure>\n<p>Otra \u00e1rea de suma importancia es la que se desarrolla por un destacado equipo de profesionales de la DAEM, y que es conocido como el programa \u2018Habilidades para la vida\u2019, que est\u00e1 orientado a la atenci\u00f3n del primer y segundo nivel de transici\u00f3n de la educaci\u00f3n parvularia, as\u00ed como tambi\u00e9n a escolares del primer ciclo b\u00e1sico y que abarca de primero a cuarto a\u00f1o. La finalidad de este programa es disminuir los da\u00f1os de la salud mental, a trav\u00e9s de intervenciones tempranas en cada uno de los casos que se registren en este periodo, buscando as\u00ed elevar el bienestar, competencias y habilidades personales de ni\u00f1os y ni\u00f1as, a fin de contribuir de manera directa en el \u00e9xito del desempe\u00f1o escolar, elevando los niveles de aprendizaje, evitando eficazmente de esta manera, la repitencia y la deserci\u00f3n escolar.<\/p>\n<p>Adem\u00e1s se debe destacar el trabajo para desarrollar las habilidades deportivas, el que considera las horas necesarias para que los estudiantes complementen de manera arm\u00f3nica el estudio con las actividades f\u00edsicas, permitiendo una eficaz complementaci\u00f3n entre el estudio y el deporte.<\/p>\n<p>A lo anterior debemos se\u00f1alar que los establecimientos educacionales y jardines municipalizados, desarrollan durante todo el a\u00f1o actividades extra program\u00e1ticas tendientes a generar el inter\u00e9s de los alumnos y alumnas por relacionarse con su entorno y con el resto de la sociedad, permitiendo interactuar de manera directa con el medio que les rodea, socializando las labores aprendidas en el aula.<\/p>\n<p>Es por esto, y por muchas otras razones, que la Municipalidad de San Felipe y la Direcci\u00f3n de Administraci\u00f3n de Educaci\u00f3n Municipal (DAEM) realizan un llamado a la comunidad a ser parte del sistema educacional municipalizado, invit\u00e1ndoles a informarse a trav\u00e9s de la p\u00e1gina de Internet daemsanfelipe.cl, o en cada uno de los establecimientos educacionales y jardines de la comuna.<\/p>\n<p>&nbsp;<\/p>\n","protected":false},"excerpt":{"rendered":"<p>Durante todo el mes de diciembre, los establecimientos educacionales y jardines municipalizados comenzar\u00e1n con su periodo de matr\u00edculas para el a\u00f1o 2014, enfocados en destacar las ventajas que significa ingresar al sistema&#8230;<\/p>\n","protected":false},"author":482,"featured_media":40181,"comment_status":"open","ping_status":"closed","sticky":false,"template":"","format":"standard","meta":{"advanced_seo_description":"","jetpack_seo_html_title":"","jetpack_seo_noindex":false,"_jetpack_memberships_contains_paid_content":false,"footnotes":""},"categories":[15],"tags":[],"class_list":["post-40180","post","type-post","status-publish","format-standard","has-post-thumbnail","hentry","category-comunidad"],"jetpack_featured_media_url":"https:\/\/i0.wp.com\/eltrabajo.cl\/portal\/wp-content\/uploads\/2013\/12\/matriculas-daem-2.jpg?fit=529%2C397&ssl=1","jetpack_sharing_enabled":true,"jetpack_likes_enabled":true,"jetpack-related-posts":[],"_links":{"self":[{"href":"https:\/\/eltrabajo.cl\/portal\/wp-json\/wp\/v2\/posts\/40180","targetHints":{"allow":["GET"]}}],"collection":[{"href":"https:\/\/eltrabajo.cl\/portal\/wp-json\/wp\/v2\/posts"}],"about":[{"href":"https:\/\/eltrabajo.cl\/portal\/wp-json\/wp\/v2\/types\/post"}],"author":[{"embeddable":true,"href":"https:\/\/eltrabajo.cl\/portal\/wp-json\/wp\/v2\/users\/482"}],"replies":[{"embeddable":true,"href":"https:\/\/eltrabajo.cl\/portal\/wp-json\/wp\/v2\/comments?post=40180"}],"version-history":[{"count":0,"href":"https:\/\/eltrabajo.cl\/portal\/wp-json\/wp\/v2\/posts\/40180\/revisions"}],"wp:featuredmedia":[{"embeddable":true,"href":"https:\/\/eltrabajo.cl\/portal\/wp-json\/wp\/v2\/media\/40181"}],"wp:attachment":[{"href":"https:\/\/eltrabajo.cl\/portal\/wp-json\/wp\/v2\/media?parent=40180"}],"wp:term":[{"taxonomy":"category","embeddable":true,"href":"https:\/\/eltrabajo.cl\/portal\/wp-json\/wp\/v2\/categories?post=40180"},{"taxonomy":"post_tag","embeddable":true,"href":"https:\/\/eltrabajo.cl\/portal\/wp-json\/wp\/v2\/tags?post=40180"}],"curies":[{"name":"wp","href":"https:\/\/api.w.org\/{rel}","templated":true}]}}