{"id":40195,"date":"2013-12-03T09:31:33","date_gmt":"2013-12-03T12:31:33","guid":{"rendered":"http:\/\/www.eltrabajo.cl\/portal\/?p=40195"},"modified":"2013-12-03T09:31:33","modified_gmt":"2013-12-03T12:31:33","slug":"vecinos-vuelven-a-tomarse-calle-chacay-exigiendo-mas-medidas-de-seguridad","status":"publish","type":"post","link":"https:\/\/eltrabajo.cl\/portal\/vecinos-vuelven-a-tomarse-calle-chacay-exigiendo-mas-medidas-de-seguridad\/","title":{"rendered":"Vecinos vuelven a tomarse Calle Chacay exigiendo m\u00e1s medidas de seguridad"},"content":{"rendered":"<figure id=\"attachment_40197\" aria-describedby=\"caption-attachment-40197\" style=\"width: 529px\" class=\"wp-caption alignnone\"><a href=\"https:\/\/i0.wp.com\/www.eltrabajo.cl\/portal\/wp-content\/uploads\/2013\/12\/chacay-dos3.jpg\"><img data-recalc-dims=\"1\" loading=\"lazy\" decoding=\"async\" class=\"size-full wp-image-40197\" title=\"Los vecinos volvieron a manifestarse, tom\u00e1ndose la calle y cortando el tr\u00e1nsito.\" alt=\"Los vecinos volvieron a manifestarse, tom\u00e1ndose la calle y cortando el tr\u00e1nsito.\" src=\"https:\/\/i0.wp.com\/www.eltrabajo.cl\/portal\/wp-content\/uploads\/2013\/12\/chacay-dos3.jpg?resize=529%2C242\" width=\"529\" height=\"242\" srcset=\"https:\/\/i0.wp.com\/eltrabajo.cl\/portal\/wp-content\/uploads\/2013\/12\/chacay-dos3.jpg?w=529&amp;ssl=1 529w, https:\/\/i0.wp.com\/eltrabajo.cl\/portal\/wp-content\/uploads\/2013\/12\/chacay-dos3.jpg?resize=200%2C91&amp;ssl=1 200w, https:\/\/i0.wp.com\/eltrabajo.cl\/portal\/wp-content\/uploads\/2013\/12\/chacay-dos3.jpg?resize=300%2C137&amp;ssl=1 300w, https:\/\/i0.wp.com\/eltrabajo.cl\/portal\/wp-content\/uploads\/2013\/12\/chacay-dos3.jpg?resize=150%2C68&amp;ssl=1 150w, https:\/\/i0.wp.com\/eltrabajo.cl\/portal\/wp-content\/uploads\/2013\/12\/chacay-dos3.jpg?resize=400%2C182&amp;ssl=1 400w\" sizes=\"auto, (max-width: 529px) 100vw, 529px\" \/><\/a><figcaption id=\"caption-attachment-40197\" class=\"wp-caption-text\">Los vecinos volvieron a manifestarse, tom\u00e1ndose la calle y cortando el tr\u00e1nsito.<\/figcaption><\/figure>\n<ul>\n<li><strong>Si bien obtuvieron el compromiso del municipio, quieren que la gobernaci\u00f3n tambi\u00e9n se haga cargo del problema.<\/strong><\/li>\n<\/ul>\n<p><strong>LOS ANDES.<\/strong>&#8211; Por segunda vez los vecinos de la poblaci\u00f3n Degania bloquearon la ma\u00f1ana de este lunes la intersecci\u00f3n de Calle Chacay con Arturo Prat, exigiendo la instalaci\u00f3n de un sem\u00e1foro y mayores medidas de seguridad para los peatones.<\/p>\n<figure id=\"attachment_40198\" aria-describedby=\"caption-attachment-40198\" style=\"width: 475px\" class=\"wp-caption alignright\"><a href=\"https:\/\/i0.wp.com\/www.eltrabajo.cl\/portal\/wp-content\/uploads\/2013\/12\/chacay-dos6.jpg\"><img data-recalc-dims=\"1\" loading=\"lazy\" decoding=\"async\" class=\" wp-image-40198 \" title=\"En definitiva lo que se pretende es la instalaci\u00f3n de un sem\u00e1foro y mayores medidas de seguridad para los peatones.\" alt=\"En definitiva lo que se pretende es la instalaci\u00f3n de un sem\u00e1foro y mayores medidas de seguridad para los peatones.\" src=\"https:\/\/i0.wp.com\/www.eltrabajo.cl\/portal\/wp-content\/uploads\/2013\/12\/chacay-dos6.jpg?resize=475%2C295\" width=\"475\" height=\"295\" srcset=\"https:\/\/i0.wp.com\/eltrabajo.cl\/portal\/wp-content\/uploads\/2013\/12\/chacay-dos6.jpg?w=528&amp;ssl=1 528w, https:\/\/i0.wp.com\/eltrabajo.cl\/portal\/wp-content\/uploads\/2013\/12\/chacay-dos6.jpg?resize=200%2C124&amp;ssl=1 200w, https:\/\/i0.wp.com\/eltrabajo.cl\/portal\/wp-content\/uploads\/2013\/12\/chacay-dos6.jpg?resize=300%2C186&amp;ssl=1 300w, https:\/\/i0.wp.com\/eltrabajo.cl\/portal\/wp-content\/uploads\/2013\/12\/chacay-dos6.jpg?resize=150%2C93&amp;ssl=1 150w, https:\/\/i0.wp.com\/eltrabajo.cl\/portal\/wp-content\/uploads\/2013\/12\/chacay-dos6.jpg?resize=400%2C248&amp;ssl=1 400w\" sizes=\"auto, (max-width: 475px) 100vw, 475px\" \/><\/a><figcaption id=\"caption-attachment-40198\" class=\"wp-caption-text\">En definitiva lo que se pretende es la instalaci\u00f3n de un sem\u00e1foro y mayores medidas de seguridad para los peatones.<\/figcaption><\/figure>\n<p>Cerca de 50 vecinos se apostaron en esa esquina impidiendo por casi media hora la circulaci\u00f3n de veh\u00edculos y mostrando pancartas exigiendo ser escuchados por las autoridades.<\/p>\n<p>El Presidente de la Junta de Vecinos 18 de Septiembre, a la cual corresponde la poblaci\u00f3n Degania, Francisco Vargas Vega, se\u00f1al\u00f3 que tras la primera protesta consiguieron por parte del municipio un compromiso para pintar pasos de cebra en ese lugar y a la vez habilitar una vereda por el costado de la plazoleta, ya que actualmente los peatones deben bajarse a la calzada si quieren transitar por ese lugar.<\/p>\n<p>Indic\u00f3 que estas medidas ser\u00e1n provisorias mientras el municipio realiza un estudio de factibilidad respecto a la instalaci\u00f3n de un sem\u00e1foro que brinde mayor seguridad en esa esquina.<\/p>\n<p>El dirigente afirm\u00f3 que la municipalidad deber\u00eda dejar listo estos arreglos de aqu\u00ed al d\u00eda viernes, \u201cpero lo que nosotros queremos tambi\u00e9n es que la gobernadora intervenga y se haga presente en este lugar para que vea los problemas que estamos teniendo\u201d.<\/p>\n<p>Reiter\u00f3 que los vecinos quieren que se instale un sem\u00e1foro en esa esquina, ya que en el \u00faltimo mes se han producido tres accidentes de tr\u00e1nsito.<\/p>\n<p>Respecto a nuevas movilizaciones, dijo que \u00e9stas cesar\u00edan si la municipalidad cumple con el compromiso, \u201cpero estamos seguros que lo va a hacer, pero nosotros queremos que la gobernadora se haga cargo de este problema\u201d.<\/p>\n<p>&nbsp;<\/p>\n","protected":false},"excerpt":{"rendered":"<p>Si bien obtuvieron el compromiso del municipio, quieren que la gobernaci\u00f3n tambi\u00e9n se haga cargo del problema. LOS ANDES.&#8211; Por segunda vez los vecinos de la poblaci\u00f3n Degania bloquearon la ma\u00f1ana de&#8230;<\/p>\n","protected":false},"author":482,"featured_media":40197,"comment_status":"open","ping_status":"closed","sticky":false,"template":"","format":"standard","meta":{"advanced_seo_description":"","jetpack_seo_html_title":"","jetpack_seo_noindex":false,"_jetpack_memberships_contains_paid_content":false,"footnotes":""},"categories":[15],"tags":[],"class_list":["post-40195","post","type-post","status-publish","format-standard","has-post-thumbnail","hentry","category-comunidad"],"jetpack_featured_media_url":"https:\/\/i0.wp.com\/eltrabajo.cl\/portal\/wp-content\/uploads\/2013\/12\/chacay-dos3.jpg?fit=529%2C242&ssl=1","jetpack_sharing_enabled":true,"jetpack_likes_enabled":true,"jetpack-related-posts":[],"_links":{"self":[{"href":"https:\/\/eltrabajo.cl\/portal\/wp-json\/wp\/v2\/posts\/40195","targetHints":{"allow":["GET"]}}],"collection":[{"href":"https:\/\/eltrabajo.cl\/portal\/wp-json\/wp\/v2\/posts"}],"about":[{"href":"https:\/\/eltrabajo.cl\/portal\/wp-json\/wp\/v2\/types\/post"}],"author":[{"embeddable":true,"href":"https:\/\/eltrabajo.cl\/portal\/wp-json\/wp\/v2\/users\/482"}],"replies":[{"embeddable":true,"href":"https:\/\/eltrabajo.cl\/portal\/wp-json\/wp\/v2\/comments?post=40195"}],"version-history":[{"count":0,"href":"https:\/\/eltrabajo.cl\/portal\/wp-json\/wp\/v2\/posts\/40195\/revisions"}],"wp:featuredmedia":[{"embeddable":true,"href":"https:\/\/eltrabajo.cl\/portal\/wp-json\/wp\/v2\/media\/40197"}],"wp:attachment":[{"href":"https:\/\/eltrabajo.cl\/portal\/wp-json\/wp\/v2\/media?parent=40195"}],"wp:term":[{"taxonomy":"category","embeddable":true,"href":"https:\/\/eltrabajo.cl\/portal\/wp-json\/wp\/v2\/categories?post=40195"},{"taxonomy":"post_tag","embeddable":true,"href":"https:\/\/eltrabajo.cl\/portal\/wp-json\/wp\/v2\/tags?post=40195"}],"curies":[{"name":"wp","href":"https:\/\/api.w.org\/{rel}","templated":true}]}}