{"id":40201,"date":"2013-12-03T09:32:34","date_gmt":"2013-12-03T12:32:34","guid":{"rendered":"http:\/\/www.eltrabajo.cl\/portal\/?p=40201"},"modified":"2013-12-03T09:32:34","modified_gmt":"2013-12-03T12:32:34","slug":"funcionarios-publicos-no-muy-conformes-con-reajuste-del-5-de-sus-sueldos","status":"publish","type":"post","link":"https:\/\/eltrabajo.cl\/portal\/funcionarios-publicos-no-muy-conformes-con-reajuste-del-5-de-sus-sueldos\/","title":{"rendered":"Funcionarios P\u00fablicos no muy conformes con reajuste del 5% de sus sueldos"},"content":{"rendered":"<figure id=\"attachment_40202\" aria-describedby=\"caption-attachment-40202\" style=\"width: 317px\" class=\"wp-caption alignleft\"><a href=\"https:\/\/i0.wp.com\/www.eltrabajo.cl\/portal\/wp-content\/uploads\/2013\/12\/juan-gonzalez.jpg\"><img data-recalc-dims=\"1\" loading=\"lazy\" decoding=\"async\" class=\" wp-image-40202 \" title=\"Juan Gonz\u00e1lez, dirigente de Anatinp, critic\u00f3 la falta de uni\u00f3n del sector a nivel local.\" alt=\"Juan Gonz\u00e1lez, dirigente de Anatinp, critic\u00f3 la falta de uni\u00f3n del sector a nivel local.\" src=\"https:\/\/i0.wp.com\/www.eltrabajo.cl\/portal\/wp-content\/uploads\/2013\/12\/juan-gonzalez.jpg?resize=317%2C238\" width=\"317\" height=\"238\" srcset=\"https:\/\/i0.wp.com\/eltrabajo.cl\/portal\/wp-content\/uploads\/2013\/12\/juan-gonzalez.jpg?w=528&amp;ssl=1 528w, https:\/\/i0.wp.com\/eltrabajo.cl\/portal\/wp-content\/uploads\/2013\/12\/juan-gonzalez.jpg?resize=200%2C150&amp;ssl=1 200w, https:\/\/i0.wp.com\/eltrabajo.cl\/portal\/wp-content\/uploads\/2013\/12\/juan-gonzalez.jpg?resize=300%2C225&amp;ssl=1 300w, https:\/\/i0.wp.com\/eltrabajo.cl\/portal\/wp-content\/uploads\/2013\/12\/juan-gonzalez.jpg?resize=150%2C112&amp;ssl=1 150w, https:\/\/i0.wp.com\/eltrabajo.cl\/portal\/wp-content\/uploads\/2013\/12\/juan-gonzalez.jpg?resize=400%2C300&amp;ssl=1 400w\" sizes=\"auto, (max-width: 317px) 100vw, 317px\" \/><\/a><figcaption id=\"caption-attachment-40202\" class=\"wp-caption-text\">Juan Gonz\u00e1lez, dirigente de Anatinp, critic\u00f3 la falta de uni\u00f3n del sector a nivel local.<\/figcaption><\/figure>\n<p>No muy conformes se mostraron los funcionarios p\u00fablicos de San Felipe con el acuerdo ya firmado de reajuste salarial de un 5 por ciento, conseguido tras negociaciones con el Gobierno, pese a que en esta instancia tambi\u00e9n se avanz\u00f3 en otros temas, como por ejemplo, la situaci\u00f3n de los funcionarios a honorarios.<\/p>\n<p>El dirigente de Anatinp en San Felipe, Juan Gonz\u00e1lez, manifest\u00f3 que en lo relativo al reajuste salarial, \u00e9ste no alcanz\u00f3 a acercarse siquiera al 8,8 por ciento que exig\u00eda la Mesa del Sector P\u00fablico, por lo mismo es que no hay mucha satisfacci\u00f3n entre los funcionarios p\u00fablicos.<\/p>\n<p>\u201cEste protocolo de acuerdo firmado el viernes en la tarde, no nos deja conformes ya que ni siquiera llega a completar las aspiraciones m\u00ednimas que nosotros como mesa de negociaciones ten\u00edamos previsto. En realidad, perdimos m\u00e1s que ganamos\u201d, subray\u00f3 el dirigente.<\/p>\n<p>Respecto de la baja adhesi\u00f3n de los funcionarios p\u00fablicos de San Felipe a la movilizaci\u00f3n convocada por ANEF durante la semana pasada, como una manera de hacer presi\u00f3n para llegar a acuerdo con el gobierno, Juan Gonz\u00e1lez manifest\u00f3 que esto podr\u00eda deberse al hecho que en Aconcagua no hay un delegado de la Asociaci\u00f3n Nacional de Empleados Fiscales.<\/p>\n<p>\u201cEntonces ah\u00ed tenemos una falencia que debemos revisar como organizaciones afiliadas a Anef y aprovecho de hacer un llamado a todos los funcionarios p\u00fablicos de la zona, para que conversemos, nos agrupemos y seamos una organizaci\u00f3n fuerte, en t\u00e9rminos que podamos pelear por lo que nosotros necesitamos\u201d, se\u00f1al\u00f3 Juan Gonz\u00e1lez.<\/p>\n<p>Desde esa perspectiva, se\u00f1al\u00f3 que si bien el sector p\u00fablico no est\u00e1 debilitado a nivel nacional, s\u00ed lo est\u00e1 en el valle de Aconcagua, ya que hubo servicios como Registro Civil y municipalidades, que a pesar de las movilizaciones, no se plegaron porque ven\u00edan de otros paros, pese a que los acuerdos alcanzados por Anef y Mesa del Sector P\u00fablico, les favorecen a todos.<\/p>\n<p>&nbsp;<\/p>\n<p>ACUERDOS<\/p>\n<p>El reajuste de los salarios en un 5 por ciento, eso s\u00ed, no fue lo \u00fanico que consiguieron los funcionarios p\u00fablicos en sus conversaciones con el Gobierno.<\/p>\n<p>Tambi\u00e9n el Ejecutivo propuso aumentar en 5,3% los bonos para los trabajadores que ganan menos del primer tramo de corte (bajo los $610.000) y en 5% para las remuneraciones que est\u00e1n sobre ese nivel.<\/p>\n<p>En ese sentido, los aguinaldos quedaron fijados en $ 60.000 para el primer tramo y en $ 41.650 para el segundo tramo.<\/p>\n<p>El bono de escolaridad, en tanto, qued\u00f3 en $ 58.350, el aporte a bienestar se fij\u00f3 en $ 601.650 y se estableci\u00f3 un bono de t\u00e9rmino de negociaci\u00f3n de $200.000 para el primer tramo y de $ 100.000 en el segundo tramo.<\/p>\n<p>Tambi\u00e9n se ajust\u00f3 el bono de vacaciones a $ 67.000 en el primer tramo y a $45.000 en el segundo tramo.<\/p>\n<p>En cuanto a los bonos por fin de conflicto, el ministro de Hacienda anunci\u00f3 un bono de $200 mil para el primer tramo; uno de $100 mil para el segundo tramo, m\u00e1s un bono de vacaciones de $67 mil en el primer tramo y de $45 mil en el segundo tramo.<\/p>\n<p>Adem\u00e1s se acord\u00f3 el paso a contrata de los trabajadores que laboran a honorarios, que hayan iniciado sus actividades antes del 2008, y el compromiso de asegurar la estabilidad laboral de los funcionarios a contrata a trav\u00e9s del mejoramiento de la circular 44. Estos \u00faltimos puntos fueron valorados por las bases de la ANEF, quienes votaron con una mayor\u00eda la aprobaci\u00f3n del acuerdo.<\/p>\n<p>&nbsp;<\/p>\n","protected":false},"excerpt":{"rendered":"<p>No muy conformes se mostraron los funcionarios p\u00fablicos de San Felipe con el acuerdo ya firmado de reajuste salarial de un 5 por ciento, conseguido tras negociaciones con el Gobierno, pese a&#8230;<\/p>\n","protected":false},"author":482,"featured_media":40202,"comment_status":"open","ping_status":"closed","sticky":false,"template":"","format":"standard","meta":{"advanced_seo_description":"","jetpack_seo_html_title":"","jetpack_seo_noindex":false,"_jetpack_memberships_contains_paid_content":false,"footnotes":""},"categories":[15],"tags":[],"class_list":["post-40201","post","type-post","status-publish","format-standard","has-post-thumbnail","hentry","category-comunidad"],"jetpack_featured_media_url":"https:\/\/i0.wp.com\/eltrabajo.cl\/portal\/wp-content\/uploads\/2013\/12\/juan-gonzalez.jpg?fit=528%2C396&ssl=1","jetpack_sharing_enabled":true,"jetpack_likes_enabled":true,"jetpack-related-posts":[],"_links":{"self":[{"href":"https:\/\/eltrabajo.cl\/portal\/wp-json\/wp\/v2\/posts\/40201","targetHints":{"allow":["GET"]}}],"collection":[{"href":"https:\/\/eltrabajo.cl\/portal\/wp-json\/wp\/v2\/posts"}],"about":[{"href":"https:\/\/eltrabajo.cl\/portal\/wp-json\/wp\/v2\/types\/post"}],"author":[{"embeddable":true,"href":"https:\/\/eltrabajo.cl\/portal\/wp-json\/wp\/v2\/users\/482"}],"replies":[{"embeddable":true,"href":"https:\/\/eltrabajo.cl\/portal\/wp-json\/wp\/v2\/comments?post=40201"}],"version-history":[{"count":0,"href":"https:\/\/eltrabajo.cl\/portal\/wp-json\/wp\/v2\/posts\/40201\/revisions"}],"wp:featuredmedia":[{"embeddable":true,"href":"https:\/\/eltrabajo.cl\/portal\/wp-json\/wp\/v2\/media\/40202"}],"wp:attachment":[{"href":"https:\/\/eltrabajo.cl\/portal\/wp-json\/wp\/v2\/media?parent=40201"}],"wp:term":[{"taxonomy":"category","embeddable":true,"href":"https:\/\/eltrabajo.cl\/portal\/wp-json\/wp\/v2\/categories?post=40201"},{"taxonomy":"post_tag","embeddable":true,"href":"https:\/\/eltrabajo.cl\/portal\/wp-json\/wp\/v2\/tags?post=40201"}],"curies":[{"name":"wp","href":"https:\/\/api.w.org\/{rel}","templated":true}]}}