{"id":40209,"date":"2013-12-03T09:35:55","date_gmt":"2013-12-03T12:35:55","guid":{"rendered":"http:\/\/www.eltrabajo.cl\/portal\/?p=40209"},"modified":"2013-12-03T09:35:55","modified_gmt":"2013-12-03T12:35:55","slug":"vecinos-de-los-patos-se-encuentran-sin-agua-potable-desde-hace-varios-dias","status":"publish","type":"post","link":"https:\/\/eltrabajo.cl\/portal\/vecinos-de-los-patos-se-encuentran-sin-agua-potable-desde-hace-varios-dias\/","title":{"rendered":"Vecinos de Los Patos se encuentran sin agua potable desde hace varios d\u00edas"},"content":{"rendered":"<figure id=\"attachment_40210\" aria-describedby=\"caption-attachment-40210\" style=\"width: 528px\" class=\"wp-caption alignnone\"><a href=\"https:\/\/i0.wp.com\/www.eltrabajo.cl\/portal\/wp-content\/uploads\/2013\/12\/vecinos-los-patos.jpg\"><img data-recalc-dims=\"1\" loading=\"lazy\" decoding=\"async\" class=\"size-full wp-image-40210\" title=\"Desde hace ya cuatro d\u00edas que vecinos de Los Patos se encuentran sin agua potable.\" alt=\"Desde hace ya cuatro d\u00edas que vecinos de Los Patos se encuentran sin agua potable.\" src=\"https:\/\/i0.wp.com\/www.eltrabajo.cl\/portal\/wp-content\/uploads\/2013\/12\/vecinos-los-patos.jpg?resize=528%2C284\" width=\"528\" height=\"284\" srcset=\"https:\/\/i0.wp.com\/eltrabajo.cl\/portal\/wp-content\/uploads\/2013\/12\/vecinos-los-patos.jpg?w=528&amp;ssl=1 528w, https:\/\/i0.wp.com\/eltrabajo.cl\/portal\/wp-content\/uploads\/2013\/12\/vecinos-los-patos.jpg?resize=200%2C107&amp;ssl=1 200w, https:\/\/i0.wp.com\/eltrabajo.cl\/portal\/wp-content\/uploads\/2013\/12\/vecinos-los-patos.jpg?resize=300%2C161&amp;ssl=1 300w, https:\/\/i0.wp.com\/eltrabajo.cl\/portal\/wp-content\/uploads\/2013\/12\/vecinos-los-patos.jpg?resize=150%2C80&amp;ssl=1 150w, https:\/\/i0.wp.com\/eltrabajo.cl\/portal\/wp-content\/uploads\/2013\/12\/vecinos-los-patos.jpg?resize=400%2C215&amp;ssl=1 400w\" sizes=\"auto, (max-width: 528px) 100vw, 528px\" \/><\/a><figcaption id=\"caption-attachment-40210\" class=\"wp-caption-text\">Desde hace ya cuatro d\u00edas que vecinos de Los Patos se encuentran sin agua potable.<\/figcaption><\/figure>\n<p><strong>PUTAENDO<\/strong>.- Varias viviendas del sector de Los Patos se encuentran sin suministro de agua potable desde hace varios d\u00edas, luego que seg\u00fan informaran dirigentes de dicho APR, la DOH manipulara algunas v\u00e1lvulas de distribuci\u00f3n en el sector de Los Patos.<\/p>\n<p>Pedro Ahumada, operador del APR de Los Patos, dijo que desde que se acord\u00f3 que se traspasaran 1,5 litros por segundo al APR de Casablanca y luego de varias reuniones de coordinaci\u00f3n, tanto el APR de Los Patos como Casablanca hab\u00edan podido funcionar sin ning\u00fan inconveniente, pero que hace un par de semanas el inspector Marcelo Godoy, en compa\u00f1\u00eda de otros t\u00e9cnicos de la DOH, le solicitaron un chuzo y tambi\u00e9n otra herramienta de similares caracter\u00edsticas a la presidenta de la Junta de Vecinos de Los Patos, y abrieron una tapa donde se encuentra una v\u00e1lvula de distribuci\u00f3n, lo que gener\u00f3 que a partir de ese d\u00eda la gente de Los Patos comenzara a quedar sin agua, primero en forma gradual y luego ya en forma definitiva.<\/p>\n<p>Ahumada dijo que el APR de Casablanca habr\u00eda indicado que los 1,5 litros por segundo les eran insuficientes, por lo que pidieron al Inspector Marcelo Godoy les aumentara la cantidad de agua, lo que aparentemente as\u00ed ocurri\u00f3, pero gener\u00f3 un grave problema a los vecinos de Los Patos.<\/p>\n<p>El operador dijo incluso que el viernes pasado se vieron en la obligaci\u00f3n de cortar el agua al APR de Casablanca para poder llenar la copa en Los Patos y que los vecinos pudiesen tener agua, ya que llevaban cuatro d\u00edas sin el vital elemento.<\/p>\n<p>Pedro Ahumada dijo que en este momento se encuentran trabajando en forma alternada con el APR de Casablanca para que no falte el agua en los dos sectores, agregando que espera que la DOH solucione el problema que ellos originaron, pues reiter\u00f3 que antes que abrieran y revisaran el compartimiento de distribuci\u00f3n, tanto el APR de Los Patos como de Casablanca no ten\u00edan los inconvenientes que hoy est\u00e1n teniendo.<\/p>\n<p>Patricio Gallardo M.<\/p>\n<p>&nbsp;<\/p>\n","protected":false},"excerpt":{"rendered":"<p>PUTAENDO.- Varias viviendas del sector de Los Patos se encuentran sin suministro de agua potable desde hace varios d\u00edas, luego que seg\u00fan informaran dirigentes de dicho APR, la DOH manipulara algunas v\u00e1lvulas&#8230;<\/p>\n","protected":false},"author":482,"featured_media":40210,"comment_status":"open","ping_status":"closed","sticky":false,"template":"","format":"standard","meta":{"advanced_seo_description":"","jetpack_seo_html_title":"","jetpack_seo_noindex":false,"_jetpack_memberships_contains_paid_content":false,"footnotes":""},"categories":[15],"tags":[],"class_list":["post-40209","post","type-post","status-publish","format-standard","has-post-thumbnail","hentry","category-comunidad"],"jetpack_featured_media_url":"https:\/\/i0.wp.com\/eltrabajo.cl\/portal\/wp-content\/uploads\/2013\/12\/vecinos-los-patos.jpg?fit=528%2C284&ssl=1","jetpack_sharing_enabled":true,"jetpack_likes_enabled":true,"jetpack-related-posts":[],"_links":{"self":[{"href":"https:\/\/eltrabajo.cl\/portal\/wp-json\/wp\/v2\/posts\/40209","targetHints":{"allow":["GET"]}}],"collection":[{"href":"https:\/\/eltrabajo.cl\/portal\/wp-json\/wp\/v2\/posts"}],"about":[{"href":"https:\/\/eltrabajo.cl\/portal\/wp-json\/wp\/v2\/types\/post"}],"author":[{"embeddable":true,"href":"https:\/\/eltrabajo.cl\/portal\/wp-json\/wp\/v2\/users\/482"}],"replies":[{"embeddable":true,"href":"https:\/\/eltrabajo.cl\/portal\/wp-json\/wp\/v2\/comments?post=40209"}],"version-history":[{"count":0,"href":"https:\/\/eltrabajo.cl\/portal\/wp-json\/wp\/v2\/posts\/40209\/revisions"}],"wp:featuredmedia":[{"embeddable":true,"href":"https:\/\/eltrabajo.cl\/portal\/wp-json\/wp\/v2\/media\/40210"}],"wp:attachment":[{"href":"https:\/\/eltrabajo.cl\/portal\/wp-json\/wp\/v2\/media?parent=40209"}],"wp:term":[{"taxonomy":"category","embeddable":true,"href":"https:\/\/eltrabajo.cl\/portal\/wp-json\/wp\/v2\/categories?post=40209"},{"taxonomy":"post_tag","embeddable":true,"href":"https:\/\/eltrabajo.cl\/portal\/wp-json\/wp\/v2\/tags?post=40209"}],"curies":[{"name":"wp","href":"https:\/\/api.w.org\/{rel}","templated":true}]}}