{"id":40212,"date":"2013-12-03T09:38:16","date_gmt":"2013-12-03T12:38:16","guid":{"rendered":"http:\/\/www.eltrabajo.cl\/portal\/?p=40212"},"modified":"2013-12-03T09:38:16","modified_gmt":"2013-12-03T12:38:16","slug":"premian-a-funcionarios-del-san-camilo-que-destacan-por-su-buen-trato","status":"publish","type":"post","link":"https:\/\/eltrabajo.cl\/portal\/premian-a-funcionarios-del-san-camilo-que-destacan-por-su-buen-trato\/","title":{"rendered":"Premian a funcionarios del San Camilo que destacan por su buen trato"},"content":{"rendered":"<figure id=\"attachment_40213\" aria-describedby=\"caption-attachment-40213\" style=\"width: 528px\" class=\"wp-caption alignnone\"><a href=\"https:\/\/i0.wp.com\/www.eltrabajo.cl\/portal\/wp-content\/uploads\/2013\/12\/consejo-consultivo-y-funcionarios-destacados.jpg\"><img data-recalc-dims=\"1\" loading=\"lazy\" decoding=\"async\" class=\"size-full wp-image-40213\" title=\"Los funcionarios destacados posan para la fotograf\u00eda junto a miembros del Consejo Consultivo y de Desarrollo del Hospital San Camilo.\" alt=\"Los funcionarios destacados posan para la fotograf\u00eda junto a miembros del Consejo Consultivo y de Desarrollo del Hospital San Camilo.\" src=\"https:\/\/i0.wp.com\/www.eltrabajo.cl\/portal\/wp-content\/uploads\/2013\/12\/consejo-consultivo-y-funcionarios-destacados.jpg?resize=528%2C299\" width=\"528\" height=\"299\" srcset=\"https:\/\/i0.wp.com\/eltrabajo.cl\/portal\/wp-content\/uploads\/2013\/12\/consejo-consultivo-y-funcionarios-destacados.jpg?w=528&amp;ssl=1 528w, https:\/\/i0.wp.com\/eltrabajo.cl\/portal\/wp-content\/uploads\/2013\/12\/consejo-consultivo-y-funcionarios-destacados.jpg?resize=200%2C113&amp;ssl=1 200w, https:\/\/i0.wp.com\/eltrabajo.cl\/portal\/wp-content\/uploads\/2013\/12\/consejo-consultivo-y-funcionarios-destacados.jpg?resize=300%2C169&amp;ssl=1 300w, https:\/\/i0.wp.com\/eltrabajo.cl\/portal\/wp-content\/uploads\/2013\/12\/consejo-consultivo-y-funcionarios-destacados.jpg?resize=150%2C84&amp;ssl=1 150w, https:\/\/i0.wp.com\/eltrabajo.cl\/portal\/wp-content\/uploads\/2013\/12\/consejo-consultivo-y-funcionarios-destacados.jpg?resize=400%2C226&amp;ssl=1 400w\" sizes=\"auto, (max-width: 528px) 100vw, 528px\" \/><\/a><figcaption id=\"caption-attachment-40213\" class=\"wp-caption-text\">Los funcionarios destacados posan para la fotograf\u00eda junto a miembros del Consejo Consultivo y de Desarrollo del Hospital San Camilo.<\/figcaption><\/figure>\n<ul>\n<li><strong>Consejo Consultivo reconoci\u00f3 a 14 trabajadores como una manera de incentivar y potenciar el buen trato hacia los usuarios.<\/strong><\/li>\n<\/ul>\n<p>El Consejo Consultivo y de Desarrollo del Hospital San Camilo, que representa a la comunidad organizada, premi\u00f3 a los funcionarios que se destacan por su buen trato y disposici\u00f3n hacia los usuarios, relevando el hecho que estos funcionarios siempre han mantenido una conducta digna de imitar por todos los trabajadores del sector p\u00fablico.<\/p>\n<figure id=\"attachment_40214\" aria-describedby=\"caption-attachment-40214\" style=\"width: 190px\" class=\"wp-caption alignright\"><a href=\"https:\/\/i0.wp.com\/www.eltrabajo.cl\/portal\/wp-content\/uploads\/2013\/12\/doctor-alvarez.jpg\"><img data-recalc-dims=\"1\" loading=\"lazy\" decoding=\"async\" class=\" wp-image-40214  \" title=\"El director del Hospital, doctor Daniel Alvarez, destac\u00f3 esta iniciativa del Consejo Consultivo. \" alt=\"El director del Hospital, doctor Daniel Alvarez, destac\u00f3 esta iniciativa del Consejo Consultivo. \" src=\"https:\/\/i0.wp.com\/www.eltrabajo.cl\/portal\/wp-content\/uploads\/2013\/12\/doctor-alvarez.jpg?resize=190%2C203\" width=\"190\" height=\"203\" srcset=\"https:\/\/i0.wp.com\/eltrabajo.cl\/portal\/wp-content\/uploads\/2013\/12\/doctor-alvarez.jpg?w=529&amp;ssl=1 529w, https:\/\/i0.wp.com\/eltrabajo.cl\/portal\/wp-content\/uploads\/2013\/12\/doctor-alvarez.jpg?resize=140%2C150&amp;ssl=1 140w, https:\/\/i0.wp.com\/eltrabajo.cl\/portal\/wp-content\/uploads\/2013\/12\/doctor-alvarez.jpg?resize=281%2C300&amp;ssl=1 281w, https:\/\/i0.wp.com\/eltrabajo.cl\/portal\/wp-content\/uploads\/2013\/12\/doctor-alvarez.jpg?resize=400%2C426&amp;ssl=1 400w\" sizes=\"auto, (max-width: 190px) 100vw, 190px\" \/><\/a><figcaption id=\"caption-attachment-40214\" class=\"wp-caption-text\">El director del Hospital, doctor Daniel Alvarez, destac\u00f3 esta iniciativa del Consejo Consultivo.<\/figcaption><\/figure>\n<p>De esta manera, los funcionarios reconocidos fueron Marcelo Escobar, Ana C\u00e1ceres, Geraldine Alicera, Elisa Saavedra, Romina C\u00e1rcarmo, Alejandro Lillo, Julia Zamora, Mar\u00eda Eugenia Flores, Elizabeth Jorquera, An\u00edbal Leiva, Magaly Reyes, Mar\u00eda Isabel Gonz\u00e1lez, Jorge L\u00f3pez y Patricio Armijo.<\/p>\n<p>\u201cLa comunidad desea agradecer y valorar a la gran cantidad de funcionarios que se la juegan por atender bien al p\u00fablico, sacando la cara por el hospital, ya que esto muchas veces no es valorado, y nos quedamos s\u00f3lo con las cosas negativas y los reclamos, en circunstancias que de las miles de atenciones que se realizan, siempre existen m\u00e1s cosas buenas que malas, y eso es lo que hoy queremos destacar\u201d, se\u00f1al\u00f3 Max Riquelme, presidente del Consejo Consultivo y de Desarrollo del Hospital San Camilo.<\/p>\n<p>En la oportunidad tambi\u00e9n participaron los jefes de servicios de las personas premiadas, como una manera de que ellos tambi\u00e9n vean qui\u00e9n destaca dentro de sus servicios y puedan ponerlos como ejemplos, ya que de esta manera se genera un incentivo positivo para mejorar la atenci\u00f3n a los usuarios.<\/p>\n<p>El Director del establecimiento, Dr. Daniel \u00c1lvarez, valor\u00f3 el reconocimiento, agradeciendo este gesto a la comunidad, pues de alguna manera, asegur\u00f3, se hace justicia con ese gran porcentaje de funcionarios que se la juega por una buena atenci\u00f3n.<\/p>\n<p>\u201cNosotros somos m\u00e1s de setecientos trabajadores y hacemos miles de atenciones mes a mes, la mayor\u00eda de las cuales son con mucho cari\u00f1o por nuestros usuarios, cosa que tambi\u00e9n se grafica en las encuestas, y en actos como \u00e9ste, en donde la propia comunidad reconoce que la salud que entregamos es de calidad\u201d, sostuvo, recordando que en la reciente encuesta sobre trato al usuario, realizada por la Universidad de Chile a los usuarios que se iban de alta tras su hospitalizaci\u00f3n, el Hospital San Camilo obtuvo una nota 6,6 de un m\u00e1ximo de 7.<\/p>\n<p>&nbsp;<\/p>\n","protected":false},"excerpt":{"rendered":"<p>Consejo Consultivo reconoci\u00f3 a 14 trabajadores como una manera de incentivar y potenciar el buen trato hacia los usuarios. El Consejo Consultivo y de Desarrollo del Hospital San Camilo, que representa a&#8230;<\/p>\n","protected":false},"author":482,"featured_media":40213,"comment_status":"open","ping_status":"closed","sticky":false,"template":"","format":"standard","meta":{"advanced_seo_description":"","jetpack_seo_html_title":"","jetpack_seo_noindex":false,"_jetpack_memberships_contains_paid_content":false,"footnotes":""},"categories":[1],"tags":[],"class_list":["post-40212","post","type-post","status-publish","format-standard","has-post-thumbnail","hentry","category-cronica"],"jetpack_featured_media_url":"https:\/\/i0.wp.com\/eltrabajo.cl\/portal\/wp-content\/uploads\/2013\/12\/consejo-consultivo-y-funcionarios-destacados.jpg?fit=528%2C299&ssl=1","jetpack_sharing_enabled":true,"jetpack_likes_enabled":true,"jetpack-related-posts":[],"_links":{"self":[{"href":"https:\/\/eltrabajo.cl\/portal\/wp-json\/wp\/v2\/posts\/40212","targetHints":{"allow":["GET"]}}],"collection":[{"href":"https:\/\/eltrabajo.cl\/portal\/wp-json\/wp\/v2\/posts"}],"about":[{"href":"https:\/\/eltrabajo.cl\/portal\/wp-json\/wp\/v2\/types\/post"}],"author":[{"embeddable":true,"href":"https:\/\/eltrabajo.cl\/portal\/wp-json\/wp\/v2\/users\/482"}],"replies":[{"embeddable":true,"href":"https:\/\/eltrabajo.cl\/portal\/wp-json\/wp\/v2\/comments?post=40212"}],"version-history":[{"count":0,"href":"https:\/\/eltrabajo.cl\/portal\/wp-json\/wp\/v2\/posts\/40212\/revisions"}],"wp:featuredmedia":[{"embeddable":true,"href":"https:\/\/eltrabajo.cl\/portal\/wp-json\/wp\/v2\/media\/40213"}],"wp:attachment":[{"href":"https:\/\/eltrabajo.cl\/portal\/wp-json\/wp\/v2\/media?parent=40212"}],"wp:term":[{"taxonomy":"category","embeddable":true,"href":"https:\/\/eltrabajo.cl\/portal\/wp-json\/wp\/v2\/categories?post=40212"},{"taxonomy":"post_tag","embeddable":true,"href":"https:\/\/eltrabajo.cl\/portal\/wp-json\/wp\/v2\/tags?post=40212"}],"curies":[{"name":"wp","href":"https:\/\/api.w.org\/{rel}","templated":true}]}}