{"id":40218,"date":"2013-12-03T09:40:54","date_gmt":"2013-12-03T12:40:54","guid":{"rendered":"http:\/\/www.eltrabajo.cl\/portal\/?p=40218"},"modified":"2013-12-03T09:40:54","modified_gmt":"2013-12-03T12:40:54","slug":"trate-de-quitarles-el-arma-mientras-me-golpeaban-pues-me-querian-matar","status":"publish","type":"post","link":"https:\/\/eltrabajo.cl\/portal\/trate-de-quitarles-el-arma-mientras-me-golpeaban-pues-me-querian-matar\/","title":{"rendered":"\u201cTrat\u00e9 de quitarles el arma mientras me golpeaban pues me quer\u00edan matar\u201d"},"content":{"rendered":"<figure id=\"attachment_40219\" aria-describedby=\"caption-attachment-40219\" style=\"width: 317px\" class=\"wp-caption alignleft\"><a href=\"https:\/\/i0.wp.com\/www.eltrabajo.cl\/portal\/wp-content\/uploads\/2013\/12\/vicente-madrid-2.jpg\"><img data-recalc-dims=\"1\" loading=\"lazy\" decoding=\"async\" class=\" wp-image-40219 \" title=\"Vicente Madrid recibi\u00f3 puntos en su p\u00f3mulo y se encuentra profundamente impactado, pues lleg\u00f3 a pensar que morir\u00eda en manos de los delincuentes.\" alt=\"Vicente Madrid recibi\u00f3 puntos en su p\u00f3mulo y se encuentra profundamente impactado, pues lleg\u00f3 a pensar que morir\u00eda en manos de los delincuentes.\" src=\"https:\/\/i0.wp.com\/www.eltrabajo.cl\/portal\/wp-content\/uploads\/2013\/12\/vicente-madrid-2.jpg?resize=317%2C211\" width=\"317\" height=\"211\" srcset=\"https:\/\/i0.wp.com\/eltrabajo.cl\/portal\/wp-content\/uploads\/2013\/12\/vicente-madrid-2.jpg?w=528&amp;ssl=1 528w, https:\/\/i0.wp.com\/eltrabajo.cl\/portal\/wp-content\/uploads\/2013\/12\/vicente-madrid-2.jpg?resize=200%2C133&amp;ssl=1 200w, https:\/\/i0.wp.com\/eltrabajo.cl\/portal\/wp-content\/uploads\/2013\/12\/vicente-madrid-2.jpg?resize=300%2C200&amp;ssl=1 300w, https:\/\/i0.wp.com\/eltrabajo.cl\/portal\/wp-content\/uploads\/2013\/12\/vicente-madrid-2.jpg?resize=150%2C100&amp;ssl=1 150w, https:\/\/i0.wp.com\/eltrabajo.cl\/portal\/wp-content\/uploads\/2013\/12\/vicente-madrid-2.jpg?resize=400%2C266&amp;ssl=1 400w\" sizes=\"auto, (max-width: 317px) 100vw, 317px\" \/><\/a><figcaption id=\"caption-attachment-40219\" class=\"wp-caption-text\">Vicente Madrid recibi\u00f3 puntos en su p\u00f3mulo y se encuentra profundamente impactado, pues lleg\u00f3 a pensar que morir\u00eda en manos de los delincuentes.<\/figcaption><\/figure>\n<p><strong>PUTAENDO.-<\/strong> Un dram\u00e1tico testimonio entreg\u00f3 Vicente Madrid R\u00edos, de 50 a\u00f1os, quien fuera salvajemente agredido por dos delincuentes, donde la v\u00edctima asegur\u00f3 que forceje\u00f3 con los antisociales tratando de arrebatarles el arma, ya que uno de ellos gritaba insistentemente que lo mataran.<\/p>\n<p>Madrid R\u00edos recibi\u00f3 a nuestro medio en su hogar, luego de haber permanecido cuatro d\u00edas hospitalizado producto de las graves lesiones que le ocasionaron sobre todo en su cr\u00e1neo y cara, donde fue golpeado con un rev\u00f3lver adem\u00e1s de sufrir varios otros golpes en diferentes partes del cuerpo.<\/p>\n<p>Vicente Madrid se\u00f1ala que el d\u00eda de los hechos, a mediados de la semana reci\u00e9n pasada, y como todos los d\u00edas lo hace en forma habitual, a eso de las 05:45 horas de la madrugada, abri\u00f3 la puerta de su casa que da hacia el patio para dirigirse a su camioneta cuando sorpresivamente vio que dos sujetos j\u00f3venes, a rostro cubierto, sal\u00edan detr\u00e1s de la camioneta y se le abalanzaron en forma inmediata, recibiendo el primer golpe con la empu\u00f1adura del arma en su p\u00f3mulo derecho, adem\u00e1s de ser golpeado en forma inmediata por los dos sujetos, quienes le exig\u00edan que les dijera d\u00f3nde ten\u00eda guardado el dinero.<\/p>\n<figure id=\"attachment_40220\" aria-describedby=\"caption-attachment-40220\" style=\"width: 423px\" class=\"wp-caption alignright\"><a href=\"https:\/\/i0.wp.com\/www.eltrabajo.cl\/portal\/wp-content\/uploads\/2013\/12\/vicente-madrid-3.jpg\"><img data-recalc-dims=\"1\" loading=\"lazy\" decoding=\"async\" class=\" wp-image-40220 \" title=\"Los dientes del asaltante quedaron marcados en su brazo, lo que lo oblig\u00f3 a soltar el arma del delincuente.\" alt=\"Los dientes del asaltante quedaron marcados en su brazo, lo que lo oblig\u00f3 a soltar el arma del delincuente.\" src=\"https:\/\/i0.wp.com\/www.eltrabajo.cl\/portal\/wp-content\/uploads\/2013\/12\/vicente-madrid-3.jpg?resize=423%2C282\" width=\"423\" height=\"282\" srcset=\"https:\/\/i0.wp.com\/eltrabajo.cl\/portal\/wp-content\/uploads\/2013\/12\/vicente-madrid-3.jpg?w=529&amp;ssl=1 529w, https:\/\/i0.wp.com\/eltrabajo.cl\/portal\/wp-content\/uploads\/2013\/12\/vicente-madrid-3.jpg?resize=200%2C133&amp;ssl=1 200w, https:\/\/i0.wp.com\/eltrabajo.cl\/portal\/wp-content\/uploads\/2013\/12\/vicente-madrid-3.jpg?resize=300%2C200&amp;ssl=1 300w, https:\/\/i0.wp.com\/eltrabajo.cl\/portal\/wp-content\/uploads\/2013\/12\/vicente-madrid-3.jpg?resize=150%2C100&amp;ssl=1 150w, https:\/\/i0.wp.com\/eltrabajo.cl\/portal\/wp-content\/uploads\/2013\/12\/vicente-madrid-3.jpg?resize=400%2C266&amp;ssl=1 400w\" sizes=\"auto, (max-width: 423px) 100vw, 423px\" \/><\/a><figcaption id=\"caption-attachment-40220\" class=\"wp-caption-text\">Los dientes del asaltante quedaron marcados en su brazo, lo que lo oblig\u00f3 a soltar el arma del delincuente.<\/figcaption><\/figure>\n<p>La v\u00edctima asegura que el primer golpe que recibi\u00f3 en su cara lo hizo perder el equilibrio y un poco la conciencia y solo reaccion\u00f3 cuando sinti\u00f3 que desde su cabeza sal\u00eda mucha sangre, pues ya hab\u00eda sido golpeado con la misma arma en varias partes de su cr\u00e1neo, por lo que como pudo trat\u00f3 de defenderse y en un momento determinado logr\u00f3 sacarle la capucha a uno de los asaltantes, del cual asegura su rostro lo tiene absolutamente guardado y que est\u00e1 seguro que donde lo vea lo reconocer\u00e1.<\/p>\n<p>Uno de los momentos m\u00e1s cr\u00edticos, seg\u00fan se\u00f1al\u00f3 Vicente Madrid, fue cuando logr\u00f3 zafarse de los golpes y alcanz\u00f3 a tomar el rev\u00f3lver de uno de los asaltantes mientras el otro le gritaba: \u201c\u00a1M\u00e1talo, hue\u00f3n, m\u00e1talo!\u201d, y asegura que se aferr\u00f3 con todas sus fuerzas al arma tratando que no le apuntara a su abdomen, y que en ese instante uno de los individuos le mordi\u00f3 el brazo derecho, ocasion\u00e1ndole mucho da\u00f1o y sangramiento, por lo que se vio obligado a soltar el arma y en ese instante pens\u00f3 que le disparar\u00edan, momento en el cual los dos sujetos huyeron desde la vivienda.<\/p>\n<p>En conversaci\u00f3n con nuestro medio, Vicente Madrid dijo que de hoy en adelante no dudar\u00e1 en tener un arma en su casa y dijo que la experiencia vivida fue terrible, pues pens\u00f3 que iba a morir y luego que los asaltantes huyeran pidi\u00f3 el auxilio de Carabineros que demoraron casi media hora en llegar a su casa, y que incluso su hija lo debi\u00f3 trasladar al hospital totalmente ensangrentado, agregando que hoy se encuentra con reposo y licencia m\u00e9dica y que no sabe cu\u00e1l ser\u00e1 su reacci\u00f3n si logra encontrar e identificar a uno de los sujetos que lo agredi\u00f3 salvajemente, pues dijo, seguramente pensaron que por tener una micro guardaba dinero en su casa, lo que dijo se trat\u00f3 de un dato y una planificaci\u00f3n de los sujetos que sab\u00edan que se levantaba a esa hora.<\/p>\n<p>Finalmente Madrid dijo que esperaba recuperarse, volver a su trabajo en el Cementerio Parroquial y retomar sus actividades normales, aunque dijo que de hoy en adelante su vida ha cambiado radicalmente, pues nunca pens\u00f3 que iba a vivir la experiencia que debi\u00f3 enfrentar, reiterando que aunque est\u00e1 consciente del llamado que hacen las autoridades, de hoy en adelante por su seguridad y su vida estar\u00e1 constantemente armado.<\/p>\n<p>Patricio Gallardo M.<\/p>\n","protected":false},"excerpt":{"rendered":"<p>PUTAENDO.- Un dram\u00e1tico testimonio entreg\u00f3 Vicente Madrid R\u00edos, de 50 a\u00f1os, quien fuera salvajemente agredido por dos delincuentes, donde la v\u00edctima asegur\u00f3 que forceje\u00f3 con los antisociales tratando de arrebatarles el arma,&#8230;<\/p>\n","protected":false},"author":482,"featured_media":40219,"comment_status":"open","ping_status":"closed","sticky":false,"template":"","format":"standard","meta":{"advanced_seo_description":"","jetpack_seo_html_title":"","jetpack_seo_noindex":false,"_jetpack_memberships_contains_paid_content":false,"footnotes":""},"categories":[15],"tags":[],"class_list":["post-40218","post","type-post","status-publish","format-standard","has-post-thumbnail","hentry","category-comunidad"],"jetpack_featured_media_url":"https:\/\/i0.wp.com\/eltrabajo.cl\/portal\/wp-content\/uploads\/2013\/12\/vicente-madrid-2.jpg?fit=528%2C352&ssl=1","jetpack_sharing_enabled":true,"jetpack_likes_enabled":true,"jetpack-related-posts":[],"_links":{"self":[{"href":"https:\/\/eltrabajo.cl\/portal\/wp-json\/wp\/v2\/posts\/40218","targetHints":{"allow":["GET"]}}],"collection":[{"href":"https:\/\/eltrabajo.cl\/portal\/wp-json\/wp\/v2\/posts"}],"about":[{"href":"https:\/\/eltrabajo.cl\/portal\/wp-json\/wp\/v2\/types\/post"}],"author":[{"embeddable":true,"href":"https:\/\/eltrabajo.cl\/portal\/wp-json\/wp\/v2\/users\/482"}],"replies":[{"embeddable":true,"href":"https:\/\/eltrabajo.cl\/portal\/wp-json\/wp\/v2\/comments?post=40218"}],"version-history":[{"count":0,"href":"https:\/\/eltrabajo.cl\/portal\/wp-json\/wp\/v2\/posts\/40218\/revisions"}],"wp:featuredmedia":[{"embeddable":true,"href":"https:\/\/eltrabajo.cl\/portal\/wp-json\/wp\/v2\/media\/40219"}],"wp:attachment":[{"href":"https:\/\/eltrabajo.cl\/portal\/wp-json\/wp\/v2\/media?parent=40218"}],"wp:term":[{"taxonomy":"category","embeddable":true,"href":"https:\/\/eltrabajo.cl\/portal\/wp-json\/wp\/v2\/categories?post=40218"},{"taxonomy":"post_tag","embeddable":true,"href":"https:\/\/eltrabajo.cl\/portal\/wp-json\/wp\/v2\/tags?post=40218"}],"curies":[{"name":"wp","href":"https:\/\/api.w.org\/{rel}","templated":true}]}}