{"id":40223,"date":"2013-12-03T09:42:14","date_gmt":"2013-12-03T12:42:14","guid":{"rendered":"http:\/\/www.eltrabajo.cl\/portal\/?p=40223"},"modified":"2013-12-03T09:42:14","modified_gmt":"2013-12-03T12:42:14","slug":"presencia-de-fuerzas-especiales-se-mantuvo-hasta-ayer-en-villa-250-anos","status":"publish","type":"post","link":"https:\/\/eltrabajo.cl\/portal\/presencia-de-fuerzas-especiales-se-mantuvo-hasta-ayer-en-villa-250-anos\/","title":{"rendered":"Presencia de Fuerzas Especiales se mantuvo hasta ayer en Villa 250 A\u00f1os"},"content":{"rendered":"<figure id=\"attachment_40224\" aria-describedby=\"caption-attachment-40224\" style=\"width: 317px\" class=\"wp-caption alignleft\"><a href=\"https:\/\/i0.wp.com\/www.eltrabajo.cl\/portal\/wp-content\/uploads\/2013\/12\/teniente-jimenez.jpg\"><img data-recalc-dims=\"1\" loading=\"lazy\" decoding=\"async\" class=\" wp-image-40224 \" title=\"Teniente Miguel Jim\u00e9nez, de la Segunda Comisar\u00eda de San Felipe.\" alt=\"Teniente Miguel Jim\u00e9nez, de la Segunda Comisar\u00eda de San Felipe.\" src=\"https:\/\/i0.wp.com\/www.eltrabajo.cl\/portal\/wp-content\/uploads\/2013\/12\/teniente-jimenez.jpg?resize=317%2C238\" width=\"317\" height=\"238\" srcset=\"https:\/\/i0.wp.com\/eltrabajo.cl\/portal\/wp-content\/uploads\/2013\/12\/teniente-jimenez.jpg?w=528&amp;ssl=1 528w, https:\/\/i0.wp.com\/eltrabajo.cl\/portal\/wp-content\/uploads\/2013\/12\/teniente-jimenez.jpg?resize=200%2C150&amp;ssl=1 200w, https:\/\/i0.wp.com\/eltrabajo.cl\/portal\/wp-content\/uploads\/2013\/12\/teniente-jimenez.jpg?resize=300%2C225&amp;ssl=1 300w, https:\/\/i0.wp.com\/eltrabajo.cl\/portal\/wp-content\/uploads\/2013\/12\/teniente-jimenez.jpg?resize=150%2C112&amp;ssl=1 150w, https:\/\/i0.wp.com\/eltrabajo.cl\/portal\/wp-content\/uploads\/2013\/12\/teniente-jimenez.jpg?resize=400%2C300&amp;ssl=1 400w\" sizes=\"auto, (max-width: 317px) 100vw, 317px\" \/><\/a><figcaption id=\"caption-attachment-40224\" class=\"wp-caption-text\">Teniente Miguel Jim\u00e9nez, de la Segunda Comisar\u00eda de San Felipe.<\/figcaption><\/figure>\n<p>Pasado el mediod\u00eda de ayer se retir\u00f3 del sector de la Villa 250 A\u00f1os, el contingente de Fuerzas Especiales venido de Valpara\u00edso, a fin de mantener un servicio preventivo en el lugar, tras los episodios de violencia registrados el jueves y viernes pasado.<\/p>\n<p>La informaci\u00f3n la confirm\u00f3 la Gobernadora provincial Patricia Boffa, quien se\u00f1al\u00f3 que si bien muchos vecinos valoraron el hecho que la presencia de Carabineros favoreci\u00f3 una mayor sensaci\u00f3n de seguridad en el lugar, \u201cera imposible mantener por m\u00e1s tiempo a los funcionarios policiales\u201d.<\/p>\n<p>Los servicios de este grupo de carabineros consider\u00f3 adem\u00e1s, el resguardo del cortejo f\u00fanebre que acompa\u00f1\u00f3 los restos de Luis Jonathan Leiva Mallea, asesinado el pasado jueves en los incidentes de la villa, lo que descarta la informaci\u00f3n publicada en algunos medios de la prensa nacional, que indicaban que no hubo apoyo policial.<\/p>\n<p>Por el contrario, el teniente de Carabineros Miguel Jim\u00e9nez, afirm\u00f3 que se realiz\u00f3 un apoyo desde la salida de la casa y hasta el cementerio, pero principalmente con personal de civil y de manera discreta, ya que no se quer\u00eda entorpecer este emotivo momento.<\/p>\n<p>Entre los vecinos, en todo caso, existe preocupaci\u00f3n tras la partida de las Fuerzas Especiales, ya que si bien para algunos resultaba intimidante su presencia, para otros era la mejor medida que se hab\u00eda adoptado, en tanto que ahora se teme lo que pueda suceder en el sector.<\/p>\n<p>Esto, considerando que hay rumores que indican que cercanos a Leiva Mallea, habr\u00edan prometido venganza y en ese contexto, no se descarta que se produzcan nuevos incidentes.<\/p>\n<p>&nbsp;<\/p>\n","protected":false},"excerpt":{"rendered":"<p>Pasado el mediod\u00eda de ayer se retir\u00f3 del sector de la Villa 250 A\u00f1os, el contingente de Fuerzas Especiales venido de Valpara\u00edso, a fin de mantener un servicio preventivo en el lugar,&#8230;<\/p>\n","protected":false},"author":482,"featured_media":40224,"comment_status":"open","ping_status":"closed","sticky":false,"template":"","format":"standard","meta":{"advanced_seo_description":"","jetpack_seo_html_title":"","jetpack_seo_noindex":false,"_jetpack_memberships_contains_paid_content":false,"footnotes":""},"categories":[1],"tags":[],"class_list":["post-40223","post","type-post","status-publish","format-standard","has-post-thumbnail","hentry","category-cronica"],"jetpack_featured_media_url":"https:\/\/i0.wp.com\/eltrabajo.cl\/portal\/wp-content\/uploads\/2013\/12\/teniente-jimenez.jpg?fit=528%2C396&ssl=1","jetpack_sharing_enabled":true,"jetpack_likes_enabled":true,"jetpack-related-posts":[],"_links":{"self":[{"href":"https:\/\/eltrabajo.cl\/portal\/wp-json\/wp\/v2\/posts\/40223","targetHints":{"allow":["GET"]}}],"collection":[{"href":"https:\/\/eltrabajo.cl\/portal\/wp-json\/wp\/v2\/posts"}],"about":[{"href":"https:\/\/eltrabajo.cl\/portal\/wp-json\/wp\/v2\/types\/post"}],"author":[{"embeddable":true,"href":"https:\/\/eltrabajo.cl\/portal\/wp-json\/wp\/v2\/users\/482"}],"replies":[{"embeddable":true,"href":"https:\/\/eltrabajo.cl\/portal\/wp-json\/wp\/v2\/comments?post=40223"}],"version-history":[{"count":0,"href":"https:\/\/eltrabajo.cl\/portal\/wp-json\/wp\/v2\/posts\/40223\/revisions"}],"wp:featuredmedia":[{"embeddable":true,"href":"https:\/\/eltrabajo.cl\/portal\/wp-json\/wp\/v2\/media\/40224"}],"wp:attachment":[{"href":"https:\/\/eltrabajo.cl\/portal\/wp-json\/wp\/v2\/media?parent=40223"}],"wp:term":[{"taxonomy":"category","embeddable":true,"href":"https:\/\/eltrabajo.cl\/portal\/wp-json\/wp\/v2\/categories?post=40223"},{"taxonomy":"post_tag","embeddable":true,"href":"https:\/\/eltrabajo.cl\/portal\/wp-json\/wp\/v2\/tags?post=40223"}],"curies":[{"name":"wp","href":"https:\/\/api.w.org\/{rel}","templated":true}]}}