{"id":40227,"date":"2013-12-03T09:43:52","date_gmt":"2013-12-03T12:43:52","guid":{"rendered":"http:\/\/www.eltrabajo.cl\/portal\/?p=40227"},"modified":"2013-12-03T09:43:52","modified_gmt":"2013-12-03T12:43:52","slug":"gobernadora-presenta-querella-por-violentos-incidentes-en-villa-250-anos","status":"publish","type":"post","link":"https:\/\/eltrabajo.cl\/portal\/gobernadora-presenta-querella-por-violentos-incidentes-en-villa-250-anos\/","title":{"rendered":"Gobernadora presenta querella por violentos incidentes en Villa 250 A\u00f1os"},"content":{"rendered":"<figure id=\"attachment_40228\" aria-describedby=\"caption-attachment-40228\" style=\"width: 423px\" class=\"wp-caption alignleft\"><a href=\"https:\/\/i0.wp.com\/www.eltrabajo.cl\/portal\/wp-content\/uploads\/2013\/12\/querella-en-tribunal.jpg\"><img data-recalc-dims=\"1\" loading=\"lazy\" decoding=\"async\" class=\" wp-image-40228 \" title=\"La gobernadora Patricia Boffa y el abogado Adolfo Pizarro, llegaron la ma\u00f1ana de ayer al Tribunal de Garant\u00eda, a fin de presentar la querella por los hechos ocurridos la semana pasada.\" alt=\"La gobernadora Patricia Boffa y el abogado Adolfo Pizarro, llegaron la ma\u00f1ana de ayer al Tribunal de Garant\u00eda, a fin de presentar la querella por los hechos ocurridos la semana pasada.\" src=\"https:\/\/i0.wp.com\/www.eltrabajo.cl\/portal\/wp-content\/uploads\/2013\/12\/querella-en-tribunal.jpg?resize=423%2C238\" width=\"423\" height=\"238\" srcset=\"https:\/\/i0.wp.com\/eltrabajo.cl\/portal\/wp-content\/uploads\/2013\/12\/querella-en-tribunal.jpg?w=529&amp;ssl=1 529w, https:\/\/i0.wp.com\/eltrabajo.cl\/portal\/wp-content\/uploads\/2013\/12\/querella-en-tribunal.jpg?resize=200%2C112&amp;ssl=1 200w, https:\/\/i0.wp.com\/eltrabajo.cl\/portal\/wp-content\/uploads\/2013\/12\/querella-en-tribunal.jpg?resize=300%2C168&amp;ssl=1 300w, https:\/\/i0.wp.com\/eltrabajo.cl\/portal\/wp-content\/uploads\/2013\/12\/querella-en-tribunal.jpg?resize=150%2C84&amp;ssl=1 150w, https:\/\/i0.wp.com\/eltrabajo.cl\/portal\/wp-content\/uploads\/2013\/12\/querella-en-tribunal.jpg?resize=400%2C225&amp;ssl=1 400w\" sizes=\"auto, (max-width: 423px) 100vw, 423px\" \/><\/a><figcaption id=\"caption-attachment-40228\" class=\"wp-caption-text\">La gobernadora Patricia Boffa y el abogado Adolfo Pizarro, llegaron la ma\u00f1ana de ayer al Tribunal de Garant\u00eda, a fin de presentar la querella por los hechos ocurridos la semana pasada.<\/figcaption><\/figure>\n<p>Autoridad reconoci\u00f3 la necesidad de realizar una intervenci\u00f3n a este sector poblacional, recordando en todo caso que este es un problema que se arrastra desde hace muchos y a\u00f1os y por tanto involucra tambi\u00e9n a los anteriores gobiernos.<\/p>\n<p>Hasta el Tribunal de Garant\u00eda de San Felipe lleg\u00f3 la ma\u00f1ana de ayer la gobernadora provincial Patricia Boffa, acompa\u00f1ada del asesor jur\u00eddico abogado Adolfo Pizarro, con la finalidad de interponer una querella criminal en contra de quienes resulten responsables de los violentos incidentes registrados la noche del jueves y madrugada del viernes, que derivaron en una persona muerta, otras dos heridas y la quema de un auto, adem\u00e1s de otros incidentes en d\u00edas posteriores.<\/p>\n<p>De acuerdo a lo informado por la autoridad provincial, la querella criminal se interpone por el delito de homicidio en la persona de Luis Jonathan Leiva Mallea, contra R.V.C.M., por los delitos de lesiones graves y menos graves en las personas de Gladys \u00c1vila Fritz y Ra\u00fal Guti\u00e9rrez Casta\u00f1eda; y contra R.C.T.T, por el delito de da\u00f1os e incendio del veh\u00edculo autom\u00f3vil marca Nissan, modelo V-16, color rojo burdeos, a\u00f1o 1998 de propiedad de Gloria Alejandra Lepin Varas; y los delitos de porte y tenencia ilegal de armas de fuego y des\u00f3rdenes p\u00fablicos graves, y en contra de todos aqu\u00e9llos que resulten responsables de estos il\u00edcitos penales en esta investigaci\u00f3n.<\/p>\n<p>La autoridad manifest\u00f3 que con esta acci\u00f3n judicial se pretende no solo dar una se\u00f1al de la preocupaci\u00f3n del gobierno por estos hechos delincuenciales que generan conmoci\u00f3n p\u00fablica, sino tambi\u00e9n ser parte importante del proceso que se llevar\u00e1 a cabo, con la finalidad de condenar a los autores de estos hechos.<\/p>\n<p>\u201cEsto nos preocupa y no nos vamos a quedar de brazos cruzados, menos cuando hemos tenido el asesinato de una persona, a prop\u00f3sito de hechos puntuales de delincuencia. Por eso hoy d\u00eda la gobernaci\u00f3n se hace parte del proceso judicial, mediante la presentaci\u00f3n de esta querella\u201d, manifest\u00f3 la gobernadora Boffa.<\/p>\n<p>Consultado sobre las implicancias de esta acci\u00f3n judicial, el abogado y asesor jur\u00eddico de la Gobernaci\u00f3n, Adolfo Pizarro, se\u00f1al\u00f3 que esto forma parte de las pol\u00edticas del Ministerio del Interior, en atenci\u00f3n a que se trata de hechos que revisten gravedad, que han alterado la convivencia social normal de la comunidad sanfelipe\u00f1a, con delitos de homicidio, lesiones, porte ilegal de armas, da\u00f1os, incendio y otras figuras que toman parte de la investigaci\u00f3n.<\/p>\n<p>\u201cLa mayor\u00eda de las querellas en que la Gobernaci\u00f3n se ha hecho parte, han arrojado resultados, tal vez no sean lo m\u00e1s esperado de acuerdo a las caracter\u00edsticas del sistema, pero en todas las querellas en que nos hemos hecho parte, se ha llegado a condenas, salvo dos donde los antecedentes eran insuficientes\u201d, se\u00f1al\u00f3 Adolfo Pizarro.<\/p>\n<p>La querella entonces permite que la Gobernaci\u00f3n colabore con el Ministerio P\u00fablico para la obtenci\u00f3n de penas, se hacen parte del proceso como intervinientes, pueden solicitar diligencias, medidas cautelares, participar de las audiencias, entre otras acciones.<\/p>\n<p>&nbsp;<\/p>\n<p><strong>INTERVENCI\u00d3N INTEGRAL<\/strong><\/p>\n<p>Recalcando que es solo un segmento de personas las que han contribuido a estigmatizar la Villa 250 A\u00f1os, ya que en general el grueso de la poblaci\u00f3n es gente de trabajo y esfuerzo, la gobernadora Patricia Boffa manifest\u00f3 que resulta imprescindible realizar una intervenci\u00f3n que, m\u00e1s all\u00e1 de lo policial, permita sacar de lo m\u00e1s profundo a sus pobladores.<\/p>\n<p>La autoridad reconoci\u00f3 eso s\u00ed que la labor realizada durante el gobierno de Sebasti\u00e1n Pi\u00f1era fue insuficiente, aun cuando record\u00f3 que en gobiernos anteriores poco y nada se hizo en este sector.<\/p>\n<p>Manifest\u00f3 que resulta imprescindible entonces desarrollar un trabajo integral, de car\u00e1cter situacional, sicosocial y policial, en la Villa 250 A\u00f1os, donde tomen parte adem\u00e1s de Carabineros y la Gobernaci\u00f3n Provincial, otras instancias como el municipio.<\/p>\n<p>\u201cLa intervenci\u00f3n que se debe hacer, no puede durar uno o dos meses. La intervenci\u00f3n que se tiene que realizar es de largo aliento y es integral. Nosotros hemos propuesto generar un equipo de trabajo donde se involucre la gente de la Villa 250 A\u00f1os. Esto traspasa al gobierno, porque esto viene de hace a\u00f1os y por lo tanto, es imprescindible iniciar la labor que permita apoyar a la comunidad de la villa\u201d, puntualiz\u00f3 la gobernadora Boffa.<\/p>\n<p>&nbsp;<\/p>\n","protected":false},"excerpt":{"rendered":"<p>Autoridad reconoci\u00f3 la necesidad de realizar una intervenci\u00f3n a este sector poblacional, recordando en todo caso que este es un problema que se arrastra desde hace muchos y a\u00f1os y por tanto&#8230;<\/p>\n","protected":false},"author":482,"featured_media":40228,"comment_status":"open","ping_status":"closed","sticky":false,"template":"","format":"standard","meta":{"advanced_seo_description":"","jetpack_seo_html_title":"","jetpack_seo_noindex":false,"_jetpack_memberships_contains_paid_content":false,"footnotes":""},"categories":[1],"tags":[],"class_list":["post-40227","post","type-post","status-publish","format-standard","has-post-thumbnail","hentry","category-cronica"],"jetpack_featured_media_url":"https:\/\/i0.wp.com\/eltrabajo.cl\/portal\/wp-content\/uploads\/2013\/12\/querella-en-tribunal.jpg?fit=529%2C298&ssl=1","jetpack_sharing_enabled":true,"jetpack_likes_enabled":true,"jetpack-related-posts":[],"_links":{"self":[{"href":"https:\/\/eltrabajo.cl\/portal\/wp-json\/wp\/v2\/posts\/40227","targetHints":{"allow":["GET"]}}],"collection":[{"href":"https:\/\/eltrabajo.cl\/portal\/wp-json\/wp\/v2\/posts"}],"about":[{"href":"https:\/\/eltrabajo.cl\/portal\/wp-json\/wp\/v2\/types\/post"}],"author":[{"embeddable":true,"href":"https:\/\/eltrabajo.cl\/portal\/wp-json\/wp\/v2\/users\/482"}],"replies":[{"embeddable":true,"href":"https:\/\/eltrabajo.cl\/portal\/wp-json\/wp\/v2\/comments?post=40227"}],"version-history":[{"count":0,"href":"https:\/\/eltrabajo.cl\/portal\/wp-json\/wp\/v2\/posts\/40227\/revisions"}],"wp:featuredmedia":[{"embeddable":true,"href":"https:\/\/eltrabajo.cl\/portal\/wp-json\/wp\/v2\/media\/40228"}],"wp:attachment":[{"href":"https:\/\/eltrabajo.cl\/portal\/wp-json\/wp\/v2\/media?parent=40227"}],"wp:term":[{"taxonomy":"category","embeddable":true,"href":"https:\/\/eltrabajo.cl\/portal\/wp-json\/wp\/v2\/categories?post=40227"},{"taxonomy":"post_tag","embeddable":true,"href":"https:\/\/eltrabajo.cl\/portal\/wp-json\/wp\/v2\/tags?post=40227"}],"curies":[{"name":"wp","href":"https:\/\/api.w.org\/{rel}","templated":true}]}}