{"id":40230,"date":"2013-12-03T09:44:58","date_gmt":"2013-12-03T12:44:58","guid":{"rendered":"http:\/\/www.eltrabajo.cl\/portal\/?p=40230"},"modified":"2013-12-03T09:52:42","modified_gmt":"2013-12-03T12:52:42","slug":"recien-el-jueves-volvera-a-abrir-sus-puertas-jardin-infantil-sol-naciente","status":"publish","type":"post","link":"https:\/\/eltrabajo.cl\/portal\/recien-el-jueves-volvera-a-abrir-sus-puertas-jardin-infantil-sol-naciente\/","title":{"rendered":"Reci\u00e9n el jueves volver\u00e1 a abrir sus puertas Jard\u00edn Infantil Sol Naciente"},"content":{"rendered":"<figure id=\"attachment_40231\" aria-describedby=\"caption-attachment-40231\" style=\"width: 529px\" class=\"wp-caption alignnone\"><a href=\"https:\/\/i0.wp.com\/www.eltrabajo.cl\/portal\/wp-content\/uploads\/2013\/12\/desastres11.jpg\"><img data-recalc-dims=\"1\" loading=\"lazy\" decoding=\"async\" class=\"size-full wp-image-40231\" title=\"La postal de la barbarie, una imagen que recorri\u00f3 el pa\u00eds y el mundo sobre la realidad que vivimos en San Felipe, donde un jard\u00edn infantil cierra sus puertas por terror.\" alt=\"La postal de la barbarie, una imagen que recorri\u00f3 el pa\u00eds y el mundo sobre la realidad que vivimos en San Felipe, donde un jard\u00edn infantil cierra sus puertas por terror.\" src=\"https:\/\/i0.wp.com\/www.eltrabajo.cl\/portal\/wp-content\/uploads\/2013\/12\/desastres11.jpg?resize=529%2C298\" width=\"529\" height=\"298\" srcset=\"https:\/\/i0.wp.com\/eltrabajo.cl\/portal\/wp-content\/uploads\/2013\/12\/desastres11.jpg?w=529&amp;ssl=1 529w, https:\/\/i0.wp.com\/eltrabajo.cl\/portal\/wp-content\/uploads\/2013\/12\/desastres11.jpg?resize=200%2C112&amp;ssl=1 200w, https:\/\/i0.wp.com\/eltrabajo.cl\/portal\/wp-content\/uploads\/2013\/12\/desastres11.jpg?resize=300%2C168&amp;ssl=1 300w, https:\/\/i0.wp.com\/eltrabajo.cl\/portal\/wp-content\/uploads\/2013\/12\/desastres11.jpg?resize=150%2C84&amp;ssl=1 150w, https:\/\/i0.wp.com\/eltrabajo.cl\/portal\/wp-content\/uploads\/2013\/12\/desastres11.jpg?resize=400%2C225&amp;ssl=1 400w\" sizes=\"auto, (max-width: 529px) 100vw, 529px\" \/><\/a><figcaption id=\"caption-attachment-40231\" class=\"wp-caption-text\">La postal de la barbarie, una imagen que recorri\u00f3 el pa\u00eds y el mundo sobre la realidad que vivimos en San Felipe, donde un jard\u00edn infantil cierra sus puertas por terror.<\/figcaption><\/figure>\n<p>Tras los incidentes registrados el jueves y el viernes en Villa 250 A\u00f1os, las t\u00edas del Jard\u00edn Infantil Sol Naciente decidieron suspender la atenci\u00f3n de los peque\u00f1os, como una manera de resguardar su integridad y la de los alumnos.<\/p>\n<p>La informaci\u00f3n la entreg\u00f3 \u00c1ngela Tapia, Presidenta de la Asociaci\u00f3n de Trabajadores de Jardines Infantiles, quien se\u00f1al\u00f3 que luego de reunirse con el director de la Daem, Iv\u00e1n Silva, se resolvi\u00f3 esta medida, que significa que ayer lunes no hubo atenci\u00f3n, como tampoco la habr\u00e1 hoy martes y ma\u00f1ana mi\u00e9rcoles, reanud\u00e1ndose la actividad con los p\u00e1rvulos reci\u00e9n el pr\u00f3ximo jueves 5 de diciembre.<\/p>\n<p>\u201cNosotros hoy (ayer) tuvimos una conversaci\u00f3n con el jefe del Daem, para tener la seguridad de que los ni\u00f1os entren al jard\u00edn cumpliendo con su resguardo personal, a prop\u00f3sito de los problemas que est\u00e1n sucediendo en la 250 A\u00f1os, pero sin dejar de atender a las familias, que se comienzan a atender el pr\u00f3ximo jueves, de 08:30 a 15:30 horas, as\u00ed va a funcionar el jard\u00edn, hasta nuevo aviso\u201d, se\u00f1al\u00f3 \u00c1ngela Tapia.<\/p>\n<p>La dirigente manifest\u00f3 que debido a la preocupaci\u00f3n que se genera por la posibilidad de nuevos episodios de violencia y el riesgo que sufren los ni\u00f1os, se decidi\u00f3 tomar esta determinaci\u00f3n.<\/p>\n<p>En este sentido, formul\u00f3 un llamado para que los padres y apoderados \u201cpuedan entender la situaci\u00f3n de las t\u00edas, pero adem\u00e1s nosotros pusimos mucho \u00e9nfasis en volver a atenderlas, pero con la seguridad que merecen\u201d.<\/p>\n<p>El Jard\u00edn Infantil Sol Naciente registra una matr\u00edcula de 90 peque\u00f1os.<\/p>\n<p>&nbsp;<\/p>\n","protected":false},"excerpt":{"rendered":"<p>Tras los incidentes registrados el jueves y el viernes en Villa 250 A\u00f1os, las t\u00edas del Jard\u00edn Infantil Sol Naciente decidieron suspender la atenci\u00f3n de los peque\u00f1os, como una manera de resguardar&#8230;<\/p>\n","protected":false},"author":482,"featured_media":40231,"comment_status":"open","ping_status":"closed","sticky":false,"template":"","format":"standard","meta":{"advanced_seo_description":"","jetpack_seo_html_title":"","jetpack_seo_noindex":false,"_jetpack_memberships_contains_paid_content":false,"footnotes":""},"categories":[1],"tags":[],"class_list":["post-40230","post","type-post","status-publish","format-standard","has-post-thumbnail","hentry","category-cronica"],"jetpack_featured_media_url":"https:\/\/i0.wp.com\/eltrabajo.cl\/portal\/wp-content\/uploads\/2013\/12\/desastres11.jpg?fit=529%2C298&ssl=1","jetpack_sharing_enabled":true,"jetpack_likes_enabled":true,"jetpack-related-posts":[],"_links":{"self":[{"href":"https:\/\/eltrabajo.cl\/portal\/wp-json\/wp\/v2\/posts\/40230","targetHints":{"allow":["GET"]}}],"collection":[{"href":"https:\/\/eltrabajo.cl\/portal\/wp-json\/wp\/v2\/posts"}],"about":[{"href":"https:\/\/eltrabajo.cl\/portal\/wp-json\/wp\/v2\/types\/post"}],"author":[{"embeddable":true,"href":"https:\/\/eltrabajo.cl\/portal\/wp-json\/wp\/v2\/users\/482"}],"replies":[{"embeddable":true,"href":"https:\/\/eltrabajo.cl\/portal\/wp-json\/wp\/v2\/comments?post=40230"}],"version-history":[{"count":0,"href":"https:\/\/eltrabajo.cl\/portal\/wp-json\/wp\/v2\/posts\/40230\/revisions"}],"wp:featuredmedia":[{"embeddable":true,"href":"https:\/\/eltrabajo.cl\/portal\/wp-json\/wp\/v2\/media\/40231"}],"wp:attachment":[{"href":"https:\/\/eltrabajo.cl\/portal\/wp-json\/wp\/v2\/media?parent=40230"}],"wp:term":[{"taxonomy":"category","embeddable":true,"href":"https:\/\/eltrabajo.cl\/portal\/wp-json\/wp\/v2\/categories?post=40230"},{"taxonomy":"post_tag","embeddable":true,"href":"https:\/\/eltrabajo.cl\/portal\/wp-json\/wp\/v2\/tags?post=40230"}],"curies":[{"name":"wp","href":"https:\/\/api.w.org\/{rel}","templated":true}]}}