{"id":40236,"date":"2013-12-04T09:09:00","date_gmt":"2013-12-04T12:09:00","guid":{"rendered":"http:\/\/www.eltrabajo.cl\/portal\/?p=40236"},"modified":"2013-12-04T09:09:00","modified_gmt":"2013-12-04T12:09:00","slug":"finalizaron-los-diez-dias-de-comitivas-culturales","status":"publish","type":"post","link":"https:\/\/eltrabajo.cl\/portal\/finalizaron-los-diez-dias-de-comitivas-culturales\/","title":{"rendered":"Finalizaron los diez d\u00edas de Comitivas Culturales"},"content":{"rendered":"<figure id=\"attachment_40237\" aria-describedby=\"caption-attachment-40237\" style=\"width: 529px\" class=\"wp-caption alignnone\"><a href=\"https:\/\/i0.wp.com\/www.eltrabajo.cl\/portal\/wp-content\/uploads\/2013\/12\/artistas1.jpg\"><img data-recalc-dims=\"1\" loading=\"lazy\" decoding=\"async\" class=\"size-full wp-image-40237\" title=\"ARTE Y COLOR.- Comitivas Culturales es la permanencia  de un grupo o colectivo multidisciplinario por diez d\u00edas en una comuna determinada, en este caso Santa Mar\u00eda es la beneficiada de esta actividad.\" alt=\"ARTE Y COLOR.- Comitivas Culturales es la permanencia  de un grupo o colectivo multidisciplinario por diez d\u00edas en una comuna determinada, en este caso Santa Mar\u00eda es la beneficiada de esta actividad.\" src=\"https:\/\/i0.wp.com\/www.eltrabajo.cl\/portal\/wp-content\/uploads\/2013\/12\/artistas1.jpg?resize=529%2C386\" width=\"529\" height=\"386\" srcset=\"https:\/\/i0.wp.com\/eltrabajo.cl\/portal\/wp-content\/uploads\/2013\/12\/artistas1.jpg?w=529&amp;ssl=1 529w, https:\/\/i0.wp.com\/eltrabajo.cl\/portal\/wp-content\/uploads\/2013\/12\/artistas1.jpg?resize=200%2C145&amp;ssl=1 200w, https:\/\/i0.wp.com\/eltrabajo.cl\/portal\/wp-content\/uploads\/2013\/12\/artistas1.jpg?resize=300%2C218&amp;ssl=1 300w, https:\/\/i0.wp.com\/eltrabajo.cl\/portal\/wp-content\/uploads\/2013\/12\/artistas1.jpg?resize=150%2C109&amp;ssl=1 150w, https:\/\/i0.wp.com\/eltrabajo.cl\/portal\/wp-content\/uploads\/2013\/12\/artistas1.jpg?resize=400%2C291&amp;ssl=1 400w\" sizes=\"auto, (max-width: 529px) 100vw, 529px\" \/><\/a><figcaption id=\"caption-attachment-40237\" class=\"wp-caption-text\">ARTE Y COLOR.- Comitivas Culturales es la permanencia de un grupo o colectivo multidisciplinario por diez d\u00edas en una comuna determinada, en este caso Santa Mar\u00eda es la beneficiada de esta actividad.<\/figcaption><\/figure>\n<p><strong>SANTA MAR\u00cdA.<\/strong>&#8211; Bajo el alero del Programa Servicio Pa\u00eds Cultura se enmarcaron las actividades de las Comitivas Culturales financiadas por el Consejo Nacional de la Cultura y las Artes en su convenio tripartito con la Fundaci\u00f3n Superaci\u00f3n de la Pobreza y la Municipalidad de Santa Mar\u00eda.<\/p>\n<figure id=\"attachment_40238\" aria-describedby=\"caption-attachment-40238\" style=\"width: 423px\" class=\"wp-caption alignright\"><a href=\"https:\/\/i0.wp.com\/www.eltrabajo.cl\/portal\/wp-content\/uploads\/2013\/12\/payasitos1.jpg\"><img data-recalc-dims=\"1\" loading=\"lazy\" decoding=\"async\" class=\" wp-image-40238 \" title=\"PAYASITOS.- Al tercer taller de Teatro Callejero, se dio culminaci\u00f3n en la Feria Agr\u00edcola con \u2018La Brigada Payas\u00edstica\u2019, la cual llen\u00f3 de colores y risas las calles de Santa Mar\u00eda.\" alt=\"PAYASITOS.- Al tercer taller de Teatro Callejero, se dio culminaci\u00f3n en la Feria Agr\u00edcola con \u2018La Brigada Payas\u00edstica\u2019, la cual llen\u00f3 de colores y risas las calles de Santa Mar\u00eda.\" src=\"https:\/\/i0.wp.com\/www.eltrabajo.cl\/portal\/wp-content\/uploads\/2013\/12\/payasitos1.jpg?resize=423%2C314\" width=\"423\" height=\"314\" srcset=\"https:\/\/i0.wp.com\/eltrabajo.cl\/portal\/wp-content\/uploads\/2013\/12\/payasitos1.jpg?w=529&amp;ssl=1 529w, https:\/\/i0.wp.com\/eltrabajo.cl\/portal\/wp-content\/uploads\/2013\/12\/payasitos1.jpg?resize=200%2C148&amp;ssl=1 200w, https:\/\/i0.wp.com\/eltrabajo.cl\/portal\/wp-content\/uploads\/2013\/12\/payasitos1.jpg?resize=300%2C222&amp;ssl=1 300w, https:\/\/i0.wp.com\/eltrabajo.cl\/portal\/wp-content\/uploads\/2013\/12\/payasitos1.jpg?resize=150%2C111&amp;ssl=1 150w, https:\/\/i0.wp.com\/eltrabajo.cl\/portal\/wp-content\/uploads\/2013\/12\/payasitos1.jpg?resize=400%2C296&amp;ssl=1 400w\" sizes=\"auto, (max-width: 423px) 100vw, 423px\" \/><\/a><figcaption id=\"caption-attachment-40238\" class=\"wp-caption-text\">PAYASITOS.- Al tercer taller de Teatro Callejero, se dio culminaci\u00f3n en la Feria Agr\u00edcola con \u2018La Brigada Payas\u00edstica\u2019, la cual llen\u00f3 de colores y risas las calles de Santa Mar\u00eda.<\/figcaption><\/figure>\n<p>Las Comitivas Culturales es la permanencia de un grupo o colectivo multidisciplinario por diez d\u00edas en una comuna determinada, en este caso Santa Mar\u00eda es la beneficiada de esta actividad con la llegada de la Compa\u00f1\u00eda de Teatro Urgente Delirio de Valpara\u00edso, la cual trabaj\u00f3 tres talleres, uno de Dramaturgia, llevado a cabo en la biblioteca municipal; el taller de Teatro Documental, realizado en la localidad de Las Cabras, en su sede vecinal; ambos talleres dieron t\u00e9rmino recientemente en el Caf\u00e9 Butaca 15, fue un cierre \u00edntimo de lecturas de poemas, lecturas dramatizadas y relatos de historia local. Al tercer taller de Teatro Callejero, se dio culminaci\u00f3n en la Feria Agr\u00edcola con \u2018La Brigada Payas\u00edstica\u2019, la cual llen\u00f3 de colores y risas las calles de Santa Mar\u00eda, no s\u00f3lo el d\u00eda del cierre, sino tambi\u00e9n en el proceso del taller ya que se intervinieron diferentes espacios con estos payasitos, la mayor\u00eda ni\u00f1os de la comuna.<\/p>\n<p>&nbsp;<\/p>\n","protected":false},"excerpt":{"rendered":"<p>SANTA MAR\u00cdA.&#8211; Bajo el alero del Programa Servicio Pa\u00eds Cultura se enmarcaron las actividades de las Comitivas Culturales financiadas por el Consejo Nacional de la Cultura y las Artes en su convenio&#8230;<\/p>\n","protected":false},"author":482,"featured_media":40237,"comment_status":"open","ping_status":"closed","sticky":false,"template":"","format":"standard","meta":{"advanced_seo_description":"","jetpack_seo_html_title":"","jetpack_seo_noindex":false,"_jetpack_memberships_contains_paid_content":false,"footnotes":""},"categories":[15],"tags":[],"class_list":["post-40236","post","type-post","status-publish","format-standard","has-post-thumbnail","hentry","category-comunidad"],"jetpack_featured_media_url":"https:\/\/i0.wp.com\/eltrabajo.cl\/portal\/wp-content\/uploads\/2013\/12\/artistas1.jpg?fit=529%2C386&ssl=1","jetpack_sharing_enabled":true,"jetpack_likes_enabled":true,"jetpack-related-posts":[],"_links":{"self":[{"href":"https:\/\/eltrabajo.cl\/portal\/wp-json\/wp\/v2\/posts\/40236","targetHints":{"allow":["GET"]}}],"collection":[{"href":"https:\/\/eltrabajo.cl\/portal\/wp-json\/wp\/v2\/posts"}],"about":[{"href":"https:\/\/eltrabajo.cl\/portal\/wp-json\/wp\/v2\/types\/post"}],"author":[{"embeddable":true,"href":"https:\/\/eltrabajo.cl\/portal\/wp-json\/wp\/v2\/users\/482"}],"replies":[{"embeddable":true,"href":"https:\/\/eltrabajo.cl\/portal\/wp-json\/wp\/v2\/comments?post=40236"}],"version-history":[{"count":0,"href":"https:\/\/eltrabajo.cl\/portal\/wp-json\/wp\/v2\/posts\/40236\/revisions"}],"wp:featuredmedia":[{"embeddable":true,"href":"https:\/\/eltrabajo.cl\/portal\/wp-json\/wp\/v2\/media\/40237"}],"wp:attachment":[{"href":"https:\/\/eltrabajo.cl\/portal\/wp-json\/wp\/v2\/media?parent=40236"}],"wp:term":[{"taxonomy":"category","embeddable":true,"href":"https:\/\/eltrabajo.cl\/portal\/wp-json\/wp\/v2\/categories?post=40236"},{"taxonomy":"post_tag","embeddable":true,"href":"https:\/\/eltrabajo.cl\/portal\/wp-json\/wp\/v2\/tags?post=40236"}],"curies":[{"name":"wp","href":"https:\/\/api.w.org\/{rel}","templated":true}]}}