{"id":40241,"date":"2013-12-04T09:10:08","date_gmt":"2013-12-04T12:10:08","guid":{"rendered":"http:\/\/www.eltrabajo.cl\/portal\/?p=40241"},"modified":"2013-12-04T09:10:08","modified_gmt":"2013-12-04T12:10:08","slug":"en-san-felipe-presentan-nueva-politica-nacional-de-discapacidad","status":"publish","type":"post","link":"https:\/\/eltrabajo.cl\/portal\/en-san-felipe-presentan-nueva-politica-nacional-de-discapacidad\/","title":{"rendered":"En San Felipe presentan nueva Pol\u00edtica Nacional de Discapacidad"},"content":{"rendered":"<figure id=\"attachment_40242\" aria-describedby=\"caption-attachment-40242\" style=\"width: 528px\" class=\"wp-caption alignnone\"><a href=\"https:\/\/i0.wp.com\/www.eltrabajo.cl\/portal\/wp-content\/uploads\/2013\/12\/politica-discapacidad.jpg\"><img data-recalc-dims=\"1\" loading=\"lazy\" decoding=\"async\" class=\"size-full wp-image-40242\" title=\"Autoridades presentes en el Teatro Municipal donde fue dada a conocer la reci\u00e9n anunciada Pol\u00edtica Nacional de Discapacidad.\" alt=\"Autoridades presentes en el Teatro Municipal donde fue dada a conocer la reci\u00e9n anunciada Pol\u00edtica Nacional de Discapacidad.\" src=\"https:\/\/i0.wp.com\/www.eltrabajo.cl\/portal\/wp-content\/uploads\/2013\/12\/politica-discapacidad.jpg?resize=528%2C283\" width=\"528\" height=\"283\" srcset=\"https:\/\/i0.wp.com\/eltrabajo.cl\/portal\/wp-content\/uploads\/2013\/12\/politica-discapacidad.jpg?w=528&amp;ssl=1 528w, https:\/\/i0.wp.com\/eltrabajo.cl\/portal\/wp-content\/uploads\/2013\/12\/politica-discapacidad.jpg?resize=200%2C107&amp;ssl=1 200w, https:\/\/i0.wp.com\/eltrabajo.cl\/portal\/wp-content\/uploads\/2013\/12\/politica-discapacidad.jpg?resize=300%2C160&amp;ssl=1 300w, https:\/\/i0.wp.com\/eltrabajo.cl\/portal\/wp-content\/uploads\/2013\/12\/politica-discapacidad.jpg?resize=150%2C80&amp;ssl=1 150w, https:\/\/i0.wp.com\/eltrabajo.cl\/portal\/wp-content\/uploads\/2013\/12\/politica-discapacidad.jpg?resize=400%2C214&amp;ssl=1 400w\" sizes=\"auto, (max-width: 528px) 100vw, 528px\" \/><\/a><figcaption id=\"caption-attachment-40242\" class=\"wp-caption-text\">Autoridades presentes en el Teatro Municipal donde fue dada a conocer la reci\u00e9n anunciada Pol\u00edtica Nacional de Discapacidad.<\/figcaption><\/figure>\n<ul>\n<li><strong>El documento establece distintas medidas para mejorar la calidad de vida de las personas con discapacidad, en \u00e1reas como el acceso a la educaci\u00f3n y salud, y la integraci\u00f3n laboral.<\/strong><\/li>\n<\/ul>\n<p>Este martes en el Teatro Municipal de San Felipe fue dada a conocer para toda la Regi\u00f3n de Valpara\u00edso, la reci\u00e9n anunciada Pol\u00edtica Nacional de Discapacidad.<\/p>\n<p>El Ministerio de Desarrollo Social est\u00e1 detr\u00e1s de la medida que representa el primer paso para establecer una estrategia como pa\u00eds, m\u00e1s inclusiva para la poblaci\u00f3n de chilenos discapacitados, casi un 12.9% del total nacional de habitantes.<\/p>\n<p>Este anuncio \u2013hecho oficial hace 24 horas por el Presidente Sebasti\u00e1n Pi\u00f1era- estuvo a cargo del Director Regional del Servicio Nacional de la Discapacidad, Francisco Laso, quien explic\u00f3: \u201cLos nueve principios en los que se sustenta la Pol\u00edtica son la Igualdad de Oportunidades, Corresponsabilidad, Enfoque de Derechos, Vida Independiente, Participaci\u00f3n y Di\u00e1logo Social, Transversalidad e Intersectorialidad, Territorialidad, Dise\u00f1o y Accesibilidad Universal, pero adem\u00e1s, contempla lineamientos estrat\u00e9gicos en \u00e1reas clave como educaci\u00f3n, salud e inclusi\u00f3n laboral, entre otros\u201d.<\/p>\n<p>Para elaborar esta pol\u00edtica se realizaron Di\u00e1logos Participativos en los que estuvieron presente m\u00e1s de 1.400 representantes de distintas agrupaciones vinculadas a personas con discapacidad y organismos p\u00fablicos de todo el pa\u00eds. Posteriormente se trabaj\u00f3 con las contrapartes t\u00e9cnicas de distintos ministerios para finalmente ser aprobada por el Comit\u00e9 de Ministros de Desarrollo Social.<\/p>\n<p>La presentaci\u00f3n regional de estos lineamientos, se realiz\u00f3 en el marco de la conmemoraci\u00f3n del D\u00eda Internacional de la Discapacidad y la entrega de reconocimientos a numerosos miembros de la comunidad, destacados por su aporte en esta materia.<\/p>\n<p>En la actividad estuvo presente la Gobernadora de San Felipe, Patricia Boffa: \u201cPara nosotros como Gobierno es muy importante esta pol\u00edtica de discapacidad. Se ha trabajado tambi\u00e9n con los usuarios para elaborarla, porque esa es la verdadera inclusi\u00f3n\u201d, destac\u00f3 la m\u00e1xima autoridad provincial.<\/p>\n<p>El anuncio tambi\u00e9n adelant\u00f3 la futura implementaci\u00f3n de un Programa para las personas con altos grados de dependencia. Que \u201ces un ejemplo concreto de c\u00f3mo el Estado se involucra en mayor grado\u201d, dijo el Ministro de Desarrollo Social, Bruno Baranda.<\/p>\n<p>Dicho Programa Promoci\u00f3n de la Autonom\u00eda y Atenci\u00f3n de la Dependencia, consiste en la articulaci\u00f3n, fortalecimiento y creaci\u00f3n de una red de dispositivos de atenci\u00f3n domiciliaria, centros de d\u00eda y centros de larga estad\u00eda, con planes diferenciados seg\u00fan las necesidades de cada persona. Entre 2012 y 2013 se implementaron 15 centros pilotos y para 2014 hay un presupuesto aprobado de $756 millones.<\/p>\n<p>&nbsp;<\/p>\n","protected":false},"excerpt":{"rendered":"<p>El documento establece distintas medidas para mejorar la calidad de vida de las personas con discapacidad, en \u00e1reas como el acceso a la educaci\u00f3n y salud, y la integraci\u00f3n laboral. Este martes&#8230;<\/p>\n","protected":false},"author":482,"featured_media":40242,"comment_status":"open","ping_status":"closed","sticky":false,"template":"","format":"standard","meta":{"advanced_seo_description":"","jetpack_seo_html_title":"","jetpack_seo_noindex":false,"_jetpack_memberships_contains_paid_content":false,"footnotes":""},"categories":[1],"tags":[],"class_list":["post-40241","post","type-post","status-publish","format-standard","has-post-thumbnail","hentry","category-cronica"],"jetpack_featured_media_url":"https:\/\/i0.wp.com\/eltrabajo.cl\/portal\/wp-content\/uploads\/2013\/12\/politica-discapacidad.jpg?fit=528%2C283&ssl=1","jetpack_sharing_enabled":true,"jetpack_likes_enabled":true,"jetpack-related-posts":[],"_links":{"self":[{"href":"https:\/\/eltrabajo.cl\/portal\/wp-json\/wp\/v2\/posts\/40241","targetHints":{"allow":["GET"]}}],"collection":[{"href":"https:\/\/eltrabajo.cl\/portal\/wp-json\/wp\/v2\/posts"}],"about":[{"href":"https:\/\/eltrabajo.cl\/portal\/wp-json\/wp\/v2\/types\/post"}],"author":[{"embeddable":true,"href":"https:\/\/eltrabajo.cl\/portal\/wp-json\/wp\/v2\/users\/482"}],"replies":[{"embeddable":true,"href":"https:\/\/eltrabajo.cl\/portal\/wp-json\/wp\/v2\/comments?post=40241"}],"version-history":[{"count":0,"href":"https:\/\/eltrabajo.cl\/portal\/wp-json\/wp\/v2\/posts\/40241\/revisions"}],"wp:featuredmedia":[{"embeddable":true,"href":"https:\/\/eltrabajo.cl\/portal\/wp-json\/wp\/v2\/media\/40242"}],"wp:attachment":[{"href":"https:\/\/eltrabajo.cl\/portal\/wp-json\/wp\/v2\/media?parent=40241"}],"wp:term":[{"taxonomy":"category","embeddable":true,"href":"https:\/\/eltrabajo.cl\/portal\/wp-json\/wp\/v2\/categories?post=40241"},{"taxonomy":"post_tag","embeddable":true,"href":"https:\/\/eltrabajo.cl\/portal\/wp-json\/wp\/v2\/tags?post=40241"}],"curies":[{"name":"wp","href":"https:\/\/api.w.org\/{rel}","templated":true}]}}