{"id":40244,"date":"2013-12-04T09:11:38","date_gmt":"2013-12-04T12:11:38","guid":{"rendered":"http:\/\/www.eltrabajo.cl\/portal\/?p=40244"},"modified":"2013-12-04T09:11:38","modified_gmt":"2013-12-04T12:11:38","slug":"este-jueves-y-viernes-se-realizara-feria-laboral-en-san-felipe","status":"publish","type":"post","link":"https:\/\/eltrabajo.cl\/portal\/este-jueves-y-viernes-se-realizara-feria-laboral-en-san-felipe\/","title":{"rendered":"Este jueves y viernes se realizar\u00e1 Feria Laboral en San Felipe"},"content":{"rendered":"<figure id=\"attachment_40245\" aria-describedby=\"caption-attachment-40245\" style=\"width: 476px\" class=\"wp-caption alignleft\"><a href=\"https:\/\/i0.wp.com\/www.eltrabajo.cl\/portal\/wp-content\/uploads\/2013\/12\/marcela-y-andrea.jpg\"><img data-recalc-dims=\"1\" loading=\"lazy\" decoding=\"async\" class=\" wp-image-40245 \" title=\"Andrea Julio, profesional de la Omil, y Marcela Pentzke, gerente de la empresa conservera, se refirieron a la realizaci\u00f3n de esta feria laboral. \" alt=\"Andrea Julio, profesional de la Omil, y Marcela Pentzke, gerente de la empresa conservera, se refirieron a la realizaci\u00f3n de esta feria laboral. \" src=\"https:\/\/i0.wp.com\/www.eltrabajo.cl\/portal\/wp-content\/uploads\/2013\/12\/marcela-y-andrea.jpg?resize=476%2C357\" width=\"476\" height=\"357\" srcset=\"https:\/\/i0.wp.com\/eltrabajo.cl\/portal\/wp-content\/uploads\/2013\/12\/marcela-y-andrea.jpg?w=529&amp;ssl=1 529w, https:\/\/i0.wp.com\/eltrabajo.cl\/portal\/wp-content\/uploads\/2013\/12\/marcela-y-andrea.jpg?resize=200%2C150&amp;ssl=1 200w, https:\/\/i0.wp.com\/eltrabajo.cl\/portal\/wp-content\/uploads\/2013\/12\/marcela-y-andrea.jpg?resize=300%2C225&amp;ssl=1 300w, https:\/\/i0.wp.com\/eltrabajo.cl\/portal\/wp-content\/uploads\/2013\/12\/marcela-y-andrea.jpg?resize=150%2C112&amp;ssl=1 150w, https:\/\/i0.wp.com\/eltrabajo.cl\/portal\/wp-content\/uploads\/2013\/12\/marcela-y-andrea.jpg?resize=400%2C300&amp;ssl=1 400w\" sizes=\"auto, (max-width: 476px) 100vw, 476px\" \/><\/a><figcaption id=\"caption-attachment-40245\" class=\"wp-caption-text\">Andrea Julio, profesional de la Omil, y Marcela Pentzke, gerente de la empresa conservera, se refirieron a la realizaci\u00f3n de esta feria laboral.<\/figcaption><\/figure>\n<p>Para este jueves 5 y viernes 6 de diciembre, est\u00e1 contemplada la realizaci\u00f3n de la Primera Feria Laboral que organiza la Conservera Pentzke de San Felipe, empresa que requiere contratar a gran cantidad de personal para distintos cargos.<\/p>\n<p>Se trata de una instancia que da cuenta de las dificultades que ha enfrentado la empresa para cubrir los puestos de trabajo que ofrece, lo que le ha llevado en ocasiones incluso a contratar personal de otros puntos de la regi\u00f3n y el pa\u00eds.<\/p>\n<p>Marcela Pentzke, gerente de la empresa, coment\u00f3 que en esta ocasi\u00f3n se requiere personal para los siguientes puestos: mec\u00e1nicos, electromec\u00e1nicos, operarios de higiene, operadores de gr\u00faa horquilla, operadores de equipo industrial, personal de \u00e1rea recepci\u00f3n de materia prima, personal para registro de documentos en el \u00e1rea productivo, supervisores de producci\u00f3n, ingeniero en alimentos, personal para el \u00e1rea de embarque, analistas del \u00e1rea laboratorio, analistas de control sello, analistas de pesaje de insumo, analista de control y creaci\u00f3n de procedimientos.<\/p>\n<p>\u201cEstamos invitando a la gente de San Felipe y alrededores, a participar de nuestra primera Feria Laboral, que se realizar\u00e1 en la Plaza C\u00edvica de San Felipe, cuyo objetivo es darle trabajo a la gente de nuestra zona en la empresa, para lo cual tenemos a disposici\u00f3n cargos de temporada e indefinidos\u201d, se\u00f1al\u00f3 Marcela Pentzke.<\/p>\n<p>Quienes resulten seleccionados, comenzar\u00e1n a trabajar en el mes de enero, debiendo cumplir requisitos de edad, entre 18 y 60 a\u00f1os, as\u00ed como tambi\u00e9n presentar la c\u00e9dula de identidad y el curr\u00edculum vitae.<\/p>\n<p>Respecto de la necesidad de mano de obra para la empresa, Marcela Pentzke dijo que \u201ces verdad que hemos tenido que recurrir a personal de otras zonas, pero esa no es la idea, por eso queremos hacer esta feria, para contratar a la gente de nuestro valle y si no cumplimos la dotaci\u00f3n de personal, apelar a otros puntos de la regi\u00f3n y el pa\u00eds\u201d.<\/p>\n<p>&nbsp;<\/p>\n<p><strong>APOYO OMIL<\/strong><\/p>\n<p>En este mismo sentido, la profesional de Omil, Andrea Julio, destac\u00f3 el respaldo que esta entidad ha entregado a la realizaci\u00f3n de esta Feria Laboral.<\/p>\n<p>\u201cHemos querido nuevamente ser parte de este trabajo en conjunto con la empresa privada, d\u00e1ndole prioridad a nuestra gente, por eso ponemos a disposici\u00f3n nuestra Omil, para hacer un enlace con la Conservera y as\u00ed hacer m\u00e1s f\u00e1cil este proceso\u201d, se\u00f1al\u00f3 Andrea Julio.<\/p>\n<p>A\u00f1adi\u00f3 que en la oportunidad, habr\u00e1 un m\u00f3dulo de atenci\u00f3n de la Oficina Municipal de Intermediaci\u00f3n Laboral, que estar\u00e1 orientando, apoyando y colaborando en la realizaci\u00f3n de esta Feria Laboral, recordando que este es un trabajo que realiza de manera sistem\u00e1tica la unidad que depende del municipio, as\u00ed como de Sence.<\/p>\n<p>&nbsp;<\/p>\n","protected":false},"excerpt":{"rendered":"<p>Para este jueves 5 y viernes 6 de diciembre, est\u00e1 contemplada la realizaci\u00f3n de la Primera Feria Laboral que organiza la Conservera Pentzke de San Felipe, empresa que requiere contratar a gran&#8230;<\/p>\n","protected":false},"author":482,"featured_media":40245,"comment_status":"open","ping_status":"closed","sticky":false,"template":"","format":"standard","meta":{"advanced_seo_description":"","jetpack_seo_html_title":"","jetpack_seo_noindex":false,"_jetpack_memberships_contains_paid_content":false,"footnotes":""},"categories":[1],"tags":[],"class_list":["post-40244","post","type-post","status-publish","format-standard","has-post-thumbnail","hentry","category-cronica"],"jetpack_featured_media_url":"https:\/\/i0.wp.com\/eltrabajo.cl\/portal\/wp-content\/uploads\/2013\/12\/marcela-y-andrea.jpg?fit=529%2C397&ssl=1","jetpack_sharing_enabled":true,"jetpack_likes_enabled":true,"jetpack-related-posts":[],"_links":{"self":[{"href":"https:\/\/eltrabajo.cl\/portal\/wp-json\/wp\/v2\/posts\/40244","targetHints":{"allow":["GET"]}}],"collection":[{"href":"https:\/\/eltrabajo.cl\/portal\/wp-json\/wp\/v2\/posts"}],"about":[{"href":"https:\/\/eltrabajo.cl\/portal\/wp-json\/wp\/v2\/types\/post"}],"author":[{"embeddable":true,"href":"https:\/\/eltrabajo.cl\/portal\/wp-json\/wp\/v2\/users\/482"}],"replies":[{"embeddable":true,"href":"https:\/\/eltrabajo.cl\/portal\/wp-json\/wp\/v2\/comments?post=40244"}],"version-history":[{"count":0,"href":"https:\/\/eltrabajo.cl\/portal\/wp-json\/wp\/v2\/posts\/40244\/revisions"}],"wp:featuredmedia":[{"embeddable":true,"href":"https:\/\/eltrabajo.cl\/portal\/wp-json\/wp\/v2\/media\/40245"}],"wp:attachment":[{"href":"https:\/\/eltrabajo.cl\/portal\/wp-json\/wp\/v2\/media?parent=40244"}],"wp:term":[{"taxonomy":"category","embeddable":true,"href":"https:\/\/eltrabajo.cl\/portal\/wp-json\/wp\/v2\/categories?post=40244"},{"taxonomy":"post_tag","embeddable":true,"href":"https:\/\/eltrabajo.cl\/portal\/wp-json\/wp\/v2\/tags?post=40244"}],"curies":[{"name":"wp","href":"https:\/\/api.w.org\/{rel}","templated":true}]}}