{"id":40248,"date":"2013-12-04T09:12:41","date_gmt":"2013-12-04T12:12:41","guid":{"rendered":"http:\/\/www.eltrabajo.cl\/portal\/?p=40248"},"modified":"2013-12-04T09:12:41","modified_gmt":"2013-12-04T12:12:41","slug":"alcalde-freire-celebra-a-las-secretarias-de-la-municipalidad-en-su-dia","status":"publish","type":"post","link":"https:\/\/eltrabajo.cl\/portal\/alcalde-freire-celebra-a-las-secretarias-de-la-municipalidad-en-su-dia\/","title":{"rendered":"Alcalde Freire celebra a las Secretarias de la Municipalidad en su d\u00eda"},"content":{"rendered":"<figure id=\"attachment_40249\" aria-describedby=\"caption-attachment-40249\" style=\"width: 528px\" class=\"wp-caption alignnone\"><a href=\"https:\/\/i0.wp.com\/www.eltrabajo.cl\/portal\/wp-content\/uploads\/2013\/12\/dia-de-la-secretaria.jpg\"><img data-recalc-dims=\"1\" loading=\"lazy\" decoding=\"async\" class=\"size-full wp-image-40249\" title=\"El Alcalde Patricio Freire junto a sus asesores m\u00e1s cercanos que conforman su equipo de trabajo, festejaron a las Secretarias de la Municipalidad en su d\u00eda.\" alt=\"El Alcalde Patricio Freire junto a sus asesores m\u00e1s cercanos que conforman su equipo de trabajo, festejaron a las Secretarias de la Municipalidad en su d\u00eda.\" src=\"https:\/\/i0.wp.com\/www.eltrabajo.cl\/portal\/wp-content\/uploads\/2013\/12\/dia-de-la-secretaria.jpg?resize=528%2C257\" width=\"528\" height=\"257\" srcset=\"https:\/\/i0.wp.com\/eltrabajo.cl\/portal\/wp-content\/uploads\/2013\/12\/dia-de-la-secretaria.jpg?w=528&amp;ssl=1 528w, https:\/\/i0.wp.com\/eltrabajo.cl\/portal\/wp-content\/uploads\/2013\/12\/dia-de-la-secretaria.jpg?resize=200%2C97&amp;ssl=1 200w, https:\/\/i0.wp.com\/eltrabajo.cl\/portal\/wp-content\/uploads\/2013\/12\/dia-de-la-secretaria.jpg?resize=300%2C146&amp;ssl=1 300w, https:\/\/i0.wp.com\/eltrabajo.cl\/portal\/wp-content\/uploads\/2013\/12\/dia-de-la-secretaria.jpg?resize=150%2C73&amp;ssl=1 150w, https:\/\/i0.wp.com\/eltrabajo.cl\/portal\/wp-content\/uploads\/2013\/12\/dia-de-la-secretaria.jpg?resize=400%2C194&amp;ssl=1 400w\" sizes=\"auto, (max-width: 528px) 100vw, 528px\" \/><\/a><figcaption id=\"caption-attachment-40249\" class=\"wp-caption-text\">El Alcalde Patricio Freire junto a sus asesores m\u00e1s cercanos que conforman su equipo de trabajo, festejaron a las Secretarias de la Municipalidad en su d\u00eda.<\/figcaption><\/figure>\n<p>Este martes 3 de diciembre se celebr\u00f3 en todo nuestro pa\u00eds el D\u00eda de la Secretaria, y San Felipe no se rest\u00f3 a las celebraciones. Es as\u00ed que en el Sal\u00f3n de Honor de la Municipalidad, el Alcalde Patricio Freire festej\u00f3 a las m\u00e1s de cuarenta secretarias que trabajan en el municipio.<\/p>\n<p>El d\u00eda fue celebrado con un desayuno, donde las secretarias rieron y compartieron con sus compa\u00f1eras y con el equipo de trabajo del Alcalde Freire, quien agradeci\u00f3 a todas, la acogida que le brindaron al asumir su cargo el 6 de diciembre del a\u00f1o pasado.<\/p>\n<p>Adem\u00e1s el jefe comunal destac\u00f3 el rol de las secretarias dentro del municipio, quienes son el primer eslab\u00f3n con la comunidad, ya que ellas reciben sus consultas y escuchan los problemas que tienen los vecinos.<\/p>\n<p>\u201cMuy contento de celebrar el d\u00eda de la secretaria, ellas tienen un rol importante dentro del municipio, son la primera atenci\u00f3n que se entrega a los vecinos, ellas son la cara del municipio y el primer eslab\u00f3n en contacto con la comunidad\u201d, dijo el Alcalde Freire.<\/p>\n<p>El jefe comunal destac\u00f3 adem\u00e1s el apoyo que cada una de ellas, desde sus puestos, han entregado a los jefes de departamentos, generando un excelente ambiente de trabajo al interior de la Corporaci\u00f3n Edilicia.<\/p>\n<p>&nbsp;<\/p>\n","protected":false},"excerpt":{"rendered":"<p>Este martes 3 de diciembre se celebr\u00f3 en todo nuestro pa\u00eds el D\u00eda de la Secretaria, y San Felipe no se rest\u00f3 a las celebraciones. Es as\u00ed que en el Sal\u00f3n de&#8230;<\/p>\n","protected":false},"author":482,"featured_media":40249,"comment_status":"open","ping_status":"closed","sticky":false,"template":"","format":"standard","meta":{"advanced_seo_description":"","jetpack_seo_html_title":"","jetpack_seo_noindex":false,"_jetpack_memberships_contains_paid_content":false,"footnotes":""},"categories":[1],"tags":[],"class_list":["post-40248","post","type-post","status-publish","format-standard","has-post-thumbnail","hentry","category-cronica"],"jetpack_featured_media_url":"https:\/\/i0.wp.com\/eltrabajo.cl\/portal\/wp-content\/uploads\/2013\/12\/dia-de-la-secretaria.jpg?fit=528%2C257&ssl=1","jetpack_sharing_enabled":true,"jetpack_likes_enabled":true,"jetpack-related-posts":[],"_links":{"self":[{"href":"https:\/\/eltrabajo.cl\/portal\/wp-json\/wp\/v2\/posts\/40248","targetHints":{"allow":["GET"]}}],"collection":[{"href":"https:\/\/eltrabajo.cl\/portal\/wp-json\/wp\/v2\/posts"}],"about":[{"href":"https:\/\/eltrabajo.cl\/portal\/wp-json\/wp\/v2\/types\/post"}],"author":[{"embeddable":true,"href":"https:\/\/eltrabajo.cl\/portal\/wp-json\/wp\/v2\/users\/482"}],"replies":[{"embeddable":true,"href":"https:\/\/eltrabajo.cl\/portal\/wp-json\/wp\/v2\/comments?post=40248"}],"version-history":[{"count":0,"href":"https:\/\/eltrabajo.cl\/portal\/wp-json\/wp\/v2\/posts\/40248\/revisions"}],"wp:featuredmedia":[{"embeddable":true,"href":"https:\/\/eltrabajo.cl\/portal\/wp-json\/wp\/v2\/media\/40249"}],"wp:attachment":[{"href":"https:\/\/eltrabajo.cl\/portal\/wp-json\/wp\/v2\/media?parent=40248"}],"wp:term":[{"taxonomy":"category","embeddable":true,"href":"https:\/\/eltrabajo.cl\/portal\/wp-json\/wp\/v2\/categories?post=40248"},{"taxonomy":"post_tag","embeddable":true,"href":"https:\/\/eltrabajo.cl\/portal\/wp-json\/wp\/v2\/tags?post=40248"}],"curies":[{"name":"wp","href":"https:\/\/api.w.org\/{rel}","templated":true}]}}