{"id":40252,"date":"2013-12-04T09:13:47","date_gmt":"2013-12-04T12:13:47","guid":{"rendered":"http:\/\/www.eltrabajo.cl\/portal\/?p=40252"},"modified":"2013-12-04T09:13:47","modified_gmt":"2013-12-04T12:13:47","slug":"construiran-nuevos-camarines-para-multicancha-de-villa-san-camilo","status":"publish","type":"post","link":"https:\/\/eltrabajo.cl\/portal\/construiran-nuevos-camarines-para-multicancha-de-villa-san-camilo\/","title":{"rendered":"Construir\u00e1n nuevos camarines para multicancha de Villa San Camilo"},"content":{"rendered":"<figure id=\"attachment_40253\" aria-describedby=\"caption-attachment-40253\" style=\"width: 317px\" class=\"wp-caption alignleft\"><a href=\"https:\/\/i0.wp.com\/www.eltrabajo.cl\/portal\/wp-content\/uploads\/2013\/12\/claudio-paredes-2.jpg\"><img data-recalc-dims=\"1\" loading=\"lazy\" decoding=\"async\" class=\" wp-image-40253 \" title=\"Claudio Paredes, jefe de la Secretar\u00eda de Planificaci\u00f3n Comunal.\" alt=\"Claudio Paredes, jefe de la Secretar\u00eda de Planificaci\u00f3n Comunal.\" src=\"https:\/\/i0.wp.com\/www.eltrabajo.cl\/portal\/wp-content\/uploads\/2013\/12\/claudio-paredes-2.jpg?resize=317%2C267\" width=\"317\" height=\"267\" srcset=\"https:\/\/i0.wp.com\/eltrabajo.cl\/portal\/wp-content\/uploads\/2013\/12\/claudio-paredes-2.jpg?w=529&amp;ssl=1 529w, https:\/\/i0.wp.com\/eltrabajo.cl\/portal\/wp-content\/uploads\/2013\/12\/claudio-paredes-2.jpg?resize=178%2C150&amp;ssl=1 178w, https:\/\/i0.wp.com\/eltrabajo.cl\/portal\/wp-content\/uploads\/2013\/12\/claudio-paredes-2.jpg?resize=300%2C252&amp;ssl=1 300w, https:\/\/i0.wp.com\/eltrabajo.cl\/portal\/wp-content\/uploads\/2013\/12\/claudio-paredes-2.jpg?resize=150%2C126&amp;ssl=1 150w, https:\/\/i0.wp.com\/eltrabajo.cl\/portal\/wp-content\/uploads\/2013\/12\/claudio-paredes-2.jpg?resize=400%2C336&amp;ssl=1 400w\" sizes=\"auto, (max-width: 317px) 100vw, 317px\" \/><\/a><figcaption id=\"caption-attachment-40253\" class=\"wp-caption-text\">Claudio Paredes, jefe de la Secretar\u00eda de Planificaci\u00f3n Comunal.<\/figcaption><\/figure>\n<p>El jefe de la Secretar\u00eda de Planificaci\u00f3n de la municipalidad de San Felipe, Claudio Paredes, confirm\u00f3 la aprobaci\u00f3n por parte de Subsecretar\u00eda de Desarrollo Regional (Subdere), de 40 millones de pesos para la construcci\u00f3n de camarines y otras obras complementarias, en la multicancha de la Villa San Camilo.<\/p>\n<p>Se trata de una iniciativa que el Alcalde Patricio Freire present\u00f3 a principios de a\u00f1o este proyecto, a consideraci\u00f3n de la Subdere, siendo aprobados los fondos que permitir\u00e1n desarrollar obras de mejoramiento de la infraestructura existente, con cierre perimetral, bodegas, ba\u00f1o para discapacitados, grader\u00edas y por supuesto, los camarines para la multicancha.<\/p>\n<p>\u201cSon 40 millones y fracci\u00f3n de inversi\u00f3n aprobados ya por la Subdere. Este proyecto se realizar\u00e1 en el sector de la multicancha, generando espacios que no hay, proyecto que nos tiene muy contentos y que da cumplimiento al compromiso que hab\u00eda suscrito el alcalde Freire con los vecinos de la Villa San Camilo\u201d, se\u00f1al\u00f3 Claudio Paredes.<\/p>\n<p>&nbsp;<\/p>\n<p><strong>ESCUELA JUAN G\u00d3MEZ MILLAS<\/strong><\/p>\n<p>Otro proyecto aprobado para su ejecuci\u00f3n, corresponde a la ampliaci\u00f3n del comedor y la cocina de la Escuela Juan G\u00f3mez Millas, el que ser\u00e1 financiado por el PMU \u2013 FIE (Programa Mejoramiento Urbano &#8211; Fondo de Inversi\u00f3n Educacional).<\/p>\n<p>Se trata de un proyecto por 24 millones de pesos, que permitir\u00e1 mejorar la infraestructura que est\u00e1 un tanto deficiente, para los est\u00e1ndares necesarios de un establecimiento.<\/p>\n<p>\u201cSe privilegi\u00f3 la aprobaci\u00f3n de este proyecto, dadas las condiciones y necesidades de los ni\u00f1os que requieren un mejor espacio para su alimentaci\u00f3n, as\u00ed como la cocina de la escuela. De acuerdo a la informaci\u00f3n que nos entregaron, este mes podr\u00edamos llamar a licitaci\u00f3n, iniciando obras en el mes de enero, esperando que todo el proceso se desarrolle conforme a lo esperado\u201d, explic\u00f3 el encargado de la Secpla.<\/p>\n<p>&nbsp;<\/p>\n","protected":false},"excerpt":{"rendered":"<p>El jefe de la Secretar\u00eda de Planificaci\u00f3n de la municipalidad de San Felipe, Claudio Paredes, confirm\u00f3 la aprobaci\u00f3n por parte de Subsecretar\u00eda de Desarrollo Regional (Subdere), de 40 millones de pesos para&#8230;<\/p>\n","protected":false},"author":482,"featured_media":40253,"comment_status":"open","ping_status":"closed","sticky":false,"template":"","format":"standard","meta":{"advanced_seo_description":"","jetpack_seo_html_title":"","jetpack_seo_noindex":false,"_jetpack_memberships_contains_paid_content":false,"footnotes":""},"categories":[1],"tags":[],"class_list":["post-40252","post","type-post","status-publish","format-standard","has-post-thumbnail","hentry","category-cronica"],"jetpack_featured_media_url":"https:\/\/i0.wp.com\/eltrabajo.cl\/portal\/wp-content\/uploads\/2013\/12\/claudio-paredes-2.jpg?fit=529%2C445&ssl=1","jetpack_sharing_enabled":true,"jetpack_likes_enabled":true,"jetpack-related-posts":[],"_links":{"self":[{"href":"https:\/\/eltrabajo.cl\/portal\/wp-json\/wp\/v2\/posts\/40252","targetHints":{"allow":["GET"]}}],"collection":[{"href":"https:\/\/eltrabajo.cl\/portal\/wp-json\/wp\/v2\/posts"}],"about":[{"href":"https:\/\/eltrabajo.cl\/portal\/wp-json\/wp\/v2\/types\/post"}],"author":[{"embeddable":true,"href":"https:\/\/eltrabajo.cl\/portal\/wp-json\/wp\/v2\/users\/482"}],"replies":[{"embeddable":true,"href":"https:\/\/eltrabajo.cl\/portal\/wp-json\/wp\/v2\/comments?post=40252"}],"version-history":[{"count":0,"href":"https:\/\/eltrabajo.cl\/portal\/wp-json\/wp\/v2\/posts\/40252\/revisions"}],"wp:featuredmedia":[{"embeddable":true,"href":"https:\/\/eltrabajo.cl\/portal\/wp-json\/wp\/v2\/media\/40253"}],"wp:attachment":[{"href":"https:\/\/eltrabajo.cl\/portal\/wp-json\/wp\/v2\/media?parent=40252"}],"wp:term":[{"taxonomy":"category","embeddable":true,"href":"https:\/\/eltrabajo.cl\/portal\/wp-json\/wp\/v2\/categories?post=40252"},{"taxonomy":"post_tag","embeddable":true,"href":"https:\/\/eltrabajo.cl\/portal\/wp-json\/wp\/v2\/tags?post=40252"}],"curies":[{"name":"wp","href":"https:\/\/api.w.org\/{rel}","templated":true}]}}