{"id":40260,"date":"2013-12-04T09:16:06","date_gmt":"2013-12-04T12:16:06","guid":{"rendered":"http:\/\/www.eltrabajo.cl\/portal\/?p=40260"},"modified":"2013-12-04T09:16:06","modified_gmt":"2013-12-04T12:16:06","slug":"licitan-proyecto-para-mejoramiento-del-sistema-de-agua-potable-de-los-patos","status":"publish","type":"post","link":"https:\/\/eltrabajo.cl\/portal\/licitan-proyecto-para-mejoramiento-del-sistema-de-agua-potable-de-los-patos\/","title":{"rendered":"Licitan proyecto para mejoramiento del sistema de agua potable de Los Patos"},"content":{"rendered":"<figure id=\"attachment_40262\" aria-describedby=\"caption-attachment-40262\" style=\"width: 317px\" class=\"wp-caption alignleft\"><a href=\"https:\/\/i0.wp.com\/www.eltrabajo.cl\/portal\/wp-content\/uploads\/2013\/12\/gobernadora-boffa.jpg\"><img data-recalc-dims=\"1\" loading=\"lazy\" decoding=\"async\" class=\" wp-image-40262 \" title=\"Patricia Boffa, gobernadora provincial de San Felipe.\" alt=\"Patricia Boffa, gobernadora provincial de San Felipe.\" src=\"https:\/\/i0.wp.com\/www.eltrabajo.cl\/portal\/wp-content\/uploads\/2013\/12\/gobernadora-boffa.jpg?resize=317%2C346\" width=\"317\" height=\"346\" srcset=\"https:\/\/i0.wp.com\/eltrabajo.cl\/portal\/wp-content\/uploads\/2013\/12\/gobernadora-boffa.jpg?w=529&amp;ssl=1 529w, https:\/\/i0.wp.com\/eltrabajo.cl\/portal\/wp-content\/uploads\/2013\/12\/gobernadora-boffa.jpg?resize=137%2C150&amp;ssl=1 137w, https:\/\/i0.wp.com\/eltrabajo.cl\/portal\/wp-content\/uploads\/2013\/12\/gobernadora-boffa.jpg?resize=275%2C300&amp;ssl=1 275w, https:\/\/i0.wp.com\/eltrabajo.cl\/portal\/wp-content\/uploads\/2013\/12\/gobernadora-boffa.jpg?resize=400%2C436&amp;ssl=1 400w\" sizes=\"auto, (max-width: 317px) 100vw, 317px\" \/><\/a><figcaption id=\"caption-attachment-40262\" class=\"wp-caption-text\">Patricia Boffa, gobernadora provincial de San Felipe.<\/figcaption><\/figure>\n<ul>\n<li><strong>Problema de abastecimiento fue resuelto este lunes, en tanto que proyecto de la DOH permitir\u00e1 poner fin a las dificultades que ha presentado el sector.<\/strong><\/li>\n<\/ul>\n<p>A prop\u00f3sito de las dificultades que se presentaron durante tres d\u00edas en la localidad de Los Patos en Putaendo, donde hubo problemas de abastecimiento de agua, los que fueron resueltos este lunes, la gobernadora Patricia Boffa inform\u00f3 que ya se llam\u00f3 a licitaci\u00f3n el proyecto para mejorar este APR, lo que permitir\u00e1 poner fin a los problemas que se presentan con el sistema.<\/p>\n<p>La autoridad provincial inform\u00f3 que este lunes la Direcci\u00f3n de Obras Hidr\u00e1ulicas abri\u00f3 la licitaci\u00f3n p\u00fablica para la ejecuci\u00f3n del proyecto de conservaci\u00f3n del sistema de agua potable de Los Patos, considerando trabajos de an\u00e1lisis completo del funcionamiento del APR, as\u00ed como el cambio de flotador y clorador, que es precisamente lo que ha estado generando problemas para el abastecimiento de los vecinos.<\/p>\n<p>\u201cLa Direcci\u00f3n de Obras Hidr\u00e1ulicas ya abri\u00f3 la licitaci\u00f3n y viene una serie de obras que se realizar\u00e1n en ese sector, resolviendo as\u00ed las dificultades que se han presentado\u201d, manifest\u00f3 la Gobernadora Patricia Boffa.<\/p>\n<p>Respecto de los problemas que se han generado y que mantuvieron sin el vital elemento a los vecinos, dijo que \u201cfueron casi tres d\u00edas en que la localidad de Los Patos estuvo sin agua, pero afortunadamente ya se resolvi\u00f3 este tema, en tanto que el lunes personal de la Gobernaci\u00f3n Provincial y de la Direcci\u00f3n de Obras Hidr\u00e1ulicas estuvo en el sector, donde se convers\u00f3 con los dirigentes del APR, as\u00ed como tambi\u00e9n con los dirigentes de Casablanca\u201d.<\/p>\n<p>Explic\u00f3 que el s\u00e1bado, cuando estuvo en el lugar personal de la Gobernaci\u00f3n, se lleg\u00f3 a un acuerdo de disponer doce horas de agua para el APR de Casablanca y doce horas para el APR de Los Patos, lo que permiti\u00f3 llenar la copa. \u201cAh\u00ed se constat\u00f3 que no ten\u00eda nada que ver el pase de agua, el problema es la v\u00e1lvula de corte que existe en la copa de agua y eso es lo que genera todo este conflicto\u201d, manifest\u00f3 la autoridad.<\/p>\n<p>Respecto de las causas de esta falla, manifest\u00f3 que existen varias hip\u00f3tesis, pues se cree que pueda existir una burbuja de aire, problemas con la v\u00e1lvula del flotador, lo que est\u00e1 contemplado en cualquier caso, en la conservaci\u00f3n del APR.<\/p>\n<p>Expres\u00f3 la gobernadora que la Direcci\u00f3n de Obras Hidr\u00e1ulicas est\u00e1 tambi\u00e9n trabajando en la conservaci\u00f3n del APR de Casablanca, por lo tanto, hay personal que concurre inmediatamente cuando es necesario, a verificar las situaciones que se puedan presentar.<\/p>\n<p>\u201cYo lamento profundamente la situaci\u00f3n que ha vivido la poblaci\u00f3n de Los Patos y solidarizo con los vecinos y vecinas, que se han visto damnificados por este corte de agua que han tenido durante la semana pasada\u201d, puntualiz\u00f3 la gobernadora Patricia Boffa.<\/p>\n<p>&nbsp;<\/p>\n","protected":false},"excerpt":{"rendered":"<p>Problema de abastecimiento fue resuelto este lunes, en tanto que proyecto de la DOH permitir\u00e1 poner fin a las dificultades que ha presentado el sector. A prop\u00f3sito de las dificultades que se&#8230;<\/p>\n","protected":false},"author":482,"featured_media":40262,"comment_status":"open","ping_status":"closed","sticky":false,"template":"","format":"standard","meta":{"advanced_seo_description":"","jetpack_seo_html_title":"","jetpack_seo_noindex":false,"_jetpack_memberships_contains_paid_content":false,"footnotes":""},"categories":[1],"tags":[],"class_list":["post-40260","post","type-post","status-publish","format-standard","has-post-thumbnail","hentry","category-cronica"],"jetpack_featured_media_url":"https:\/\/i0.wp.com\/eltrabajo.cl\/portal\/wp-content\/uploads\/2013\/12\/gobernadora-boffa.jpg?fit=529%2C577&ssl=1","jetpack_sharing_enabled":true,"jetpack_likes_enabled":true,"jetpack-related-posts":[],"_links":{"self":[{"href":"https:\/\/eltrabajo.cl\/portal\/wp-json\/wp\/v2\/posts\/40260","targetHints":{"allow":["GET"]}}],"collection":[{"href":"https:\/\/eltrabajo.cl\/portal\/wp-json\/wp\/v2\/posts"}],"about":[{"href":"https:\/\/eltrabajo.cl\/portal\/wp-json\/wp\/v2\/types\/post"}],"author":[{"embeddable":true,"href":"https:\/\/eltrabajo.cl\/portal\/wp-json\/wp\/v2\/users\/482"}],"replies":[{"embeddable":true,"href":"https:\/\/eltrabajo.cl\/portal\/wp-json\/wp\/v2\/comments?post=40260"}],"version-history":[{"count":0,"href":"https:\/\/eltrabajo.cl\/portal\/wp-json\/wp\/v2\/posts\/40260\/revisions"}],"wp:featuredmedia":[{"embeddable":true,"href":"https:\/\/eltrabajo.cl\/portal\/wp-json\/wp\/v2\/media\/40262"}],"wp:attachment":[{"href":"https:\/\/eltrabajo.cl\/portal\/wp-json\/wp\/v2\/media?parent=40260"}],"wp:term":[{"taxonomy":"category","embeddable":true,"href":"https:\/\/eltrabajo.cl\/portal\/wp-json\/wp\/v2\/categories?post=40260"},{"taxonomy":"post_tag","embeddable":true,"href":"https:\/\/eltrabajo.cl\/portal\/wp-json\/wp\/v2\/tags?post=40260"}],"curies":[{"name":"wp","href":"https:\/\/api.w.org\/{rel}","templated":true}]}}