{"id":40264,"date":"2013-12-04T09:23:17","date_gmt":"2013-12-04T12:23:17","guid":{"rendered":"http:\/\/www.eltrabajo.cl\/portal\/?p=40264"},"modified":"2013-12-04T09:23:17","modified_gmt":"2013-12-04T12:23:17","slug":"alumnos-del-liceo-dario-salas-ganan-el-campeonato-nacional-de-bandas","status":"publish","type":"post","link":"https:\/\/eltrabajo.cl\/portal\/alumnos-del-liceo-dario-salas-ganan-el-campeonato-nacional-de-bandas\/","title":{"rendered":"Alumnos del Liceo Dar\u00edo Salas ganan el Campeonato Nacional de Bandas"},"content":{"rendered":"<figure id=\"attachment_40265\" aria-describedby=\"caption-attachment-40265\" style=\"width: 529px\" class=\"wp-caption alignnone\"><a href=\"https:\/\/i0.wp.com\/www.eltrabajo.cl\/portal\/wp-content\/uploads\/2013\/12\/paseo2.jpg\"><img data-recalc-dims=\"1\" loading=\"lazy\" decoding=\"async\" class=\"size-full wp-image-40265\" title=\"SON LOS MEJORES.- En el Salto del Laja, los j\u00f3venes m\u00fasicos tambi\u00e9n disfrutaron de la recreativa actividad tras arrollar con la Copa 2013 del Nacional de Bandas en Arauco.\" alt=\"SON LOS MEJORES.- En el Salto del Laja, los j\u00f3venes m\u00fasicos tambi\u00e9n disfrutaron de la recreativa actividad tras arrollar con la Copa 2013 del Nacional de Bandas en Arauco.\" src=\"https:\/\/i0.wp.com\/www.eltrabajo.cl\/portal\/wp-content\/uploads\/2013\/12\/paseo2.jpg?resize=529%2C386\" width=\"529\" height=\"386\" srcset=\"https:\/\/i0.wp.com\/eltrabajo.cl\/portal\/wp-content\/uploads\/2013\/12\/paseo2.jpg?w=529&amp;ssl=1 529w, https:\/\/i0.wp.com\/eltrabajo.cl\/portal\/wp-content\/uploads\/2013\/12\/paseo2.jpg?resize=200%2C145&amp;ssl=1 200w, https:\/\/i0.wp.com\/eltrabajo.cl\/portal\/wp-content\/uploads\/2013\/12\/paseo2.jpg?resize=300%2C218&amp;ssl=1 300w, https:\/\/i0.wp.com\/eltrabajo.cl\/portal\/wp-content\/uploads\/2013\/12\/paseo2.jpg?resize=150%2C109&amp;ssl=1 150w, https:\/\/i0.wp.com\/eltrabajo.cl\/portal\/wp-content\/uploads\/2013\/12\/paseo2.jpg?resize=400%2C291&amp;ssl=1 400w\" sizes=\"auto, (max-width: 529px) 100vw, 529px\" \/><\/a><figcaption id=\"caption-attachment-40265\" class=\"wp-caption-text\">SON LOS MEJORES.- En el Salto del Laja, los j\u00f3venes m\u00fasicos tambi\u00e9n disfrutaron de la recreativa actividad tras arrollar con la Copa 2013 del Nacional de Bandas en Arauco.<\/figcaption><\/figure>\n<p><strong>SANTA MAR\u00cdA<\/strong>.- Nuevamente los alumnos del Liceo Dar\u00edo Salas de Santa Mar\u00eda, han tra\u00eddo premios para su establecimiento. Nos referimos a los integrantes de la Banda Estudiantil del Liceo Dar\u00edo Salas, quienes lograron el Primer Lugar en el II Encuentro Nacional de Bandas Escolares realizado en la Comuna de Arauco, S\u00e9ptima Regi\u00f3n, pues una delegaci\u00f3n compuesta por 70 personas entre alumnos y apoderados, viajaron este mi\u00e9rcoles 27 de noviembre al sur de nuestra patria, con la convicci\u00f3n de traer el primer lugar en este evento nacional. Dicho evento fue organizado por el Colegio Francys Larraquete, de Arauco.<\/p>\n<figure id=\"attachment_40266\" aria-describedby=\"caption-attachment-40266\" style=\"width: 423px\" class=\"wp-caption alignright\"><a href=\"https:\/\/i0.wp.com\/www.eltrabajo.cl\/portal\/wp-content\/uploads\/2013\/12\/paseo1.jpg\"><img data-recalc-dims=\"1\" loading=\"lazy\" decoding=\"async\" class=\" wp-image-40266 \" title=\"SE LO GANARON.- Luego de sus presentaciones como Banda, los estudiantes del Liceo Dar\u00edo Salas disfrutaron de lindos paseos en el sur de nuestro pa\u00eds.\" alt=\"SE LO GANARON.- Luego de sus presentaciones como Banda, los estudiantes del Liceo Dar\u00edo Salas disfrutaron de lindos paseos en el sur de nuestro pa\u00eds.\" src=\"https:\/\/i0.wp.com\/www.eltrabajo.cl\/portal\/wp-content\/uploads\/2013\/12\/paseo1.jpg?resize=423%2C282\" width=\"423\" height=\"282\" srcset=\"https:\/\/i0.wp.com\/eltrabajo.cl\/portal\/wp-content\/uploads\/2013\/12\/paseo1.jpg?w=529&amp;ssl=1 529w, https:\/\/i0.wp.com\/eltrabajo.cl\/portal\/wp-content\/uploads\/2013\/12\/paseo1.jpg?resize=200%2C133&amp;ssl=1 200w, https:\/\/i0.wp.com\/eltrabajo.cl\/portal\/wp-content\/uploads\/2013\/12\/paseo1.jpg?resize=300%2C199&amp;ssl=1 300w, https:\/\/i0.wp.com\/eltrabajo.cl\/portal\/wp-content\/uploads\/2013\/12\/paseo1.jpg?resize=150%2C99&amp;ssl=1 150w, https:\/\/i0.wp.com\/eltrabajo.cl\/portal\/wp-content\/uploads\/2013\/12\/paseo1.jpg?resize=400%2C266&amp;ssl=1 400w\" sizes=\"auto, (max-width: 423px) 100vw, 423px\" \/><\/a><figcaption id=\"caption-attachment-40266\" class=\"wp-caption-text\">SE LO GANARON.- Luego de sus presentaciones como Banda, los estudiantes del Liceo Dar\u00edo Salas disfrutaron de lindos paseos en el sur de nuestro pa\u00eds.<\/figcaption><\/figure>\n<p>La competencia se inici\u00f3 el s\u00e1bado 30 del mes de noviembre, donde los alumnos y alumnas del Liceo Dar\u00edo Salas demostraron lo mejor de s\u00ed, ratificando que son una de las mejores bandas estudiantiles de nuestra zona.<\/p>\n<p>Compitiendo con m\u00e1s de quince bandas en la categor\u00eda de Educaci\u00f3n B\u00e1sica, los premios logrados fueron los siguientes: 1er lugar nacional categor\u00eda Ense\u00f1anza B\u00e1sica. 1er lugar mejor Toque de Atenci\u00f3n \/ Premio al Mejor instructor \/ Premio a la Mejor Banda Zona Centro Norte.<\/p>\n<figure id=\"attachment_40267\" aria-describedby=\"caption-attachment-40267\" style=\"width: 190px\" class=\"wp-caption alignleft\"><a href=\"https:\/\/i0.wp.com\/www.eltrabajo.cl\/portal\/wp-content\/uploads\/2013\/12\/nilovan-chacon.jpg\"><img data-recalc-dims=\"1\" loading=\"lazy\" decoding=\"async\" class=\" wp-image-40267  \" title=\"LA COPA.- Nilovan Chac\u00f3n, peque\u00f1ito que conforma tambi\u00e9n esta banda escolar, muestra a Diario El Trabajo la Copa que los acredita como los Campeones Nacionales en su categor\u00eda escolar.\" alt=\"LA COPA.- Nilovan Chac\u00f3n, peque\u00f1ito que conforma tambi\u00e9n esta banda escolar, muestra a Diario El Trabajo la Copa que los acredita como los Campeones Nacionales en su categor\u00eda escolar.\" src=\"https:\/\/i0.wp.com\/www.eltrabajo.cl\/portal\/wp-content\/uploads\/2013\/12\/nilovan-chacon.jpg?resize=190%2C223\" width=\"190\" height=\"223\" srcset=\"https:\/\/i0.wp.com\/eltrabajo.cl\/portal\/wp-content\/uploads\/2013\/12\/nilovan-chacon.jpg?w=529&amp;ssl=1 529w, https:\/\/i0.wp.com\/eltrabajo.cl\/portal\/wp-content\/uploads\/2013\/12\/nilovan-chacon.jpg?resize=128%2C150&amp;ssl=1 128w, https:\/\/i0.wp.com\/eltrabajo.cl\/portal\/wp-content\/uploads\/2013\/12\/nilovan-chacon.jpg?resize=256%2C300&amp;ssl=1 256w, https:\/\/i0.wp.com\/eltrabajo.cl\/portal\/wp-content\/uploads\/2013\/12\/nilovan-chacon.jpg?resize=400%2C467&amp;ssl=1 400w\" sizes=\"auto, (max-width: 190px) 100vw, 190px\" \/><\/a><figcaption id=\"caption-attachment-40267\" class=\"wp-caption-text\">LA COPA.- Nilovan Chac\u00f3n, peque\u00f1ito que conforma tambi\u00e9n esta banda escolar, muestra a Diario El Trabajo la Copa que los acredita como los Campeones Nacionales en su categor\u00eda escolar.<\/figcaption><\/figure>\n<p>Los alumnos y apoderados se mostraron muy contentos con estos logros alcanzados en esta competencia nacional, destacando que a su regreso pudieron disfrutar de lugares tur\u00edsticos como Salto del Laja; la reliquia hist\u00f3rica del Hu\u00e1scar, en Talcahuano; las aguas de las playas de Arauco y Playa Larraquete. Conocieron el R\u00edo de las Piedras de las Cruces, para regresar al Gran Santiago y participar del concurso de bandas en la comuna de Colina, donde lograron los siguientes premios: 3er Lugar Mejor Banda Categor\u00eda Ense\u00f1anza Media; Premio a la mejor Bater\u00eda; Premio al mejor Toque de Atenci\u00f3n y Premio al Mejor Instructor.<\/p>\n<p>Walter Arancibia Brante, Director del Dar\u00edo Salas, explic\u00f3 a Diario El Trabajo que \u00abme siento muy orgulloso de sus alumnos y apoderados que actividad tras actividad, juntaron los dineros para realizar el viaje. Este es muy costoso, ya que no es sencillo movilizar a tantas personas\u00bb.<\/p>\n","protected":false},"excerpt":{"rendered":"<p>SANTA MAR\u00cdA.- Nuevamente los alumnos del Liceo Dar\u00edo Salas de Santa Mar\u00eda, han tra\u00eddo premios para su establecimiento. Nos referimos a los integrantes de la Banda Estudiantil del Liceo Dar\u00edo Salas, quienes&#8230;<\/p>\n","protected":false},"author":482,"featured_media":40265,"comment_status":"open","ping_status":"closed","sticky":false,"template":"","format":"standard","meta":{"advanced_seo_description":"","jetpack_seo_html_title":"","jetpack_seo_noindex":false,"_jetpack_memberships_contains_paid_content":false,"footnotes":""},"categories":[15],"tags":[],"class_list":["post-40264","post","type-post","status-publish","format-standard","has-post-thumbnail","hentry","category-comunidad"],"jetpack_featured_media_url":"https:\/\/i0.wp.com\/eltrabajo.cl\/portal\/wp-content\/uploads\/2013\/12\/paseo2.jpg?fit=529%2C386&ssl=1","jetpack_sharing_enabled":true,"jetpack_likes_enabled":true,"jetpack-related-posts":[],"_links":{"self":[{"href":"https:\/\/eltrabajo.cl\/portal\/wp-json\/wp\/v2\/posts\/40264","targetHints":{"allow":["GET"]}}],"collection":[{"href":"https:\/\/eltrabajo.cl\/portal\/wp-json\/wp\/v2\/posts"}],"about":[{"href":"https:\/\/eltrabajo.cl\/portal\/wp-json\/wp\/v2\/types\/post"}],"author":[{"embeddable":true,"href":"https:\/\/eltrabajo.cl\/portal\/wp-json\/wp\/v2\/users\/482"}],"replies":[{"embeddable":true,"href":"https:\/\/eltrabajo.cl\/portal\/wp-json\/wp\/v2\/comments?post=40264"}],"version-history":[{"count":0,"href":"https:\/\/eltrabajo.cl\/portal\/wp-json\/wp\/v2\/posts\/40264\/revisions"}],"wp:featuredmedia":[{"embeddable":true,"href":"https:\/\/eltrabajo.cl\/portal\/wp-json\/wp\/v2\/media\/40265"}],"wp:attachment":[{"href":"https:\/\/eltrabajo.cl\/portal\/wp-json\/wp\/v2\/media?parent=40264"}],"wp:term":[{"taxonomy":"category","embeddable":true,"href":"https:\/\/eltrabajo.cl\/portal\/wp-json\/wp\/v2\/categories?post=40264"},{"taxonomy":"post_tag","embeddable":true,"href":"https:\/\/eltrabajo.cl\/portal\/wp-json\/wp\/v2\/tags?post=40264"}],"curies":[{"name":"wp","href":"https:\/\/api.w.org\/{rel}","templated":true}]}}