{"id":40296,"date":"2013-12-05T09:19:09","date_gmt":"2013-12-05T12:19:09","guid":{"rendered":"http:\/\/www.eltrabajo.cl\/portal\/?p=40296"},"modified":"2013-12-05T09:47:20","modified_gmt":"2013-12-05T12:47:20","slug":"bomberos-rompe-relaciones-con-municipio-por-no-pago-de-subvenciones","status":"publish","type":"post","link":"https:\/\/eltrabajo.cl\/portal\/bomberos-rompe-relaciones-con-municipio-por-no-pago-de-subvenciones\/","title":{"rendered":"Bomberos rompe relaciones con municipio por no pago de subvenciones"},"content":{"rendered":"<figure id=\"attachment_40297\" aria-describedby=\"caption-attachment-40297\" style=\"width: 572px\" class=\"wp-caption alignnone\"><a href=\"https:\/\/i0.wp.com\/www.eltrabajo.cl\/portal\/wp-content\/uploads\/2013\/12\/reclamos-bomberos3.jpg\"><img data-recalc-dims=\"1\" loading=\"lazy\" decoding=\"async\" class=\"size-full wp-image-40297\" title=\"Frente al cuartel central de Bomberos en calle Esmeralda, se levanta un terminal de colectivos que causar\u00e1 graves problemas para la salida de los carros.\" alt=\"Frente al cuartel central de Bomberos en calle Esmeralda, se levanta un terminal de colectivos que causar\u00e1 graves problemas para la salida de los carros.\" src=\"https:\/\/i0.wp.com\/www.eltrabajo.cl\/portal\/wp-content\/uploads\/2013\/12\/reclamos-bomberos3.jpg?resize=572%2C381\" width=\"572\" height=\"381\" srcset=\"https:\/\/i0.wp.com\/eltrabajo.cl\/portal\/wp-content\/uploads\/2013\/12\/reclamos-bomberos3.jpg?w=572&amp;ssl=1 572w, https:\/\/i0.wp.com\/eltrabajo.cl\/portal\/wp-content\/uploads\/2013\/12\/reclamos-bomberos3.jpg?resize=200%2C133&amp;ssl=1 200w, https:\/\/i0.wp.com\/eltrabajo.cl\/portal\/wp-content\/uploads\/2013\/12\/reclamos-bomberos3.jpg?resize=300%2C199&amp;ssl=1 300w, https:\/\/i0.wp.com\/eltrabajo.cl\/portal\/wp-content\/uploads\/2013\/12\/reclamos-bomberos3.jpg?resize=150%2C99&amp;ssl=1 150w, https:\/\/i0.wp.com\/eltrabajo.cl\/portal\/wp-content\/uploads\/2013\/12\/reclamos-bomberos3.jpg?resize=400%2C266&amp;ssl=1 400w\" sizes=\"auto, (max-width: 572px) 100vw, 572px\" \/><\/a><figcaption id=\"caption-attachment-40297\" class=\"wp-caption-text\">Frente al cuartel central de Bomberos en calle Esmeralda, se levanta un terminal de colectivos que causar\u00e1 graves problemas para la salida de los carros.<\/figcaption><\/figure>\n<ul>\n<li><strong>Adem\u00e1s la instituci\u00f3n est\u00e1 molesta por la construcci\u00f3n de un terminal de colectivos frente al cuartel central que retardar\u00e1 la salida de los carros.<\/strong><\/li>\n<\/ul>\n<p><strong>LOS ANDES.<\/strong>&#8211; El Directorio del Cuerpo de Bomberos de Los Andes acord\u00f3 romper todo tipo de relaciones con la municipalidad por la no entrega de las subvenciones a la cual se hab\u00eda comprometido.<\/p>\n<p>El Superintendente de Bomberos, Francisco Castillo, se\u00f1al\u00f3 que si bien no es obligaci\u00f3n del municipio entregar una subvenci\u00f3n a Bomberos, existe un compromiso del alcalde y del municipio en apoyar financieramente a la instituci\u00f3n.<\/p>\n<figure id=\"attachment_40298\" aria-describedby=\"caption-attachment-40298\" style=\"width: 218px\" class=\"wp-caption alignright\"><a href=\"https:\/\/i0.wp.com\/www.eltrabajo.cl\/portal\/wp-content\/uploads\/2013\/12\/francisco-castillo-superintendente-bomberos-reclamos2.jpg\"><img data-recalc-dims=\"1\" loading=\"lazy\" decoding=\"async\" class=\" wp-image-40298 \" title=\"Francisco Castillo, Superintendente Cuerpo de Bomberos de Los Andes.\" alt=\"Francisco Castillo, Superintendente Cuerpo de Bomberos de Los Andes.\" src=\"https:\/\/i0.wp.com\/www.eltrabajo.cl\/portal\/wp-content\/uploads\/2013\/12\/francisco-castillo-superintendente-bomberos-reclamos2.jpg?resize=218%2C203\" width=\"218\" height=\"203\" srcset=\"https:\/\/i0.wp.com\/eltrabajo.cl\/portal\/wp-content\/uploads\/2013\/12\/francisco-castillo-superintendente-bomberos-reclamos2.jpg?w=364&amp;ssl=1 364w, https:\/\/i0.wp.com\/eltrabajo.cl\/portal\/wp-content\/uploads\/2013\/12\/francisco-castillo-superintendente-bomberos-reclamos2.jpg?resize=161%2C150&amp;ssl=1 161w, https:\/\/i0.wp.com\/eltrabajo.cl\/portal\/wp-content\/uploads\/2013\/12\/francisco-castillo-superintendente-bomberos-reclamos2.jpg?resize=300%2C279&amp;ssl=1 300w, https:\/\/i0.wp.com\/eltrabajo.cl\/portal\/wp-content\/uploads\/2013\/12\/francisco-castillo-superintendente-bomberos-reclamos2.jpg?resize=150%2C139&amp;ssl=1 150w\" sizes=\"auto, (max-width: 218px) 100vw, 218px\" \/><\/a><figcaption id=\"caption-attachment-40298\" class=\"wp-caption-text\">Francisco Castillo, Superintendente Cuerpo de Bomberos de Los Andes.<\/figcaption><\/figure>\n<p>Castillo manifest\u00f3 que los recursos que perciben de la municipalidad son utilizados para la compra de combustible de los carros y el pago de los sueldos del personal rentado.<\/p>\n<p>A\u00f1adi\u00f3 que desde el mes de septiembre de este a\u00f1o que dejaron de recibir esta subvenci\u00f3n, que en dinero se traduce en poco m\u00e1s de 5 millones 700 mil pesos, recordando que incluso el a\u00f1o pasado la municipalidad les qued\u00f3 debiendo parte de estas subvenciones.<\/p>\n<p>El Superintendente Castillo sostuvo que en reiteradas ocasiones se les ha informado que concurran al municipio a retirar los cheques, pero cuando llegan se encuentran con que el documento no est\u00e1 firmado por el alcalde u otros funcionario y al final no se les entrega.<\/p>\n<p>\u201cNosotros hemos cumplido con nuestro compromiso de servir a la comunidad y salvar vidas, pero si el alcalde no tiene dinero que lo diga de una vez por todas, ya que no estamos para estarnos humillando pidiendo dinero y por eso hemos decidido romper todo tipo de relaciones con la municipalidad\u201d, fustig\u00f3.<\/p>\n<p>\u201cSi no nos quiere pagar la subvenci\u00f3n, perfecto, que lo haga, buscaremos los recursos por otro lado, el pr\u00f3ximo a\u00f1o no vamos a ir a golpear las puertas de la municipalidad porque sabemos que no los va a entregar, por lo tanto no voy a ir a pelear esa subvenci\u00f3n y tampoco voy a ir a pelear con los concejales, porque con ellos he hablado muchas veces y son un cero a la izquierda y no pasa nada\u201d, critic\u00f3 duramente el alto oficial.<\/p>\n<p>&nbsp;<\/p>\n<p><strong>Terminal de Colectivo<\/strong><\/p>\n<p>Por otra parte, el Superintendente Castillo expres\u00f3 la molestia de la instituci\u00f3n por la construcci\u00f3n de un terminal de taxis colectivos interurbanos en un terreno frente al cuartel central de calle Esmeralda, el cual ocasionar\u00e1 graves problemas para la salida de los carros.<\/p>\n<p>Precis\u00f3 que a diario deben lidiar con la congesti\u00f3n en el centro y con los veh\u00edculos que se estacionan frente al cuartel, y si a ello se suma la instalaci\u00f3n de este terminal, la situaci\u00f3n se tornar\u00e1 a\u00fan m\u00e1s ca\u00f3tica al igual como ocurre hoy d\u00eda con el terminal que se ubica una cuadra m\u00e1s al oriente en Esmeralda al lado del edificio del ex hotel Continental, ya que se dificultar\u00e1 la salida de los carros.<\/p>\n<p>Record\u00f3 que hoy d\u00eda tanto la primera como segunda compa\u00f1\u00eda cuentan con unidades grandes que escasamente alcanzan a girar cuando salen de la sala de m\u00e1quinas hacia Esmeralda, y por ello ven con preocupaci\u00f3n que este terminal ocasionar\u00e1 problemas en los tiempos de respuesta ante una emergencia.<\/p>\n<p>Castillo dijo que han hecho ver esta situaci\u00f3n a la Direcci\u00f3n de Obras y se les ha informado que de acuerdo al plan regulador, el terminal no podr\u00e1 funcionar, \u201cpero todos sabemos las cosas que pasan en esta ciudad y el funcionamiento de los servicios p\u00fablicos y al final este terminal funcionar\u00e1 igual\u201d.<\/p>\n<p>Indic\u00f3 que al alcalde Navarro le han enviado cartas exponi\u00e9ndole este problema, pero no han recibido ninguna respuesta.<\/p>\n<p>Advirti\u00f3 que si este terminal llega a funcionar, los grandes perjudicados ser\u00e1n los vecinos de Los Andes, ya que ante un siniestro u otra emergencia de grandes proporciones, los tiempos de respuesta en la llegada de unidades ser\u00e1 mucho mayor producto de la congesti\u00f3n que provocar\u00e1n los colectivos.<\/p>\n","protected":false},"excerpt":{"rendered":"<p>Adem\u00e1s la instituci\u00f3n est\u00e1 molesta por la construcci\u00f3n de un terminal de colectivos frente al cuartel central que retardar\u00e1 la salida de los carros. LOS ANDES.&#8211; El Directorio del Cuerpo de Bomberos&#8230;<\/p>\n","protected":false},"author":482,"featured_media":40297,"comment_status":"open","ping_status":"closed","sticky":false,"template":"","format":"standard","meta":{"advanced_seo_description":"","jetpack_seo_html_title":"","jetpack_seo_noindex":false,"_jetpack_memberships_contains_paid_content":false,"footnotes":""},"categories":[15],"tags":[],"class_list":["post-40296","post","type-post","status-publish","format-standard","has-post-thumbnail","hentry","category-comunidad"],"jetpack_featured_media_url":"https:\/\/i0.wp.com\/eltrabajo.cl\/portal\/wp-content\/uploads\/2013\/12\/reclamos-bomberos3.jpg?fit=572%2C381&ssl=1","jetpack_sharing_enabled":true,"jetpack_likes_enabled":true,"jetpack-related-posts":[],"_links":{"self":[{"href":"https:\/\/eltrabajo.cl\/portal\/wp-json\/wp\/v2\/posts\/40296","targetHints":{"allow":["GET"]}}],"collection":[{"href":"https:\/\/eltrabajo.cl\/portal\/wp-json\/wp\/v2\/posts"}],"about":[{"href":"https:\/\/eltrabajo.cl\/portal\/wp-json\/wp\/v2\/types\/post"}],"author":[{"embeddable":true,"href":"https:\/\/eltrabajo.cl\/portal\/wp-json\/wp\/v2\/users\/482"}],"replies":[{"embeddable":true,"href":"https:\/\/eltrabajo.cl\/portal\/wp-json\/wp\/v2\/comments?post=40296"}],"version-history":[{"count":0,"href":"https:\/\/eltrabajo.cl\/portal\/wp-json\/wp\/v2\/posts\/40296\/revisions"}],"wp:featuredmedia":[{"embeddable":true,"href":"https:\/\/eltrabajo.cl\/portal\/wp-json\/wp\/v2\/media\/40297"}],"wp:attachment":[{"href":"https:\/\/eltrabajo.cl\/portal\/wp-json\/wp\/v2\/media?parent=40296"}],"wp:term":[{"taxonomy":"category","embeddable":true,"href":"https:\/\/eltrabajo.cl\/portal\/wp-json\/wp\/v2\/categories?post=40296"},{"taxonomy":"post_tag","embeddable":true,"href":"https:\/\/eltrabajo.cl\/portal\/wp-json\/wp\/v2\/tags?post=40296"}],"curies":[{"name":"wp","href":"https:\/\/api.w.org\/{rel}","templated":true}]}}