{"id":40302,"date":"2013-12-05T09:22:13","date_gmt":"2013-12-05T12:22:13","guid":{"rendered":"http:\/\/www.eltrabajo.cl\/portal\/?p=40302"},"modified":"2013-12-05T09:22:13","modified_gmt":"2013-12-05T12:22:13","slug":"una-calle-de-las-coimas-llevara-el-nombre-del-escultor-ernesto-concha","status":"publish","type":"post","link":"https:\/\/eltrabajo.cl\/portal\/una-calle-de-las-coimas-llevara-el-nombre-del-escultor-ernesto-concha\/","title":{"rendered":"Una calle de Las Coimas llevar\u00e1 el nombre del escultor Ernesto Concha"},"content":{"rendered":"<figure id=\"attachment_40303\" aria-describedby=\"caption-attachment-40303\" style=\"width: 236px\" class=\"wp-caption alignleft\"><a href=\"https:\/\/i0.wp.com\/www.eltrabajo.cl\/portal\/wp-content\/uploads\/2013\/12\/Ernesto-Concha-Allende.jpg\"><img data-recalc-dims=\"1\" loading=\"lazy\" decoding=\"async\" class=\"wp-image-40303 \" title=\"Ernesto Concha Allende, una calle en Las Coimas llevar\u00e1 su nombre.\" alt=\"Ernesto Concha Allende, una calle en Las Coimas llevar\u00e1 su nombre.\" src=\"https:\/\/i0.wp.com\/www.eltrabajo.cl\/portal\/wp-content\/uploads\/2013\/12\/Ernesto-Concha-Allende.jpg?resize=236%2C305\" width=\"236\" height=\"305\" srcset=\"https:\/\/i0.wp.com\/eltrabajo.cl\/portal\/wp-content\/uploads\/2013\/12\/Ernesto-Concha-Allende.jpg?w=394&amp;ssl=1 394w, https:\/\/i0.wp.com\/eltrabajo.cl\/portal\/wp-content\/uploads\/2013\/12\/Ernesto-Concha-Allende.jpg?resize=116%2C150&amp;ssl=1 116w, https:\/\/i0.wp.com\/eltrabajo.cl\/portal\/wp-content\/uploads\/2013\/12\/Ernesto-Concha-Allende.jpg?resize=232%2C300&amp;ssl=1 232w\" sizes=\"auto, (max-width: 236px) 100vw, 236px\" \/><\/a><figcaption id=\"caption-attachment-40303\" class=\"wp-caption-text\">Ernesto Concha Allende, una calle en Las Coimas llevar\u00e1 su nombre.<\/figcaption><\/figure>\n<p><strong>PUTAENDO.<\/strong>&#8211; Finalmente una calle del sector Las Coimas llevar\u00e1 el nombre del insigne y destacado escultor Ernesto Concha Allende, quien hace m\u00e1s de 100 a\u00f1os inmortalizara esculturas y obras que reflejaron las realidades sociales de la \u00e9poca.<\/p>\n<p>La iniciativa fue presentada al Concejo Municipal de Putaendo a mediados del mes de junio de este a\u00f1o por el Frente de Protecci\u00f3n del Patrimonio, Educaci\u00f3n, Cultura y Artes de Putaendo, y dentro de lo acordado fue realizada una jornada de di\u00e1logo participativo con los vecinos de Las Coimas, quienes aprobaron la iniciativa y a su vez sugirieron la principal avenida del sector para que llevase el nombre del autor de \u2018La Miseria\u2019 y \u2018El Avaro\u2019, todo esto sujeto a una jornada de patrimonio en terreno que fue realizada durante fines de octubre y principio de noviembre, donde fueron encuestados los vecinos de la actual Calle Vieja de Las Coimas, quienes mayoritariamente y por medio de firmas respaldaron la iniciativa.<\/p>\n<p>Patricio Gallardo M.<\/p>\n<p>&nbsp;<\/p>\n","protected":false},"excerpt":{"rendered":"<p>PUTAENDO.&#8211; Finalmente una calle del sector Las Coimas llevar\u00e1 el nombre del insigne y destacado escultor Ernesto Concha Allende, quien hace m\u00e1s de 100 a\u00f1os inmortalizara esculturas y obras que reflejaron las&#8230;<\/p>\n","protected":false},"author":482,"featured_media":40303,"comment_status":"open","ping_status":"closed","sticky":false,"template":"","format":"standard","meta":{"advanced_seo_description":"","jetpack_seo_html_title":"","jetpack_seo_noindex":false,"_jetpack_memberships_contains_paid_content":false,"footnotes":""},"categories":[15],"tags":[],"class_list":["post-40302","post","type-post","status-publish","format-standard","has-post-thumbnail","hentry","category-comunidad"],"jetpack_featured_media_url":"https:\/\/i0.wp.com\/eltrabajo.cl\/portal\/wp-content\/uploads\/2013\/12\/Ernesto-Concha-Allende.jpg?fit=394%2C508&ssl=1","jetpack_sharing_enabled":true,"jetpack_likes_enabled":true,"jetpack-related-posts":[],"_links":{"self":[{"href":"https:\/\/eltrabajo.cl\/portal\/wp-json\/wp\/v2\/posts\/40302","targetHints":{"allow":["GET"]}}],"collection":[{"href":"https:\/\/eltrabajo.cl\/portal\/wp-json\/wp\/v2\/posts"}],"about":[{"href":"https:\/\/eltrabajo.cl\/portal\/wp-json\/wp\/v2\/types\/post"}],"author":[{"embeddable":true,"href":"https:\/\/eltrabajo.cl\/portal\/wp-json\/wp\/v2\/users\/482"}],"replies":[{"embeddable":true,"href":"https:\/\/eltrabajo.cl\/portal\/wp-json\/wp\/v2\/comments?post=40302"}],"version-history":[{"count":0,"href":"https:\/\/eltrabajo.cl\/portal\/wp-json\/wp\/v2\/posts\/40302\/revisions"}],"wp:featuredmedia":[{"embeddable":true,"href":"https:\/\/eltrabajo.cl\/portal\/wp-json\/wp\/v2\/media\/40303"}],"wp:attachment":[{"href":"https:\/\/eltrabajo.cl\/portal\/wp-json\/wp\/v2\/media?parent=40302"}],"wp:term":[{"taxonomy":"category","embeddable":true,"href":"https:\/\/eltrabajo.cl\/portal\/wp-json\/wp\/v2\/categories?post=40302"},{"taxonomy":"post_tag","embeddable":true,"href":"https:\/\/eltrabajo.cl\/portal\/wp-json\/wp\/v2\/tags?post=40302"}],"curies":[{"name":"wp","href":"https:\/\/api.w.org\/{rel}","templated":true}]}}