{"id":40306,"date":"2013-12-05T09:30:45","date_gmt":"2013-12-05T12:30:45","guid":{"rendered":"http:\/\/www.eltrabajo.cl\/portal\/?p=40306"},"modified":"2013-12-05T09:30:45","modified_gmt":"2013-12-05T12:30:45","slug":"profesionales-del-programa-de-integracion-cierran-ano-lectivo-con-nota-7","status":"publish","type":"post","link":"https:\/\/eltrabajo.cl\/portal\/profesionales-del-programa-de-integracion-cierran-ano-lectivo-con-nota-7\/","title":{"rendered":"Profesionales del Programa de Integraci\u00f3n cierran a\u00f1o lectivo con Nota 7"},"content":{"rendered":"<figure id=\"attachment_40310\" aria-describedby=\"caption-attachment-40310\" style=\"width: 397px\" class=\"wp-caption alignleft\"><a href=\"https:\/\/i0.wp.com\/www.eltrabajo.cl\/portal\/wp-content\/uploads\/2013\/12\/PIE-11.jpg\"><img data-recalc-dims=\"1\" loading=\"lazy\" decoding=\"async\" class=\" wp-image-40310  \" title=\"MUY CHISPAS.- Estos alegres estudiantes muestran a Diario El Trabajo el material did\u00e1ctico que ellos mismos elaboraron para matem\u00e1ticas y otras materias de estudio.\" alt=\"MUY CHISPAS.- Estos alegres estudiantes muestran a Diario El Trabajo el material did\u00e1ctico que ellos mismos elaboraron para matem\u00e1ticas y otras materias de estudio.\" src=\"https:\/\/i0.wp.com\/www.eltrabajo.cl\/portal\/wp-content\/uploads\/2013\/12\/PIE-11.jpg?resize=397%2C271\" width=\"397\" height=\"271\" srcset=\"https:\/\/i0.wp.com\/eltrabajo.cl\/portal\/wp-content\/uploads\/2013\/12\/PIE-11.jpg?w=945&amp;ssl=1 945w, https:\/\/i0.wp.com\/eltrabajo.cl\/portal\/wp-content\/uploads\/2013\/12\/PIE-11.jpg?resize=200%2C136&amp;ssl=1 200w, https:\/\/i0.wp.com\/eltrabajo.cl\/portal\/wp-content\/uploads\/2013\/12\/PIE-11.jpg?resize=300%2C204&amp;ssl=1 300w, https:\/\/i0.wp.com\/eltrabajo.cl\/portal\/wp-content\/uploads\/2013\/12\/PIE-11.jpg?resize=150%2C102&amp;ssl=1 150w, https:\/\/i0.wp.com\/eltrabajo.cl\/portal\/wp-content\/uploads\/2013\/12\/PIE-11.jpg?resize=400%2C273&amp;ssl=1 400w\" sizes=\"auto, (max-width: 397px) 100vw, 397px\" \/><\/a><figcaption id=\"caption-attachment-40310\" class=\"wp-caption-text\">MUY CHISPAS.- Estos alegres estudiantes muestran a Diario El Trabajo el material did\u00e1ctico que ellos mismos elaboraron para matem\u00e1ticas y otras materias de estudio.<\/figcaption><\/figure>\n<p>Al cierre de este a\u00f1o escolar muchas son las metas que se cumplieron en materia de educaci\u00f3n a nivel provincial y como muestra de lo anterior, Diario El Trabajo busc\u00f3 a los profesionales del Programa de Integraci\u00f3n Escolar (PIE) que laboran en la Escuela 21 de Mayo, en donde esta semana fue presentado a los apoderados, por parte de los mismos 26 estudiantes que son atendidos en la modalidad PIE, de material did\u00e1ctico que ellos mismos crearon con sus propias manos.<\/p>\n<p>\u00abHa sido un a\u00f1o en los que pudimos desarrollar varias tareas y culminarlas, hablo de que contamos con un kinesi\u00f3logo; un psic\u00f3logo; un fonoaudi\u00f3logo y un psicopedagogo, los que juntos logramos en 2013 realizar talleres de apoderados; de docentes; con asistentes de educaci\u00f3n; con los mismos alumnos y abuelos de la comunidad, adem\u00e1s realizamos un encuentro de padres, en el cual se vino a reflejar el trabajo de equipo\u00bb, se\u00f1al\u00f3 a nuestro medio el Coordinador PIE de la Escuela 21 de Mayo, Jos\u00e9 Luis Montenegro.<\/p>\n<p>En el PIE que opera en esta casa de estudios, los profesionales a cargo atienden a un ni\u00f1o autista; otros con d\u00e9ficit atencional agudo; hiperactivos y algunos con serias dificultades para aprender las materias.<\/p>\n<p>\u00abEsta semana terminamos con el material did\u00e1ctico de matem\u00e1ticas, lectura y otras funciones cognitivas\u00bb, agreg\u00f3 Montenegro.<\/p>\n<p>Roberto Gonz\u00e1lez Short<\/p>\n<p>rgonzalez@eltrabajo.cl<\/p>\n<p>&nbsp;<\/p>\n","protected":false},"excerpt":{"rendered":"<p>Al cierre de este a\u00f1o escolar muchas son las metas que se cumplieron en materia de educaci\u00f3n a nivel provincial y como muestra de lo anterior, Diario El Trabajo busc\u00f3 a los&#8230;<\/p>\n","protected":false},"author":482,"featured_media":40307,"comment_status":"open","ping_status":"closed","sticky":false,"template":"","format":"standard","meta":{"advanced_seo_description":"","jetpack_seo_html_title":"","jetpack_seo_noindex":false,"_jetpack_memberships_contains_paid_content":false,"footnotes":""},"categories":[15],"tags":[],"class_list":["post-40306","post","type-post","status-publish","format-standard","has-post-thumbnail","hentry","category-comunidad"],"jetpack_featured_media_url":"https:\/\/i0.wp.com\/eltrabajo.cl\/portal\/wp-content\/uploads\/2013\/12\/PIE-1.jpg?fit=945%2C645&ssl=1","jetpack_sharing_enabled":true,"jetpack_likes_enabled":true,"jetpack-related-posts":[],"_links":{"self":[{"href":"https:\/\/eltrabajo.cl\/portal\/wp-json\/wp\/v2\/posts\/40306","targetHints":{"allow":["GET"]}}],"collection":[{"href":"https:\/\/eltrabajo.cl\/portal\/wp-json\/wp\/v2\/posts"}],"about":[{"href":"https:\/\/eltrabajo.cl\/portal\/wp-json\/wp\/v2\/types\/post"}],"author":[{"embeddable":true,"href":"https:\/\/eltrabajo.cl\/portal\/wp-json\/wp\/v2\/users\/482"}],"replies":[{"embeddable":true,"href":"https:\/\/eltrabajo.cl\/portal\/wp-json\/wp\/v2\/comments?post=40306"}],"version-history":[{"count":0,"href":"https:\/\/eltrabajo.cl\/portal\/wp-json\/wp\/v2\/posts\/40306\/revisions"}],"wp:featuredmedia":[{"embeddable":true,"href":"https:\/\/eltrabajo.cl\/portal\/wp-json\/wp\/v2\/media\/40307"}],"wp:attachment":[{"href":"https:\/\/eltrabajo.cl\/portal\/wp-json\/wp\/v2\/media?parent=40306"}],"wp:term":[{"taxonomy":"category","embeddable":true,"href":"https:\/\/eltrabajo.cl\/portal\/wp-json\/wp\/v2\/categories?post=40306"},{"taxonomy":"post_tag","embeddable":true,"href":"https:\/\/eltrabajo.cl\/portal\/wp-json\/wp\/v2\/tags?post=40306"}],"curies":[{"name":"wp","href":"https:\/\/api.w.org\/{rel}","templated":true}]}}