{"id":40314,"date":"2013-12-05T09:33:20","date_gmt":"2013-12-05T12:33:20","guid":{"rendered":"http:\/\/www.eltrabajo.cl\/portal\/?p=40314"},"modified":"2013-12-05T09:33:20","modified_gmt":"2013-12-05T12:33:20","slug":"solicitaran-a-bienes-nacionales-no-regularizar-terrenos-vendidos-por-serrania","status":"publish","type":"post","link":"https:\/\/eltrabajo.cl\/portal\/solicitaran-a-bienes-nacionales-no-regularizar-terrenos-vendidos-por-serrania\/","title":{"rendered":"Solicitar\u00e1n a Bienes Nacionales no regularizar terrenos vendidos por Serran\u00eda"},"content":{"rendered":"<figure id=\"attachment_40315\" aria-describedby=\"caption-attachment-40315\" style=\"width: 340px\" class=\"wp-caption alignleft\"><a href=\"https:\/\/i0.wp.com\/www.eltrabajo.cl\/portal\/wp-content\/uploads\/2013\/12\/fernanda-vega.jpg\"><img data-recalc-dims=\"1\" loading=\"lazy\" decoding=\"async\" class=\" wp-image-40315  \" title=\"Fernanda Vega acudi\u00f3 al Concejo Municipal este mi\u00e9rcoles y manifest\u00f3 la preocupaci\u00f3n por las constantes ventas de terrenos que est\u00e1 efectuando la Serran\u00eda de Rinconada de Silva.\" alt=\"Fernanda Vega acudi\u00f3 al Concejo Municipal este mi\u00e9rcoles y manifest\u00f3 la preocupaci\u00f3n por las constantes ventas de terrenos que est\u00e1 efectuando la Serran\u00eda de Rinconada de Silva.\" src=\"https:\/\/i0.wp.com\/www.eltrabajo.cl\/portal\/wp-content\/uploads\/2013\/12\/fernanda-vega.jpg?resize=340%2C227\" width=\"340\" height=\"227\" srcset=\"https:\/\/i0.wp.com\/eltrabajo.cl\/portal\/wp-content\/uploads\/2013\/12\/fernanda-vega.jpg?w=945&amp;ssl=1 945w, https:\/\/i0.wp.com\/eltrabajo.cl\/portal\/wp-content\/uploads\/2013\/12\/fernanda-vega.jpg?resize=200%2C133&amp;ssl=1 200w, https:\/\/i0.wp.com\/eltrabajo.cl\/portal\/wp-content\/uploads\/2013\/12\/fernanda-vega.jpg?resize=300%2C200&amp;ssl=1 300w, https:\/\/i0.wp.com\/eltrabajo.cl\/portal\/wp-content\/uploads\/2013\/12\/fernanda-vega.jpg?resize=150%2C100&amp;ssl=1 150w, https:\/\/i0.wp.com\/eltrabajo.cl\/portal\/wp-content\/uploads\/2013\/12\/fernanda-vega.jpg?resize=400%2C266&amp;ssl=1 400w\" sizes=\"auto, (max-width: 340px) 100vw, 340px\" \/><\/a><figcaption id=\"caption-attachment-40315\" class=\"wp-caption-text\">Fernanda Vega acudi\u00f3 al Concejo Municipal este mi\u00e9rcoles y manifest\u00f3 la preocupaci\u00f3n por las constantes ventas de terrenos que est\u00e1 efectuando la Serran\u00eda de Rinconada de Silva.<\/figcaption><\/figure>\n<p><strong>PUTAENDO.<\/strong>&#8211; Debido a la preocupaci\u00f3n manifestada por dirigentes y vecinos del sector Las Coimas, por la constante venta de terrenos por parte de la Serran\u00eda de Rinconada de Silva en ese sector, el Concejo Municipal de Putaendo solicitar\u00e1 a Bienes Nacionales que no sean autorizadas las regularizaciones de las personas que compren esos terrenos.<\/p>\n<p>Fernanda Vega acudi\u00f3 a la sesi\u00f3n del Concejo Municipal efectuado este mi\u00e9rcoles y manifest\u00f3 su preocupaci\u00f3n y la de muchos vecinos por las constantes ventas de terrenos que est\u00e1 efectuando la Serran\u00eda de Rinconada de Silva en la parte alta del sector Los Manantiales y La Palma, indicando que si bien es cierto no pueden impedir que esos terrenos sean vendidos, hay una importante cantidad de personas que no son de Las Coimas que est\u00e1n comprando esos terrenos y que incluso algunos los revenden, y lo que es m\u00e1s complicado a\u00fan, genera que las viviendas que ah\u00ed se instalan no tengan posibilidades de acceder al agua potable, lo que genera un inconveniente con los vecinos del sector.<\/p>\n<p>Adem\u00e1s, Fernanda Vega dijo que incluso han vendido terrenos en sectores donde se producen bajadas de agua y que las familias contratan maquinarias para emparejar esos lugares que no son aptos para construir viviendas.<\/p>\n<p>Esto fue ampliamente debatido por los concejales y el alcalde, quienes concordaron que efectivamente es la municipalidad la que al final termina resolviendo el problema cuando se instalan viviendas en sectores que no tienen posibilidad de contar con agua potable, por lo que deben instalar estanques y constantemente mandar camiones con agua.<\/p>\n<p>Seg\u00fan lo manifestado en el Concejo Municipal y corroborado por la dirigente, la venta de los terrenos consiste en que un particular adquiere a la serran\u00eda el terreno por un monto determinado, pero no existe un documento legal de la venta ni de la compra, ya que las serran\u00edas no pueden vender terrenos, sin embargo, ese particular que \u2018compra\u2019 ese sitio, solicita la regularizaci\u00f3n a su nombre ante Bienes Nacionales y esta entidad consulta si alguien se opone a esa regularizaci\u00f3n, lo que la Serran\u00eda de Rinconada de Silva no hace, pues hay un acuerdo previo y permite finalmente regularizar el terreno.<\/p>\n<p>Los ediles acordaron por unanimidad mandatar al alcalde Guillermo Reyes para que junto a los dirigentes vecinales de Las Coimas env\u00eden una carta formal a Bienes Nacionales y le soliciten no autorizar m\u00e1s la regularizaci\u00f3n de t\u00edtulos de dominio en los mencionados sectores, para evitar que esas zonas se sigan poblando, debido a los inconvenientes antes se\u00f1alados.<\/p>\n<p>Patricio Gallardo M.<\/p>\n<p>&nbsp;<\/p>\n","protected":false},"excerpt":{"rendered":"<p>PUTAENDO.&#8211; Debido a la preocupaci\u00f3n manifestada por dirigentes y vecinos del sector Las Coimas, por la constante venta de terrenos por parte de la Serran\u00eda de Rinconada de Silva en ese sector,&#8230;<\/p>\n","protected":false},"author":482,"featured_media":40315,"comment_status":"open","ping_status":"closed","sticky":false,"template":"","format":"standard","meta":{"advanced_seo_description":"","jetpack_seo_html_title":"","jetpack_seo_noindex":false,"_jetpack_memberships_contains_paid_content":false,"footnotes":""},"categories":[15],"tags":[],"class_list":["post-40314","post","type-post","status-publish","format-standard","has-post-thumbnail","hentry","category-comunidad"],"jetpack_featured_media_url":"https:\/\/i0.wp.com\/eltrabajo.cl\/portal\/wp-content\/uploads\/2013\/12\/fernanda-vega.jpg?fit=945%2C630&ssl=1","jetpack_sharing_enabled":true,"jetpack_likes_enabled":true,"jetpack-related-posts":[],"_links":{"self":[{"href":"https:\/\/eltrabajo.cl\/portal\/wp-json\/wp\/v2\/posts\/40314","targetHints":{"allow":["GET"]}}],"collection":[{"href":"https:\/\/eltrabajo.cl\/portal\/wp-json\/wp\/v2\/posts"}],"about":[{"href":"https:\/\/eltrabajo.cl\/portal\/wp-json\/wp\/v2\/types\/post"}],"author":[{"embeddable":true,"href":"https:\/\/eltrabajo.cl\/portal\/wp-json\/wp\/v2\/users\/482"}],"replies":[{"embeddable":true,"href":"https:\/\/eltrabajo.cl\/portal\/wp-json\/wp\/v2\/comments?post=40314"}],"version-history":[{"count":0,"href":"https:\/\/eltrabajo.cl\/portal\/wp-json\/wp\/v2\/posts\/40314\/revisions"}],"wp:featuredmedia":[{"embeddable":true,"href":"https:\/\/eltrabajo.cl\/portal\/wp-json\/wp\/v2\/media\/40315"}],"wp:attachment":[{"href":"https:\/\/eltrabajo.cl\/portal\/wp-json\/wp\/v2\/media?parent=40314"}],"wp:term":[{"taxonomy":"category","embeddable":true,"href":"https:\/\/eltrabajo.cl\/portal\/wp-json\/wp\/v2\/categories?post=40314"},{"taxonomy":"post_tag","embeddable":true,"href":"https:\/\/eltrabajo.cl\/portal\/wp-json\/wp\/v2\/tags?post=40314"}],"curies":[{"name":"wp","href":"https:\/\/api.w.org\/{rel}","templated":true}]}}