{"id":40318,"date":"2013-12-05T09:34:40","date_gmt":"2013-12-05T12:34:40","guid":{"rendered":"http:\/\/www.eltrabajo.cl\/portal\/?p=40318"},"modified":"2013-12-05T09:34:40","modified_gmt":"2013-12-05T12:34:40","slug":"directora-s-ssa-dra-iris-boisier-algunos-querian-dinamitar-el-psiquiatrico-pero-nos-la-jugamos-por-reconstruir","status":"publish","type":"post","link":"https:\/\/eltrabajo.cl\/portal\/directora-s-ssa-dra-iris-boisier-algunos-querian-dinamitar-el-psiquiatrico-pero-nos-la-jugamos-por-reconstruir\/","title":{"rendered":"Directora (S) SSA, Dra. Iris Boisier: \u201cAlgunos quer\u00edan dinamitar el Psiqui\u00e1trico, pero nos la jugamos por reconstruir\u201d"},"content":{"rendered":"<figure id=\"attachment_40319\" aria-describedby=\"caption-attachment-40319\" style=\"width: 340px\" class=\"wp-caption alignleft\"><a href=\"https:\/\/i0.wp.com\/www.eltrabajo.cl\/portal\/wp-content\/uploads\/2013\/12\/iris-boisier.jpg\"><img data-recalc-dims=\"1\" loading=\"lazy\" decoding=\"async\" class=\" wp-image-40319  \" title=\"Dra. Iris Boisier Utz, actual Directora (S) Servicio Salud Aconcagua. \" alt=\"Dra. Iris Boisier Utz, actual Directora (S) Servicio Salud Aconcagua. \" src=\"https:\/\/i0.wp.com\/www.eltrabajo.cl\/portal\/wp-content\/uploads\/2013\/12\/iris-boisier.jpg?resize=340%2C266\" width=\"340\" height=\"266\" srcset=\"https:\/\/i0.wp.com\/eltrabajo.cl\/portal\/wp-content\/uploads\/2013\/12\/iris-boisier.jpg?w=945&amp;ssl=1 945w, https:\/\/i0.wp.com\/eltrabajo.cl\/portal\/wp-content\/uploads\/2013\/12\/iris-boisier.jpg?resize=191%2C150&amp;ssl=1 191w, https:\/\/i0.wp.com\/eltrabajo.cl\/portal\/wp-content\/uploads\/2013\/12\/iris-boisier.jpg?resize=300%2C234&amp;ssl=1 300w, https:\/\/i0.wp.com\/eltrabajo.cl\/portal\/wp-content\/uploads\/2013\/12\/iris-boisier.jpg?resize=150%2C117&amp;ssl=1 150w, https:\/\/i0.wp.com\/eltrabajo.cl\/portal\/wp-content\/uploads\/2013\/12\/iris-boisier.jpg?resize=400%2C313&amp;ssl=1 400w\" sizes=\"auto, (max-width: 340px) 100vw, 340px\" \/><\/a><figcaption id=\"caption-attachment-40319\" class=\"wp-caption-text\">Dra. Iris Boisier Utz, actual Directora (S) Servicio Salud Aconcagua.<\/figcaption><\/figure>\n<p><strong>PUTAENDO.-<\/strong> La Dra. Iris Boisier, actual directora (S) del Servicio de Salud Aconcagua, indic\u00f3 categ\u00f3ricamente que \u201calgunos quisieron dinamitar el Hospital Psiqui\u00e1trico despu\u00e9s del terremoto de 2010\u201d.<\/p>\n<p>Boisier convers\u00f3 con Diario El Trabajo una vez finalizada la presentaci\u00f3n teatral \u2018So\u00f1\u00e9 Otro Mundo\u2019, preparada por los usuarios del Philippe Pinel, donde aprovech\u00f3 de felicitar el excelente trabajo mostrado, indicando que se alegra mucho que desde el Hospital Psiqui\u00e1trico salga este mensaje potente y claro en cuanto a los derechos de los usuarios con discapacidades mentales.<\/p>\n<p>La Dra. Boisier dijo que espera que el pr\u00f3ximo 27 de diciembre, en un gran acto con los funcionarios, usuarios y la comunidad de Putaendo, se firme el contrato con la empresa que ejecutar\u00e1 las obras de reconstrucci\u00f3n del Hospital Psiqui\u00e1trico, e indic\u00f3 que \u201cmuchos pensaron en dinamitar este hospital, demolerlo o levantar un hospital de construcci\u00f3n acelerada, pero yo me opuse tenazmente, pues desde un principio, despu\u00e9s del terremoto, siempre dije que este hospital no se pod\u00eda botar y me la jugu\u00e9 por la reconstrucci\u00f3n del Philippe Pinel, tarea que nos llev\u00f3 cuatro a\u00f1os, pero lo logramos y hoy siento un orgullo enorme por haber dado esa lucha que no fue f\u00e1cil, pero por defender a los pacientes de este hospital soy capaz de pelearme con quien sea\u201d.<\/p>\n<p>La directora (S) del Servicio de Salud Aconcagua tambi\u00e9n agradeci\u00f3 la gesti\u00f3n de Rodrigo Infante, que le permiti\u00f3 trabajar a ella en forma muy estrecha desde el punto de vista m\u00e9dico con la gesti\u00f3n que \u00e9l implement\u00f3, y que hoy asume con mucha responsabilidad la funci\u00f3n que ocupar\u00e1 moment\u00e1neamente. Adem\u00e1s se\u00f1al\u00f3 que independiente del cargo que hoy ocupa, su cari\u00f1o por los pacientes del psiqui\u00e1trico y su respeto por los funcionarios que ah\u00ed trabajan est\u00e1 por sobre cualquier cargo, pues reiter\u00f3 en forma en\u00e9rgica que as\u00ed como lo tuvo que hacer en su momento, no le temblar\u00e1 la voz para defender su querido Hospital Psiqui\u00e1trico.<\/p>\n<p>Patricio Gallardo M.<\/p>\n<p>&nbsp;<\/p>\n","protected":false},"excerpt":{"rendered":"<p>PUTAENDO.- La Dra. Iris Boisier, actual directora (S) del Servicio de Salud Aconcagua, indic\u00f3 categ\u00f3ricamente que \u201calgunos quisieron dinamitar el Hospital Psiqui\u00e1trico despu\u00e9s del terremoto de 2010\u201d. Boisier convers\u00f3 con Diario El&#8230;<\/p>\n","protected":false},"author":482,"featured_media":40319,"comment_status":"open","ping_status":"closed","sticky":false,"template":"","format":"standard","meta":{"advanced_seo_description":"","jetpack_seo_html_title":"","jetpack_seo_noindex":false,"_jetpack_memberships_contains_paid_content":false,"footnotes":""},"categories":[1],"tags":[],"class_list":["post-40318","post","type-post","status-publish","format-standard","has-post-thumbnail","hentry","category-cronica"],"jetpack_featured_media_url":"https:\/\/i0.wp.com\/eltrabajo.cl\/portal\/wp-content\/uploads\/2013\/12\/iris-boisier.jpg?fit=945%2C740&ssl=1","jetpack_sharing_enabled":true,"jetpack_likes_enabled":true,"jetpack-related-posts":[],"_links":{"self":[{"href":"https:\/\/eltrabajo.cl\/portal\/wp-json\/wp\/v2\/posts\/40318","targetHints":{"allow":["GET"]}}],"collection":[{"href":"https:\/\/eltrabajo.cl\/portal\/wp-json\/wp\/v2\/posts"}],"about":[{"href":"https:\/\/eltrabajo.cl\/portal\/wp-json\/wp\/v2\/types\/post"}],"author":[{"embeddable":true,"href":"https:\/\/eltrabajo.cl\/portal\/wp-json\/wp\/v2\/users\/482"}],"replies":[{"embeddable":true,"href":"https:\/\/eltrabajo.cl\/portal\/wp-json\/wp\/v2\/comments?post=40318"}],"version-history":[{"count":0,"href":"https:\/\/eltrabajo.cl\/portal\/wp-json\/wp\/v2\/posts\/40318\/revisions"}],"wp:featuredmedia":[{"embeddable":true,"href":"https:\/\/eltrabajo.cl\/portal\/wp-json\/wp\/v2\/media\/40319"}],"wp:attachment":[{"href":"https:\/\/eltrabajo.cl\/portal\/wp-json\/wp\/v2\/media?parent=40318"}],"wp:term":[{"taxonomy":"category","embeddable":true,"href":"https:\/\/eltrabajo.cl\/portal\/wp-json\/wp\/v2\/categories?post=40318"},{"taxonomy":"post_tag","embeddable":true,"href":"https:\/\/eltrabajo.cl\/portal\/wp-json\/wp\/v2\/tags?post=40318"}],"curies":[{"name":"wp","href":"https:\/\/api.w.org\/{rel}","templated":true}]}}