{"id":40322,"date":"2013-12-05T09:37:09","date_gmt":"2013-12-05T12:37:09","guid":{"rendered":"http:\/\/www.eltrabajo.cl\/portal\/?p=40322"},"modified":"2013-12-05T09:37:09","modified_gmt":"2013-12-05T12:37:09","slug":"dictan-seminario-sobre-el-tema-en-san-felipe-hasta-los-empresarios-cometen-el-delito-de-robo-de-energia-electrica","status":"publish","type":"post","link":"https:\/\/eltrabajo.cl\/portal\/dictan-seminario-sobre-el-tema-en-san-felipe-hasta-los-empresarios-cometen-el-delito-de-robo-de-energia-electrica\/","title":{"rendered":"Dictan seminario sobre el tema en San Felipe: Hasta los empresarios cometen el delito de robo de energ\u00eda el\u00e9ctrica"},"content":{"rendered":"<figure id=\"attachment_40323\" aria-describedby=\"caption-attachment-40323\" style=\"width: 425px\" class=\"wp-caption alignleft\"><a href=\"https:\/\/i0.wp.com\/www.eltrabajo.cl\/portal\/wp-content\/uploads\/2013\/12\/robo-electricidad.jpg\"><img data-recalc-dims=\"1\" loading=\"lazy\" decoding=\"async\" class=\" wp-image-40323 \" title=\"Las brigadas de inspecci\u00f3n de Chilquinta han detectado numerosos casos de robo de electricidad en el valle de Aconcagua.\" alt=\"Las brigadas de inspecci\u00f3n de Chilquinta han detectado numerosos casos de robo de electricidad en el valle de Aconcagua.\" src=\"https:\/\/i0.wp.com\/www.eltrabajo.cl\/portal\/wp-content\/uploads\/2013\/12\/robo-electricidad.jpg?resize=425%2C319\" width=\"425\" height=\"319\" srcset=\"https:\/\/i0.wp.com\/eltrabajo.cl\/portal\/wp-content\/uploads\/2013\/12\/robo-electricidad.jpg?w=709&amp;ssl=1 709w, https:\/\/i0.wp.com\/eltrabajo.cl\/portal\/wp-content\/uploads\/2013\/12\/robo-electricidad.jpg?resize=200%2C150&amp;ssl=1 200w, https:\/\/i0.wp.com\/eltrabajo.cl\/portal\/wp-content\/uploads\/2013\/12\/robo-electricidad.jpg?resize=300%2C224&amp;ssl=1 300w, https:\/\/i0.wp.com\/eltrabajo.cl\/portal\/wp-content\/uploads\/2013\/12\/robo-electricidad.jpg?resize=150%2C112&amp;ssl=1 150w, https:\/\/i0.wp.com\/eltrabajo.cl\/portal\/wp-content\/uploads\/2013\/12\/robo-electricidad.jpg?resize=400%2C299&amp;ssl=1 400w\" sizes=\"auto, (max-width: 425px) 100vw, 425px\" \/><\/a><figcaption id=\"caption-attachment-40323\" class=\"wp-caption-text\">Las brigadas de inspecci\u00f3n de Chilquinta han detectado numerosos casos de robo de electricidad en el valle de Aconcagua.<\/figcaption><\/figure>\n<p>En atenci\u00f3n a la alta cifra de casos de robo de energ\u00eda el\u00e9ctrica que ha detectado Chilquinta, donde se ha constatado que incluso, muchos conocidos empresarios del valle de Aconcagua han incurrido en este delito, Chilquinta encomend\u00f3 a la empresa Alto, iniciar un trabajo de sensibilizaci\u00f3n en torno a este tema, el que se tradujo en San Felipe en la realizaci\u00f3n de un seminario dirigido a dirigentes vecinales y Carabineros.<\/p>\n<p>La empresa Alto trabaja junto a Chilquinta precisamente para lograr una disminuci\u00f3n en los delitos de hurto y robo de electricidad en la regi\u00f3n y su representante, Ra\u00fal Lagos, se\u00f1al\u00f3 que as\u00ed como es muy cr\u00edtico el tema de la sequ\u00eda y de la crisis energ\u00e9tica en la regi\u00f3n y particularmente en San Felipe, se han detectado muchos casos de hurtos, por lo que est\u00e1n haciendo grandes esfuerzos en crear conciencia y educar tanto a las autoridades como a la comunidad, en torno a este tema.<\/p>\n<p>\u201cEl hurto de energ\u00eda es peligroso. Puede provocar incendios, apagones, da\u00f1os a los artefactos el\u00e9ctricos y riesgos para las personas. A la vez esto tiene penas legales que incluso pueden terminar en c\u00e1rcel. Por eso hemos querido unificar conceptos, en la b\u00fasqueda de la ayuda y cooperaci\u00f3n necesarias para poner fin a esta problem\u00e1tica\u201d, se\u00f1al\u00f3 el profesional.<\/p>\n<figure id=\"attachment_40324\" aria-describedby=\"caption-attachment-40324\" style=\"width: 255px\" class=\"wp-caption alignright\"><a href=\"https:\/\/i0.wp.com\/www.eltrabajo.cl\/portal\/wp-content\/uploads\/2013\/12\/Raul-Lagos.jpg\"><img data-recalc-dims=\"1\" loading=\"lazy\" decoding=\"async\" class=\" wp-image-40324  \" title=\"Ra\u00fal Lagos, de la empresa Alto, reconoci\u00f3 que hay casos \u2018emblem\u00e1ticos\u2019 de empresarios y latifundistas que han incurrido en el robo de electricidad.\" alt=\"Ra\u00fal Lagos, de la empresa Alto, reconoci\u00f3 que hay casos \u2018emblem\u00e1ticos\u2019 de empresarios y latifundistas que han incurrido en el robo de electricidad.\" src=\"https:\/\/i0.wp.com\/www.eltrabajo.cl\/portal\/wp-content\/uploads\/2013\/12\/Raul-Lagos.jpg?resize=255%2C170\" width=\"255\" height=\"170\" srcset=\"https:\/\/i0.wp.com\/eltrabajo.cl\/portal\/wp-content\/uploads\/2013\/12\/Raul-Lagos.jpg?w=709&amp;ssl=1 709w, https:\/\/i0.wp.com\/eltrabajo.cl\/portal\/wp-content\/uploads\/2013\/12\/Raul-Lagos.jpg?resize=200%2C133&amp;ssl=1 200w, https:\/\/i0.wp.com\/eltrabajo.cl\/portal\/wp-content\/uploads\/2013\/12\/Raul-Lagos.jpg?resize=300%2C200&amp;ssl=1 300w, https:\/\/i0.wp.com\/eltrabajo.cl\/portal\/wp-content\/uploads\/2013\/12\/Raul-Lagos.jpg?resize=150%2C100&amp;ssl=1 150w, https:\/\/i0.wp.com\/eltrabajo.cl\/portal\/wp-content\/uploads\/2013\/12\/Raul-Lagos.jpg?resize=400%2C266&amp;ssl=1 400w\" sizes=\"auto, (max-width: 255px) 100vw, 255px\" \/><\/a><figcaption id=\"caption-attachment-40324\" class=\"wp-caption-text\">Ra\u00fal Lagos, de la empresa Alto, reconoci\u00f3 que hay casos \u2018emblem\u00e1ticos\u2019 de empresarios y latifundistas que han incurrido en el robo de electricidad.<\/figcaption><\/figure>\n<p>Seg\u00fan dijo Lagos, el robo de energ\u00eda el\u00e9ctrica es un tema transversal en Aconcagua y a nivel regional, as\u00ed como a nivel de grupos socioecon\u00f3micos. \u201cAqu\u00ed se registran robos tanto de personas de muy escasos recursos, hasta empresarios, latifundistas. Hemos detectado casos emblem\u00e1ticos en la zona de Aconcagua, due\u00f1os de empresas, de fundos, que extraen il\u00edcitamente electricidad, en algunos casos alimentan bombas hidr\u00e1ulicas para sacar agua de napas subterr\u00e1neas, tambi\u00e9n se han detectado empresas de diversos rubros, as\u00ed como locales comerciales. Es algo que ocurre en todo el pa\u00eds, pero estamos combatiendo primero lo que ocurre en la Quinta Regi\u00f3n\u201d, manifest\u00f3 Ra\u00fal Lagos.<\/p>\n<p>Constantemente, mediante sus brigadas de inspecci\u00f3n, la empresa Chilquinta fiscaliza e inspecciona las casas, por lo que si una persona est\u00e1 incurriendo en este il\u00edcito es muy probable que en alg\u00fan momento sea descubierta y por ende, denunciada a la justicia.<\/p>\n<p>\u201cPor lo mismo, le recomendamos a la gente que est\u00e1 incurriendo en esta situaci\u00f3n, que regularice este servicio, para que as\u00ed no sean sancionados por la ley. Si bien Chilquinta no est\u00e1 judicializando a las personas de bajo estrato social, la idea de la fiscalizaci\u00f3n es convertir en cliente a la gente que est\u00e1 robando\u201d, se\u00f1al\u00f3 el representante de Alto.<\/p>\n<p>Durante la charla realizada en San Felipe, se abordaron temas legales, sociales y efectos del robo de energ\u00eda, m\u00e9todos de denuncia, facultades de las brigadas de inspecci\u00f3n, as\u00ed como los deberes de la comunidad con los equipos de medici\u00f3n.<\/p>\n","protected":false},"excerpt":{"rendered":"<p>En atenci\u00f3n a la alta cifra de casos de robo de energ\u00eda el\u00e9ctrica que ha detectado Chilquinta, donde se ha constatado que incluso, muchos conocidos empresarios del valle de Aconcagua han incurrido&#8230;<\/p>\n","protected":false},"author":482,"featured_media":40323,"comment_status":"open","ping_status":"closed","sticky":false,"template":"","format":"standard","meta":{"advanced_seo_description":"","jetpack_seo_html_title":"","jetpack_seo_noindex":false,"_jetpack_memberships_contains_paid_content":false,"footnotes":""},"categories":[1],"tags":[],"class_list":["post-40322","post","type-post","status-publish","format-standard","has-post-thumbnail","hentry","category-cronica"],"jetpack_featured_media_url":"https:\/\/i0.wp.com\/eltrabajo.cl\/portal\/wp-content\/uploads\/2013\/12\/robo-electricidad.jpg?fit=709%2C531&ssl=1","jetpack_sharing_enabled":true,"jetpack_likes_enabled":true,"jetpack-related-posts":[],"_links":{"self":[{"href":"https:\/\/eltrabajo.cl\/portal\/wp-json\/wp\/v2\/posts\/40322","targetHints":{"allow":["GET"]}}],"collection":[{"href":"https:\/\/eltrabajo.cl\/portal\/wp-json\/wp\/v2\/posts"}],"about":[{"href":"https:\/\/eltrabajo.cl\/portal\/wp-json\/wp\/v2\/types\/post"}],"author":[{"embeddable":true,"href":"https:\/\/eltrabajo.cl\/portal\/wp-json\/wp\/v2\/users\/482"}],"replies":[{"embeddable":true,"href":"https:\/\/eltrabajo.cl\/portal\/wp-json\/wp\/v2\/comments?post=40322"}],"version-history":[{"count":0,"href":"https:\/\/eltrabajo.cl\/portal\/wp-json\/wp\/v2\/posts\/40322\/revisions"}],"wp:featuredmedia":[{"embeddable":true,"href":"https:\/\/eltrabajo.cl\/portal\/wp-json\/wp\/v2\/media\/40323"}],"wp:attachment":[{"href":"https:\/\/eltrabajo.cl\/portal\/wp-json\/wp\/v2\/media?parent=40322"}],"wp:term":[{"taxonomy":"category","embeddable":true,"href":"https:\/\/eltrabajo.cl\/portal\/wp-json\/wp\/v2\/categories?post=40322"},{"taxonomy":"post_tag","embeddable":true,"href":"https:\/\/eltrabajo.cl\/portal\/wp-json\/wp\/v2\/tags?post=40322"}],"curies":[{"name":"wp","href":"https:\/\/api.w.org\/{rel}","templated":true}]}}