{"id":40327,"date":"2013-12-05T09:38:49","date_gmt":"2013-12-05T12:38:49","guid":{"rendered":"http:\/\/www.eltrabajo.cl\/portal\/?p=40327"},"modified":"2013-12-05T09:38:49","modified_gmt":"2013-12-05T12:38:49","slug":"los-vasquez-y-pollo-fuentes-estaran-en-festival-la-voz-de-panquehue","status":"publish","type":"post","link":"https:\/\/eltrabajo.cl\/portal\/los-vasquez-y-pollo-fuentes-estaran-en-festival-la-voz-de-panquehue\/","title":{"rendered":"Los V\u00e1squez y \u2018Pollo\u2019 Fuentes estar\u00e1n en Festival La Voz de Panquehue"},"content":{"rendered":"<figure id=\"attachment_40328\" aria-describedby=\"caption-attachment-40328\" style=\"width: 364px\" class=\"wp-caption alignleft\"><a href=\"https:\/\/i0.wp.com\/www.eltrabajo.cl\/portal\/wp-content\/uploads\/2013\/12\/Los-vazques.jpg\"><img data-recalc-dims=\"1\" loading=\"lazy\" decoding=\"async\" class=\" wp-image-40328  \" title=\"Los V\u00e1squez, uno de los grupos nacionales m\u00e1s destacados en estos momentos, ser\u00e1 el plato fuerte de esta quinta versi\u00f3n del festival panquehuino.\" alt=\"Los V\u00e1squez, uno de los grupos nacionales m\u00e1s destacados en estos momentos, ser\u00e1 el plato fuerte de esta quinta versi\u00f3n del festival panquehuino.\" src=\"https:\/\/i0.wp.com\/www.eltrabajo.cl\/portal\/wp-content\/uploads\/2013\/12\/Los-vazques.jpg?resize=364%2C244\" width=\"364\" height=\"244\" srcset=\"https:\/\/i0.wp.com\/eltrabajo.cl\/portal\/wp-content\/uploads\/2013\/12\/Los-vazques.jpg?w=866&amp;ssl=1 866w, https:\/\/i0.wp.com\/eltrabajo.cl\/portal\/wp-content\/uploads\/2013\/12\/Los-vazques.jpg?resize=200%2C133&amp;ssl=1 200w, https:\/\/i0.wp.com\/eltrabajo.cl\/portal\/wp-content\/uploads\/2013\/12\/Los-vazques.jpg?resize=300%2C200&amp;ssl=1 300w, https:\/\/i0.wp.com\/eltrabajo.cl\/portal\/wp-content\/uploads\/2013\/12\/Los-vazques.jpg?resize=150%2C100&amp;ssl=1 150w, https:\/\/i0.wp.com\/eltrabajo.cl\/portal\/wp-content\/uploads\/2013\/12\/Los-vazques.jpg?resize=400%2C267&amp;ssl=1 400w\" sizes=\"auto, (max-width: 364px) 100vw, 364px\" \/><\/a><figcaption id=\"caption-attachment-40328\" class=\"wp-caption-text\">Los V\u00e1squez, uno de los grupos nacionales m\u00e1s destacados en estos momentos, ser\u00e1 el plato fuerte de esta quinta versi\u00f3n del festival panquehuino.<\/figcaption><\/figure>\n<p>Entre ellos adem\u00e1s se contar\u00e1 con la presentaci\u00f3n de Luis Dimas, Felipe Armas y Maril\u00fa Cuevas, adem\u00e1s de Horacio Saavedra, Fernando Alarc\u00f3n (Pepito TV) y Garras de Amor son algunos de los n\u00fameros para el show que se realizar\u00e1 el pr\u00f3ximo 3 y 4 de enero de 2014.<\/p>\n<p>Con la finalidad de celebrar el 117\u00ba aniversario de la comuna, gracias a la gesti\u00f3n del Alcalde Pradenas, Panquehue vuelve a preparar su tan esperado festival de la canci\u00f3n. El evento que cumple su quinta versi\u00f3n ser\u00e1 una fiesta sin precedentes y de un nivel extraordinario. As\u00ed los habitantes de la comuna el pr\u00f3ximo 3 y 4 de enero de 2014, disfrutar\u00e1n de un show de nivel internacional con artistas chilenos consagrados.<\/p>\n<p>Luis Dimas, Felipe Armas y Maril\u00fa Cuevas, Los V\u00e1squez, Pollo Fuentes y Horario Saavedra, Fernando Alarc\u00f3n (Pepito TV) y Garras de Amor son algunos de los n\u00fameros para el show que se efectuar\u00e1 en el Estadio Los Libertadores del sector La Pirca, con capacidad para cinco mil personas.<\/p>\n<p>El jefe comunal no ha escatimado esfuerzos por involucrar a la empresa privada para procurar el total financiamiento de este evento, sin perjuicio de los fondos comunales, haciendo hincapi\u00e9 en que la gente de Panquehue lo merece y no por ser una comuna chica y con recursos escasos, tiene que disfrutar de artistas consagrados solo por televisi\u00f3n.<\/p>\n<p>\u201cTodo se puede lograr. Nuestras metas nunca han sido peque\u00f1as, y este festival es el fiel reflejo de todos nuestros logros comunales en educaci\u00f3n, salud y compromiso social. Este festival ya est\u00e1 instaurado a nivel de Valle de Aconcagua con un nombre a lo largo del pa\u00eds, llamando la atenci\u00f3n de diversos artistas. La gente de Panquehue se lo merece y cada vez siente m\u00e1s suya esta fiesta\u201d, declar\u00f3 el edil, insistiendo en el aporte a la calidad de vida de este tipo de actividades que dignifica y motiva a la gente. \u201cHoy ya tenemos pantalones largos y siempre nuestras expectativas son llegar lo m\u00e1s arriba posible, con la sola misi\u00f3n de beneficiar y hacer crecer a nuestro Panquehue\u201d.<\/p>\n<p>Las invitaciones liberadas ser\u00e1n entregadas por el Municipio.<\/p>\n","protected":false},"excerpt":{"rendered":"<p>Entre ellos adem\u00e1s se contar\u00e1 con la presentaci\u00f3n de Luis Dimas, Felipe Armas y Maril\u00fa Cuevas, adem\u00e1s de Horacio Saavedra, Fernando Alarc\u00f3n (Pepito TV) y Garras de Amor son algunos de los&#8230;<\/p>\n","protected":false},"author":482,"featured_media":40328,"comment_status":"open","ping_status":"closed","sticky":false,"template":"","format":"standard","meta":{"advanced_seo_description":"","jetpack_seo_html_title":"","jetpack_seo_noindex":false,"_jetpack_memberships_contains_paid_content":false,"footnotes":""},"categories":[1],"tags":[],"class_list":["post-40327","post","type-post","status-publish","format-standard","has-post-thumbnail","hentry","category-cronica"],"jetpack_featured_media_url":"https:\/\/i0.wp.com\/eltrabajo.cl\/portal\/wp-content\/uploads\/2013\/12\/Los-vazques.jpg?fit=866%2C580&ssl=1","jetpack_sharing_enabled":true,"jetpack_likes_enabled":true,"jetpack-related-posts":[],"_links":{"self":[{"href":"https:\/\/eltrabajo.cl\/portal\/wp-json\/wp\/v2\/posts\/40327","targetHints":{"allow":["GET"]}}],"collection":[{"href":"https:\/\/eltrabajo.cl\/portal\/wp-json\/wp\/v2\/posts"}],"about":[{"href":"https:\/\/eltrabajo.cl\/portal\/wp-json\/wp\/v2\/types\/post"}],"author":[{"embeddable":true,"href":"https:\/\/eltrabajo.cl\/portal\/wp-json\/wp\/v2\/users\/482"}],"replies":[{"embeddable":true,"href":"https:\/\/eltrabajo.cl\/portal\/wp-json\/wp\/v2\/comments?post=40327"}],"version-history":[{"count":0,"href":"https:\/\/eltrabajo.cl\/portal\/wp-json\/wp\/v2\/posts\/40327\/revisions"}],"wp:featuredmedia":[{"embeddable":true,"href":"https:\/\/eltrabajo.cl\/portal\/wp-json\/wp\/v2\/media\/40328"}],"wp:attachment":[{"href":"https:\/\/eltrabajo.cl\/portal\/wp-json\/wp\/v2\/media?parent=40327"}],"wp:term":[{"taxonomy":"category","embeddable":true,"href":"https:\/\/eltrabajo.cl\/portal\/wp-json\/wp\/v2\/categories?post=40327"},{"taxonomy":"post_tag","embeddable":true,"href":"https:\/\/eltrabajo.cl\/portal\/wp-json\/wp\/v2\/tags?post=40327"}],"curies":[{"name":"wp","href":"https:\/\/api.w.org\/{rel}","templated":true}]}}