{"id":40332,"date":"2013-12-05T09:46:23","date_gmt":"2013-12-05T12:46:23","guid":{"rendered":"http:\/\/www.eltrabajo.cl\/portal\/?p=40332"},"modified":"2013-12-05T09:46:23","modified_gmt":"2013-12-05T12:46:23","slug":"certifican-a-escuelas-como-protectores-de-la-infancia-y-la-adolescencia","status":"publish","type":"post","link":"https:\/\/eltrabajo.cl\/portal\/certifican-a-escuelas-como-protectores-de-la-infancia-y-la-adolescencia\/","title":{"rendered":"Certifican a escuelas como protectores de la infancia y la adolescencia"},"content":{"rendered":"<figure id=\"attachment_40333\" aria-describedby=\"caption-attachment-40333\" style=\"width: 423px\" class=\"wp-caption alignleft\"><a href=\"https:\/\/i0.wp.com\/www.eltrabajo.cl\/portal\/wp-content\/uploads\/2013\/12\/certificacion.jpg\"><img data-recalc-dims=\"1\" loading=\"lazy\" decoding=\"async\" class=\" wp-image-40333   \" title=\"Las autoridades municipales encabezadas por el Alcalde Patricio Freire, junto a representantes de los establecimientos participantes que se certificaron.\" alt=\"Las autoridades municipales encabezadas por el Alcalde Patricio Freire, junto a representantes de los establecimientos participantes que se certificaron.\" src=\"https:\/\/i0.wp.com\/www.eltrabajo.cl\/portal\/wp-content\/uploads\/2013\/12\/certificacion.jpg?resize=423%2C242\" width=\"423\" height=\"242\" srcset=\"https:\/\/i0.wp.com\/eltrabajo.cl\/portal\/wp-content\/uploads\/2013\/12\/certificacion.jpg?w=1102&amp;ssl=1 1102w, https:\/\/i0.wp.com\/eltrabajo.cl\/portal\/wp-content\/uploads\/2013\/12\/certificacion.jpg?resize=200%2C114&amp;ssl=1 200w, https:\/\/i0.wp.com\/eltrabajo.cl\/portal\/wp-content\/uploads\/2013\/12\/certificacion.jpg?resize=300%2C171&amp;ssl=1 300w, https:\/\/i0.wp.com\/eltrabajo.cl\/portal\/wp-content\/uploads\/2013\/12\/certificacion.jpg?resize=1024%2C584&amp;ssl=1 1024w, https:\/\/i0.wp.com\/eltrabajo.cl\/portal\/wp-content\/uploads\/2013\/12\/certificacion.jpg?resize=150%2C85&amp;ssl=1 150w, https:\/\/i0.wp.com\/eltrabajo.cl\/portal\/wp-content\/uploads\/2013\/12\/certificacion.jpg?resize=400%2C228&amp;ssl=1 400w\" sizes=\"auto, (max-width: 423px) 100vw, 423px\" \/><\/a><figcaption id=\"caption-attachment-40333\" class=\"wp-caption-text\">Las autoridades municipales encabezadas por el Alcalde Patricio Freire, junto a representantes de los establecimientos participantes que se certificaron.<\/figcaption><\/figure>\n<p>Este mi\u00e9rcoles concluy\u00f3 la primera etapa del programa Escuelas Protectoras de la Ni\u00f1ez y la Adolescencia, por lo que los establecimientos educacionales y jardines infantiles participantes de la iniciativa recibieron su certificaci\u00f3n.<\/p>\n<p>El programa consisti\u00f3 en la ejecuci\u00f3n de ocho sesiones que se realizaron entre los meses de agosto y octubre de este a\u00f1o y en la que participaron los establecimientos educacionales y jardines infantiles de la comuna, con el objetivo de fortalecer el trabajo coordinado y la corresponsabilidad como garante de derechos de ni\u00f1os y adolescentes que tienen estos establecimientos.<\/p>\n<p>Durante este tiempo las capacitaciones se centraron en exponer a los centros educacionales desde qu\u00e9 momento los ni\u00f1os son garantes de derechos, adem\u00e1s de ense\u00f1arles a utilizar el circuito de derivaci\u00f3n y denuncia frente a casos de vulneraci\u00f3n de derechos, algunas constitutivas de delito y la entrega de herramientas para que se vayan actualizando los reglamentos en los establecimientos, todo esto desde la perspectiva de los derechos de los ni\u00f1os.<\/p>\n<p>De los establecimientos participantes se certificaron 16, que son quienes cumplieron el requisito de la asistencia de los profesionales de las escuelas y jardines.<\/p>\n<p>\u201cEsto deber\u00eda beneficiar a una importante cantidad de ni\u00f1os, porque son establecimientos que cuentan con gran matr\u00edcula, as\u00ed mismo jardines infantiles e ir fortaleciendo todo el trabajo promocional y proteccional desde el gobierno comunal que es el municipio\u201d, dijo Francisca Hidalgo, coordinadora de la OPD de San Felipe.<\/p>\n<p>El Alcalde Patricio Freire destac\u00f3 la realizaci\u00f3n de la actividad y la participaci\u00f3n de los establecimientos educacionales, adem\u00e1s del trabajo efectuado por los profesionales de la OPD de San Felipe, del departamento psicosocial de la Daem y del programa Senda Previene, y puso el \u00e9nfasis en la importancia que tienen para su administraci\u00f3n alcaldicia los ni\u00f1os, ni\u00f1as y adolescentes de la comuna, ya que ellos son el futuro de San Felipe.<\/p>\n<p>Alma Araya es encargada de convivencia escolar de la escuela Jos\u00e9 Manso de Velasco y tambi\u00e9n particip\u00f3 en la primera etapa de este programa, destacando que lo aprendido permite mejorar pr\u00e1cticas que puedan realizarse en los establecimientos educacionales y erradicar la violencia en estos lugares.<\/p>\n<p>\u201cEsto es uno de los pasos m\u00e1s importantes que tenemos como escuela, toda vez que est\u00e1 en boga velar por la buena convivencia escolar en las escuelas, ense\u00f1ar a los ni\u00f1os y nuestra comunidad que lo que debe primar es el buen trato ante todas las cosas, los ni\u00f1os tienen derecho a recibir un trato digno, tanto de sus padres como de toda la comunidad educativa\u201d.<\/p>\n<p>&nbsp;<\/p>\n","protected":false},"excerpt":{"rendered":"<p>Este mi\u00e9rcoles concluy\u00f3 la primera etapa del programa Escuelas Protectoras de la Ni\u00f1ez y la Adolescencia, por lo que los establecimientos educacionales y jardines infantiles participantes de la iniciativa recibieron su certificaci\u00f3n&#8230;.<\/p>\n","protected":false},"author":482,"featured_media":40333,"comment_status":"open","ping_status":"closed","sticky":false,"template":"","format":"standard","meta":{"advanced_seo_description":"","jetpack_seo_html_title":"","jetpack_seo_noindex":false,"_jetpack_memberships_contains_paid_content":false,"footnotes":""},"categories":[1],"tags":[],"class_list":["post-40332","post","type-post","status-publish","format-standard","has-post-thumbnail","hentry","category-cronica"],"jetpack_featured_media_url":"https:\/\/i0.wp.com\/eltrabajo.cl\/portal\/wp-content\/uploads\/2013\/12\/certificacion.jpg?fit=1102%2C629&ssl=1","jetpack_sharing_enabled":true,"jetpack_likes_enabled":true,"jetpack-related-posts":[],"_links":{"self":[{"href":"https:\/\/eltrabajo.cl\/portal\/wp-json\/wp\/v2\/posts\/40332","targetHints":{"allow":["GET"]}}],"collection":[{"href":"https:\/\/eltrabajo.cl\/portal\/wp-json\/wp\/v2\/posts"}],"about":[{"href":"https:\/\/eltrabajo.cl\/portal\/wp-json\/wp\/v2\/types\/post"}],"author":[{"embeddable":true,"href":"https:\/\/eltrabajo.cl\/portal\/wp-json\/wp\/v2\/users\/482"}],"replies":[{"embeddable":true,"href":"https:\/\/eltrabajo.cl\/portal\/wp-json\/wp\/v2\/comments?post=40332"}],"version-history":[{"count":0,"href":"https:\/\/eltrabajo.cl\/portal\/wp-json\/wp\/v2\/posts\/40332\/revisions"}],"wp:featuredmedia":[{"embeddable":true,"href":"https:\/\/eltrabajo.cl\/portal\/wp-json\/wp\/v2\/media\/40333"}],"wp:attachment":[{"href":"https:\/\/eltrabajo.cl\/portal\/wp-json\/wp\/v2\/media?parent=40332"}],"wp:term":[{"taxonomy":"category","embeddable":true,"href":"https:\/\/eltrabajo.cl\/portal\/wp-json\/wp\/v2\/categories?post=40332"},{"taxonomy":"post_tag","embeddable":true,"href":"https:\/\/eltrabajo.cl\/portal\/wp-json\/wp\/v2\/tags?post=40332"}],"curies":[{"name":"wp","href":"https:\/\/api.w.org\/{rel}","templated":true}]}}