{"id":40366,"date":"2013-12-06T09:30:51","date_gmt":"2013-12-06T12:30:51","guid":{"rendered":"http:\/\/www.eltrabajo.cl\/portal\/?p=40366"},"modified":"2013-12-06T09:30:52","modified_gmt":"2013-12-06T12:30:52","slug":"escuela-carmela-carvajal-sigue-brillando-con-su-gala-artistica-2013","status":"publish","type":"post","link":"https:\/\/eltrabajo.cl\/portal\/escuela-carmela-carvajal-sigue-brillando-con-su-gala-artistica-2013\/","title":{"rendered":"Escuela Carmela Carvajal sigue brillando con su Gala Art\u00edstica 2013"},"content":{"rendered":"<figure id=\"attachment_40367\" aria-describedby=\"caption-attachment-40367\" style=\"width: 529px\" class=\"wp-caption alignnone\"><a href=\"https:\/\/i0.wp.com\/www.eltrabajo.cl\/portal\/wp-content\/uploads\/2013\/12\/Gala1.jpg\"><img data-recalc-dims=\"1\" loading=\"lazy\" decoding=\"async\" class=\"size-full wp-image-40367\" title=\"LOS MEJORES.- As\u00ed luc\u00edan los peque\u00f1os de la banda escolar durante la Gala Art\u00edstica 2013 de la Escuela Carmela Carvajal de Curim\u00f3n.\" alt=\"LOS MEJORES.- As\u00ed luc\u00edan los peque\u00f1os de la banda escolar durante la Gala Art\u00edstica 2013 de la Escuela Carmela Carvajal de Curim\u00f3n.\" src=\"https:\/\/i0.wp.com\/www.eltrabajo.cl\/portal\/wp-content\/uploads\/2013\/12\/Gala1.jpg?resize=529%2C325\" width=\"529\" height=\"325\" srcset=\"https:\/\/i0.wp.com\/eltrabajo.cl\/portal\/wp-content\/uploads\/2013\/12\/Gala1.jpg?w=529&amp;ssl=1 529w, https:\/\/i0.wp.com\/eltrabajo.cl\/portal\/wp-content\/uploads\/2013\/12\/Gala1.jpg?resize=200%2C122&amp;ssl=1 200w, https:\/\/i0.wp.com\/eltrabajo.cl\/portal\/wp-content\/uploads\/2013\/12\/Gala1.jpg?resize=300%2C184&amp;ssl=1 300w, https:\/\/i0.wp.com\/eltrabajo.cl\/portal\/wp-content\/uploads\/2013\/12\/Gala1.jpg?resize=150%2C92&amp;ssl=1 150w, https:\/\/i0.wp.com\/eltrabajo.cl\/portal\/wp-content\/uploads\/2013\/12\/Gala1.jpg?resize=400%2C245&amp;ssl=1 400w\" sizes=\"auto, (max-width: 529px) 100vw, 529px\" \/><\/a><figcaption id=\"caption-attachment-40367\" class=\"wp-caption-text\">LOS MEJORES.- As\u00ed luc\u00edan los peque\u00f1os de la banda escolar durante la Gala Art\u00edstica 2013 de la Escuela Carmela Carvajal de Curim\u00f3n.<\/figcaption><\/figure>\n<p>La Gala Anual 2013 que se desarroll\u00f3 en la Escuela Carmela Carvajal, fue una jornada en la que cada uno de los presentes logr\u00f3 expresar con alegr\u00eda la satisfacci\u00f3n por el cierre de un a\u00f1o escolar colmado de logros acad\u00e9micos en esta escuela de Curim\u00f3n.<\/p>\n<figure id=\"attachment_40368\" aria-describedby=\"caption-attachment-40368\" style=\"width: 370px\" class=\"wp-caption alignright\"><a href=\"https:\/\/i0.wp.com\/www.eltrabajo.cl\/portal\/wp-content\/uploads\/2013\/12\/Gala3.jpg\"><img data-recalc-dims=\"1\" loading=\"lazy\" decoding=\"async\" class=\" wp-image-40368 \" title=\"ESPERANDO.- Los m\u00e1s peque\u00f1itos y que no lograron entrar a la banda escolar, esperaron su turno para presentar sus habilidades en gimnasia.\" alt=\"ESPERANDO.- Los m\u00e1s peque\u00f1itos y que no lograron entrar a la banda escolar, esperaron su turno para presentar sus habilidades en gimnasia.\" src=\"https:\/\/i0.wp.com\/www.eltrabajo.cl\/portal\/wp-content\/uploads\/2013\/12\/Gala3.jpg?resize=370%2C278\" width=\"370\" height=\"278\" srcset=\"https:\/\/i0.wp.com\/eltrabajo.cl\/portal\/wp-content\/uploads\/2013\/12\/Gala3.jpg?w=528&amp;ssl=1 528w, https:\/\/i0.wp.com\/eltrabajo.cl\/portal\/wp-content\/uploads\/2013\/12\/Gala3.jpg?resize=200%2C150&amp;ssl=1 200w, https:\/\/i0.wp.com\/eltrabajo.cl\/portal\/wp-content\/uploads\/2013\/12\/Gala3.jpg?resize=300%2C225&amp;ssl=1 300w, https:\/\/i0.wp.com\/eltrabajo.cl\/portal\/wp-content\/uploads\/2013\/12\/Gala3.jpg?resize=150%2C112&amp;ssl=1 150w, https:\/\/i0.wp.com\/eltrabajo.cl\/portal\/wp-content\/uploads\/2013\/12\/Gala3.jpg?resize=400%2C300&amp;ssl=1 400w\" sizes=\"auto, (max-width: 370px) 100vw, 370px\" \/><\/a><figcaption id=\"caption-attachment-40368\" class=\"wp-caption-text\">ESPERANDO.- Los m\u00e1s peque\u00f1itos y que no lograron entrar a la banda escolar, esperaron su turno para presentar sus habilidades en gimnasia.<\/figcaption><\/figure>\n<p>Este evento busc\u00f3 reflejar las aptitudes deportivas y art\u00edsticas que los m\u00e1s de 200 estudiantes han logrado desarrollar durante este a\u00f1o escolar. En la actividad de este a\u00f1o, y luego de grandes esfuerzos por parte de la comunidad educativa, la Daem y el Centro de Padres, ahora tienen su propia banda escolar, misma que anim\u00f3 en cada momento de la colosal gala art\u00edstica.<\/p>\n<p>&nbsp;<\/p>\n","protected":false},"excerpt":{"rendered":"<p>La Gala Anual 2013 que se desarroll\u00f3 en la Escuela Carmela Carvajal, fue una jornada en la que cada uno de los presentes logr\u00f3 expresar con alegr\u00eda la satisfacci\u00f3n por el cierre&#8230;<\/p>\n","protected":false},"author":482,"featured_media":40367,"comment_status":"open","ping_status":"closed","sticky":false,"template":"","format":"standard","meta":{"advanced_seo_description":"","jetpack_seo_html_title":"","jetpack_seo_noindex":false,"_jetpack_memberships_contains_paid_content":false,"footnotes":""},"categories":[15],"tags":[],"class_list":["post-40366","post","type-post","status-publish","format-standard","has-post-thumbnail","hentry","category-comunidad"],"jetpack_featured_media_url":"https:\/\/i0.wp.com\/eltrabajo.cl\/portal\/wp-content\/uploads\/2013\/12\/Gala1.jpg?fit=529%2C325&ssl=1","jetpack_sharing_enabled":true,"jetpack_likes_enabled":true,"jetpack-related-posts":[],"_links":{"self":[{"href":"https:\/\/eltrabajo.cl\/portal\/wp-json\/wp\/v2\/posts\/40366","targetHints":{"allow":["GET"]}}],"collection":[{"href":"https:\/\/eltrabajo.cl\/portal\/wp-json\/wp\/v2\/posts"}],"about":[{"href":"https:\/\/eltrabajo.cl\/portal\/wp-json\/wp\/v2\/types\/post"}],"author":[{"embeddable":true,"href":"https:\/\/eltrabajo.cl\/portal\/wp-json\/wp\/v2\/users\/482"}],"replies":[{"embeddable":true,"href":"https:\/\/eltrabajo.cl\/portal\/wp-json\/wp\/v2\/comments?post=40366"}],"version-history":[{"count":0,"href":"https:\/\/eltrabajo.cl\/portal\/wp-json\/wp\/v2\/posts\/40366\/revisions"}],"wp:featuredmedia":[{"embeddable":true,"href":"https:\/\/eltrabajo.cl\/portal\/wp-json\/wp\/v2\/media\/40367"}],"wp:attachment":[{"href":"https:\/\/eltrabajo.cl\/portal\/wp-json\/wp\/v2\/media?parent=40366"}],"wp:term":[{"taxonomy":"category","embeddable":true,"href":"https:\/\/eltrabajo.cl\/portal\/wp-json\/wp\/v2\/categories?post=40366"},{"taxonomy":"post_tag","embeddable":true,"href":"https:\/\/eltrabajo.cl\/portal\/wp-json\/wp\/v2\/tags?post=40366"}],"curies":[{"name":"wp","href":"https:\/\/api.w.org\/{rel}","templated":true}]}}