{"id":40371,"date":"2013-12-06T09:32:11","date_gmt":"2013-12-06T12:32:11","guid":{"rendered":"http:\/\/www.eltrabajo.cl\/portal\/?p=40371"},"modified":"2013-12-06T09:32:11","modified_gmt":"2013-12-06T12:32:11","slug":"alcalde-navarro-reafirmo-compromiso-de-seguir-apoyando-a-bomberos","status":"publish","type":"post","link":"https:\/\/eltrabajo.cl\/portal\/alcalde-navarro-reafirmo-compromiso-de-seguir-apoyando-a-bomberos\/","title":{"rendered":"Alcalde Navarro reafirm\u00f3 compromiso de seguir apoyando a Bomberos"},"content":{"rendered":"<figure id=\"attachment_40372\" aria-describedby=\"caption-attachment-40372\" style=\"width: 317px\" class=\"wp-caption alignleft\"><a href=\"https:\/\/i0.wp.com\/www.eltrabajo.cl\/portal\/wp-content\/uploads\/2013\/12\/navarro-fondosmineduc.jpg\"><img data-recalc-dims=\"1\" loading=\"lazy\" decoding=\"async\" class=\" wp-image-40372 \" title=\"Mauricio Navarro, Alcalde de Los Andes.\" alt=\"Mauricio Navarro, Alcalde de Los Andes.\" src=\"https:\/\/i0.wp.com\/www.eltrabajo.cl\/portal\/wp-content\/uploads\/2013\/12\/navarro-fondosmineduc.jpg?resize=317%2C212\" width=\"317\" height=\"212\" srcset=\"https:\/\/i0.wp.com\/eltrabajo.cl\/portal\/wp-content\/uploads\/2013\/12\/navarro-fondosmineduc.jpg?w=529&amp;ssl=1 529w, https:\/\/i0.wp.com\/eltrabajo.cl\/portal\/wp-content\/uploads\/2013\/12\/navarro-fondosmineduc.jpg?resize=200%2C133&amp;ssl=1 200w, https:\/\/i0.wp.com\/eltrabajo.cl\/portal\/wp-content\/uploads\/2013\/12\/navarro-fondosmineduc.jpg?resize=300%2C200&amp;ssl=1 300w, https:\/\/i0.wp.com\/eltrabajo.cl\/portal\/wp-content\/uploads\/2013\/12\/navarro-fondosmineduc.jpg?resize=150%2C100&amp;ssl=1 150w, https:\/\/i0.wp.com\/eltrabajo.cl\/portal\/wp-content\/uploads\/2013\/12\/navarro-fondosmineduc.jpg?resize=400%2C266&amp;ssl=1 400w\" sizes=\"auto, (max-width: 317px) 100vw, 317px\" \/><\/a><figcaption id=\"caption-attachment-40372\" class=\"wp-caption-text\">Mauricio Navarro, Alcalde de Los Andes.<\/figcaption><\/figure>\n<ul>\n<li><strong>Autoridad comunal dijo que retraso en la entrega de la subvenci\u00f3n se debi\u00f3 al paro de los funcionarios municipales<\/strong><\/li>\n<\/ul>\n<p><strong>LOS ANDES.<\/strong>&#8211; Ante las cr\u00edticas formuladas por el Superintendente del Cuerpo de Bomberos de Los Andes respecto al no pago de las subvenciones, el Alcalde Mauricio Navarro reafirm\u00f3 que existe y existir\u00e1 el compromiso de seguir apoyando permanentemente a los Bomberos.<\/p>\n<p>La autoridad comunal record\u00f3 que en forma mensual el municipio entrega un aporte a Bomberos que asciende a 2,8 millones de pesos y si bien reconoci\u00f3 que existe un retraso en el pago de \u00e9sta, ello se debi\u00f3 al prolongado paro de los funcionarios municipales.<\/p>\n<p>\u201cQuiero ser claro que este aporte no se limita s\u00f3lo al \u00e1mbito financiero, ya que permanentemente los estamos apoyando a trav\u00e9s de la Secretar\u00eda Comunal de Planificaci\u00f3n para la obtenci\u00f3n de recursos para financiar infraestructura consistente en carros bomba, camionetas y una serie de otras inversiones que son necesarias para el equipamiento del cuerpo de Bomberos\u201d, sostuvo el edil.<\/p>\n<p>Navarro dijo que \u00e9l es voluntario de la Segunda Compa\u00f1\u00eda y con mayor raz\u00f3n existe este compromiso del municipio con los Bomberos, \u201cpor lo que nosotros vamos a mantener esta subvenci\u00f3n y vamos insistir en el apoyo a los proyectos que van a desarrollar\u201d.<\/p>\n<p>No obstante, hizo un llamado para que el Estado tambi\u00e9n se haga cargo de apoyar al Cuerpo de Bomberos de Chile.<\/p>\n<p>La autoridad asegur\u00f3 que la pr\u00f3xima semana ser\u00e1 pagada la subvenci\u00f3n a los bomberos y por ello consider\u00f3 \u201capresuradas\u201d las expresiones vertidas por el Superintendente Francisco Castillo, \u201cya que \u00e9l debi\u00f3 haber sostenido una conversaci\u00f3n previa con este alcalde, porque lo hemos hablado ya, y es un tema que entre las instituciones ha sido resuelto y hemos hecho votos por mantener un nivel de relaciones adecuado\u201d.<\/p>\n<p>En cuanto a la instalaci\u00f3n de un terminal de colectivos que se construye frente al cuartel central de Bomberos, la autoridad comunal dijo que \u00e9ste no tiene permiso, \u201cpor lo tanto nosotros vamos a efectuar las fiscalizaciones t\u00e9cnicas de obras, ya que no se pueden estar llevando a cabo construcciones si no se cuenta con los respectivos permisos\u201d.<\/p>\n<p>Agreg\u00f3 que se fiscalizar\u00e1 adecuadamente para poder adoptar las medidas que correspondan, \u201cpues tenemos que ver que se trata de una denuncia hecha reci\u00e9n el d\u00eda mi\u00e9rcoles y hay que ver cu\u00e1l es la situaci\u00f3n actual\u201d.<\/p>\n<p>&nbsp;<\/p>\n<p><strong>Recursos para Educaci\u00f3n<\/strong><\/p>\n<p>Por otra parte, el Alcalde Navarro inform\u00f3 que el d\u00eda mi\u00e9rcoles se firm\u00f3 el traspaso desde el Ministerio de Educaci\u00f3n a los municipios de los fondos de revitalizaci\u00f3n de la educaci\u00f3n p\u00fablica y con el cual se podr\u00e1n pagar algunas deudas con los profesores de Los Andes y paliar el d\u00e9ficit de financiamiento de le educaci\u00f3n.<\/p>\n<p>\u201cEn el caso de Los Andes este es un fondo que representa en una primera cuota un total de 274 millones de pesos, los que van a ser destinados principalmente al pago de imposiciones y costos previsionales pendientes y eso va a significar un alivio al financiamiento que desde el municipio estamos otorgando al sistema educacional y nos va a permitir cumplir con el compromiso adquirido con los profesores, en orden al adecuado pago de las deudas de Copeuch\u201d, explic\u00f3.<\/p>\n<p>Lament\u00f3 que la distribuci\u00f3n de este fondo no haya sido equitativo para todos los municipios y eso es perjudicial para algunos municipios de la regi\u00f3n.<\/p>\n<p>&nbsp;<\/p>\n","protected":false},"excerpt":{"rendered":"<p>Autoridad comunal dijo que retraso en la entrega de la subvenci\u00f3n se debi\u00f3 al paro de los funcionarios municipales LOS ANDES.&#8211; Ante las cr\u00edticas formuladas por el Superintendente del Cuerpo de Bomberos&#8230;<\/p>\n","protected":false},"author":482,"featured_media":40372,"comment_status":"open","ping_status":"closed","sticky":false,"template":"","format":"standard","meta":{"advanced_seo_description":"","jetpack_seo_html_title":"","jetpack_seo_noindex":false,"_jetpack_memberships_contains_paid_content":false,"footnotes":""},"categories":[1],"tags":[],"class_list":["post-40371","post","type-post","status-publish","format-standard","has-post-thumbnail","hentry","category-cronica"],"jetpack_featured_media_url":"https:\/\/i0.wp.com\/eltrabajo.cl\/portal\/wp-content\/uploads\/2013\/12\/navarro-fondosmineduc.jpg?fit=529%2C353&ssl=1","jetpack_sharing_enabled":true,"jetpack_likes_enabled":true,"jetpack-related-posts":[],"_links":{"self":[{"href":"https:\/\/eltrabajo.cl\/portal\/wp-json\/wp\/v2\/posts\/40371","targetHints":{"allow":["GET"]}}],"collection":[{"href":"https:\/\/eltrabajo.cl\/portal\/wp-json\/wp\/v2\/posts"}],"about":[{"href":"https:\/\/eltrabajo.cl\/portal\/wp-json\/wp\/v2\/types\/post"}],"author":[{"embeddable":true,"href":"https:\/\/eltrabajo.cl\/portal\/wp-json\/wp\/v2\/users\/482"}],"replies":[{"embeddable":true,"href":"https:\/\/eltrabajo.cl\/portal\/wp-json\/wp\/v2\/comments?post=40371"}],"version-history":[{"count":0,"href":"https:\/\/eltrabajo.cl\/portal\/wp-json\/wp\/v2\/posts\/40371\/revisions"}],"wp:featuredmedia":[{"embeddable":true,"href":"https:\/\/eltrabajo.cl\/portal\/wp-json\/wp\/v2\/media\/40372"}],"wp:attachment":[{"href":"https:\/\/eltrabajo.cl\/portal\/wp-json\/wp\/v2\/media?parent=40371"}],"wp:term":[{"taxonomy":"category","embeddable":true,"href":"https:\/\/eltrabajo.cl\/portal\/wp-json\/wp\/v2\/categories?post=40371"},{"taxonomy":"post_tag","embeddable":true,"href":"https:\/\/eltrabajo.cl\/portal\/wp-json\/wp\/v2\/tags?post=40371"}],"curies":[{"name":"wp","href":"https:\/\/api.w.org\/{rel}","templated":true}]}}