{"id":40378,"date":"2013-12-06T09:37:57","date_gmt":"2013-12-06T12:37:57","guid":{"rendered":"http:\/\/www.eltrabajo.cl\/portal\/?p=40378"},"modified":"2013-12-06T09:37:57","modified_gmt":"2013-12-06T12:37:57","slug":"artesanos-locales-mostraran-su-arte-durante-una-semana-en-la-plaza-de-armas","status":"publish","type":"post","link":"https:\/\/eltrabajo.cl\/portal\/artesanos-locales-mostraran-su-arte-durante-una-semana-en-la-plaza-de-armas\/","title":{"rendered":"Artesanos locales mostrar\u00e1n su arte durante una semana en la plaza de armas"},"content":{"rendered":"<figure id=\"attachment_40379\" aria-describedby=\"caption-attachment-40379\" style=\"width: 529px\" class=\"wp-caption alignnone\"><a href=\"https:\/\/i0.wp.com\/www.eltrabajo.cl\/portal\/wp-content\/uploads\/2013\/12\/artesanos-reales3.jpg\"><img data-recalc-dims=\"1\" loading=\"lazy\" decoding=\"async\" class=\"size-full wp-image-40379\" title=\"La muestra ser\u00e1 s\u00f3lo de artesanos, manualistas y orfebres locales, y no las t\u00edpicas ferias que en otra \u00e9poca del a\u00f1o se instalan en la plaza.\" alt=\"La muestra ser\u00e1 s\u00f3lo de artesanos, manualistas y orfebres locales, y no las t\u00edpicas ferias que en otra \u00e9poca del a\u00f1o se instalan en la plaza.\" src=\"https:\/\/i0.wp.com\/www.eltrabajo.cl\/portal\/wp-content\/uploads\/2013\/12\/artesanos-reales3.jpg?resize=529%2C353\" width=\"529\" height=\"353\" srcset=\"https:\/\/i0.wp.com\/eltrabajo.cl\/portal\/wp-content\/uploads\/2013\/12\/artesanos-reales3.jpg?w=529&amp;ssl=1 529w, https:\/\/i0.wp.com\/eltrabajo.cl\/portal\/wp-content\/uploads\/2013\/12\/artesanos-reales3.jpg?resize=200%2C133&amp;ssl=1 200w, https:\/\/i0.wp.com\/eltrabajo.cl\/portal\/wp-content\/uploads\/2013\/12\/artesanos-reales3.jpg?resize=300%2C200&amp;ssl=1 300w, https:\/\/i0.wp.com\/eltrabajo.cl\/portal\/wp-content\/uploads\/2013\/12\/artesanos-reales3.jpg?resize=150%2C100&amp;ssl=1 150w, https:\/\/i0.wp.com\/eltrabajo.cl\/portal\/wp-content\/uploads\/2013\/12\/artesanos-reales3.jpg?resize=400%2C266&amp;ssl=1 400w\" sizes=\"auto, (max-width: 529px) 100vw, 529px\" \/><\/a><figcaption id=\"caption-attachment-40379\" class=\"wp-caption-text\">La muestra ser\u00e1 s\u00f3lo de artesanos, manualistas y orfebres locales, y no las t\u00edpicas ferias que en otra \u00e9poca del a\u00f1o se instalan en la plaza.<\/figcaption><\/figure>\n<ul>\n<li><strong>Exposici\u00f3n permitir\u00e1 al p\u00fablico andino conocer el trabajo de ceramistas y orfebres y adquirir regalos diferentes para esta navidad.<\/strong><\/li>\n<\/ul>\n<p><strong>LOS ANDES<\/strong>.- Entre el 7 y el 14 de diciembre permanecer\u00e1 abierta en el paseo de calle O\u2019Higgins de la plaza de armas de Los Andes, una muestra de artesan\u00eda local, como parte de las actividades del d\u00eda del artesano.<\/p>\n<figure id=\"attachment_40380\" aria-describedby=\"caption-attachment-40380\" style=\"width: 317px\" class=\"wp-caption alignleft\"><a href=\"https:\/\/i0.wp.com\/www.eltrabajo.cl\/portal\/wp-content\/uploads\/2013\/12\/paolacabrera-artesanos.jpg\"><img data-recalc-dims=\"1\" loading=\"lazy\" decoding=\"async\" class=\" wp-image-40380 \" title=\"Paola Cabrera, Presidenta Agrupaci\u00f3n Avalle.\" alt=\"Paola Cabrera, Presidenta Agrupaci\u00f3n Avalle.\" src=\"https:\/\/i0.wp.com\/www.eltrabajo.cl\/portal\/wp-content\/uploads\/2013\/12\/paolacabrera-artesanos.jpg?resize=317%2C212\" width=\"317\" height=\"212\" srcset=\"https:\/\/i0.wp.com\/eltrabajo.cl\/portal\/wp-content\/uploads\/2013\/12\/paolacabrera-artesanos.jpg?w=528&amp;ssl=1 528w, https:\/\/i0.wp.com\/eltrabajo.cl\/portal\/wp-content\/uploads\/2013\/12\/paolacabrera-artesanos.jpg?resize=200%2C134&amp;ssl=1 200w, https:\/\/i0.wp.com\/eltrabajo.cl\/portal\/wp-content\/uploads\/2013\/12\/paolacabrera-artesanos.jpg?resize=300%2C201&amp;ssl=1 300w, https:\/\/i0.wp.com\/eltrabajo.cl\/portal\/wp-content\/uploads\/2013\/12\/paolacabrera-artesanos.jpg?resize=150%2C100&amp;ssl=1 150w, https:\/\/i0.wp.com\/eltrabajo.cl\/portal\/wp-content\/uploads\/2013\/12\/paolacabrera-artesanos.jpg?resize=400%2C268&amp;ssl=1 400w\" sizes=\"auto, (max-width: 317px) 100vw, 317px\" \/><\/a><figcaption id=\"caption-attachment-40380\" class=\"wp-caption-text\">Paola Cabrera, Presidenta Agrupaci\u00f3n Avalle.<\/figcaption><\/figure>\n<p>La actividad es organizada en forma conjunta por el Centro de Artesanos Intillara y el grupo de artesanos Arvalle.<\/p>\n<p>Patricia Carroza, vocera de Intillara, destac\u00f3 la importancia de que se puedan abrir estos espacios p\u00fablicos a los artesanos locales y as\u00ed puedan mostrar su trabajo.<\/p>\n<p>Indic\u00f3 que en esta oportunidad llevar\u00e1n adelante una serie de actividades que incluye la premiaci\u00f3n al mejor artesano o manualista del a\u00f1o.<\/p>\n<p>Coment\u00f3 que esta es una buena oportunidad para que la comunidad de Los Andes conozca su trabajo y a la vez pueda adquirir regalos de navidad distintos y exclusivos.<\/p>\n<p>Reiter\u00f3 que se trata de muestra s\u00f3lo de artesanos, manualistas y orfebres locales y no las t\u00edpicas ferias que en otra \u00e9poca del a\u00f1o se instalan en la plaza y a las cuales tambi\u00e9n se les da el nombre de ferias de artesan\u00eda.<\/p>\n<p>\u201cEs importante que se nos abran estos espacios como la plaza que es de todos los andinos y as\u00ed poder mostrar nuestro trabajo\u201d, expres\u00f3 Carroza.<\/p>\n<p>En tanto la Presidenta de la Agrupaci\u00f3n Avalle, Paola Cabrera, invit\u00f3 al p\u00fablico andino a asistir a esta muestra y aprovechar de adquirir sus obsequios de navidad.<\/p>\n","protected":false},"excerpt":{"rendered":"<p>Exposici\u00f3n permitir\u00e1 al p\u00fablico andino conocer el trabajo de ceramistas y orfebres y adquirir regalos diferentes para esta navidad. LOS ANDES.- Entre el 7 y el 14 de diciembre permanecer\u00e1 abierta en&#8230;<\/p>\n","protected":false},"author":482,"featured_media":40379,"comment_status":"open","ping_status":"closed","sticky":false,"template":"","format":"standard","meta":{"advanced_seo_description":"","jetpack_seo_html_title":"","jetpack_seo_noindex":false,"_jetpack_memberships_contains_paid_content":false,"footnotes":""},"categories":[1],"tags":[],"class_list":["post-40378","post","type-post","status-publish","format-standard","has-post-thumbnail","hentry","category-cronica"],"jetpack_featured_media_url":"https:\/\/i0.wp.com\/eltrabajo.cl\/portal\/wp-content\/uploads\/2013\/12\/artesanos-reales3.jpg?fit=529%2C353&ssl=1","jetpack_sharing_enabled":true,"jetpack_likes_enabled":true,"jetpack-related-posts":[],"_links":{"self":[{"href":"https:\/\/eltrabajo.cl\/portal\/wp-json\/wp\/v2\/posts\/40378","targetHints":{"allow":["GET"]}}],"collection":[{"href":"https:\/\/eltrabajo.cl\/portal\/wp-json\/wp\/v2\/posts"}],"about":[{"href":"https:\/\/eltrabajo.cl\/portal\/wp-json\/wp\/v2\/types\/post"}],"author":[{"embeddable":true,"href":"https:\/\/eltrabajo.cl\/portal\/wp-json\/wp\/v2\/users\/482"}],"replies":[{"embeddable":true,"href":"https:\/\/eltrabajo.cl\/portal\/wp-json\/wp\/v2\/comments?post=40378"}],"version-history":[{"count":0,"href":"https:\/\/eltrabajo.cl\/portal\/wp-json\/wp\/v2\/posts\/40378\/revisions"}],"wp:featuredmedia":[{"embeddable":true,"href":"https:\/\/eltrabajo.cl\/portal\/wp-json\/wp\/v2\/media\/40379"}],"wp:attachment":[{"href":"https:\/\/eltrabajo.cl\/portal\/wp-json\/wp\/v2\/media?parent=40378"}],"wp:term":[{"taxonomy":"category","embeddable":true,"href":"https:\/\/eltrabajo.cl\/portal\/wp-json\/wp\/v2\/categories?post=40378"},{"taxonomy":"post_tag","embeddable":true,"href":"https:\/\/eltrabajo.cl\/portal\/wp-json\/wp\/v2\/tags?post=40378"}],"curies":[{"name":"wp","href":"https:\/\/api.w.org\/{rel}","templated":true}]}}