{"id":40386,"date":"2013-12-06T09:40:19","date_gmt":"2013-12-06T12:40:19","guid":{"rendered":"http:\/\/www.eltrabajo.cl\/portal\/?p=40386"},"modified":"2013-12-06T09:40:19","modified_gmt":"2013-12-06T12:40:19","slug":"el-primer-semestre-de-2014-parte-el-mejoramiento-del-parque-urbano","status":"publish","type":"post","link":"https:\/\/eltrabajo.cl\/portal\/el-primer-semestre-de-2014-parte-el-mejoramiento-del-parque-urbano\/","title":{"rendered":"El primer semestre de 2014 parte el mejoramiento del Parque Urbano"},"content":{"rendered":"<figure id=\"attachment_40387\" aria-describedby=\"caption-attachment-40387\" style=\"width: 529px\" class=\"wp-caption alignnone\"><a href=\"https:\/\/i0.wp.com\/www.eltrabajo.cl\/portal\/wp-content\/uploads\/2013\/12\/ANFITEATRO1.jpg\"><img data-recalc-dims=\"1\" loading=\"lazy\" decoding=\"async\" class=\"size-full wp-image-40387\" title=\"La rehabilitaci\u00f3n del anfiteatro es una de las intervenciones que el municipio proyecta realizar.\" alt=\"La rehabilitaci\u00f3n del anfiteatro es una de las intervenciones que el municipio proyecta realizar.\" src=\"https:\/\/i0.wp.com\/www.eltrabajo.cl\/portal\/wp-content\/uploads\/2013\/12\/ANFITEATRO1.jpg?resize=529%2C397\" width=\"529\" height=\"397\" srcset=\"https:\/\/i0.wp.com\/eltrabajo.cl\/portal\/wp-content\/uploads\/2013\/12\/ANFITEATRO1.jpg?w=529&amp;ssl=1 529w, https:\/\/i0.wp.com\/eltrabajo.cl\/portal\/wp-content\/uploads\/2013\/12\/ANFITEATRO1.jpg?resize=200%2C150&amp;ssl=1 200w, https:\/\/i0.wp.com\/eltrabajo.cl\/portal\/wp-content\/uploads\/2013\/12\/ANFITEATRO1.jpg?resize=300%2C225&amp;ssl=1 300w, https:\/\/i0.wp.com\/eltrabajo.cl\/portal\/wp-content\/uploads\/2013\/12\/ANFITEATRO1.jpg?resize=150%2C112&amp;ssl=1 150w, https:\/\/i0.wp.com\/eltrabajo.cl\/portal\/wp-content\/uploads\/2013\/12\/ANFITEATRO1.jpg?resize=400%2C300&amp;ssl=1 400w\" sizes=\"auto, (max-width: 529px) 100vw, 529px\" \/><\/a><figcaption id=\"caption-attachment-40387\" class=\"wp-caption-text\">La rehabilitaci\u00f3n del anfiteatro es una de las intervenciones que el municipio proyecta realizar.<\/figcaption><\/figure>\n<p><strong>LOS ANDES<\/strong>.- Un plan de intervenci\u00f3n que considera distintas fases y l\u00edneas de financiamiento para mejorar las condiciones del Parque Urbano Ambrosio O\u00b4Higgins, se comenzar\u00e1 a realizar durante el primer semestre de 2014.<\/p>\n<p>El Alcalde Mauricio Navarro inform\u00f3 que el municipio andino -a trav\u00e9s de la Secretar\u00eda Comunal de Planificaci\u00f3n (Secpla), ya est\u00e1 trabajando en la elaboraci\u00f3n de los proyectos que permitir\u00e1n revitalizar el recinto, teniendo como meta el inicio de los primeros trabajos durante el 2014.<\/p>\n<p>\u201cEstamos trabajando con profesionales de la Secpla en el desarrollo y gesti\u00f3n de distintos proyectos de mejoramiento del parque, para comenzar a postularlos a financiamiento en los pr\u00f3ximos meses\u201d, inform\u00f3 Navarro.<\/p>\n<p>Entre las intervenciones que el municipio proyecta realizar, destacan la habilitaci\u00f3n de un tramo de ciclov\u00eda en el sector de avenida Santa Teresa, la rehabilitaci\u00f3n del anfiteatro y del \u00e1rea de juegos infantiles, junto a otras iniciativas que ir\u00e1n viendo la luz en la medida que los proyectos vayan siendo presentados.<\/p>\n<p>El plan municipal de mejoramiento del Parque Urbano se extender\u00e1 durante el per\u00edodo 2014-2016, considerando un avance por etapas y \u00e1reas de intervenci\u00f3n, que incluye el per\u00edmetro y los accesos, el sector de juegos y explanada, adem\u00e1s del anfiteatro y el cerro.<\/p>\n<p>&nbsp;<\/p>\n","protected":false},"excerpt":{"rendered":"<p>LOS ANDES.- Un plan de intervenci\u00f3n que considera distintas fases y l\u00edneas de financiamiento para mejorar las condiciones del Parque Urbano Ambrosio O\u00b4Higgins, se comenzar\u00e1 a realizar durante el primer semestre de&#8230;<\/p>\n","protected":false},"author":482,"featured_media":40387,"comment_status":"open","ping_status":"closed","sticky":false,"template":"","format":"standard","meta":{"advanced_seo_description":"","jetpack_seo_html_title":"","jetpack_seo_noindex":false,"_jetpack_memberships_contains_paid_content":false,"footnotes":""},"categories":[1],"tags":[],"class_list":["post-40386","post","type-post","status-publish","format-standard","has-post-thumbnail","hentry","category-cronica"],"jetpack_featured_media_url":"https:\/\/i0.wp.com\/eltrabajo.cl\/portal\/wp-content\/uploads\/2013\/12\/ANFITEATRO1.jpg?fit=529%2C397&ssl=1","jetpack_sharing_enabled":true,"jetpack_likes_enabled":true,"jetpack-related-posts":[],"_links":{"self":[{"href":"https:\/\/eltrabajo.cl\/portal\/wp-json\/wp\/v2\/posts\/40386","targetHints":{"allow":["GET"]}}],"collection":[{"href":"https:\/\/eltrabajo.cl\/portal\/wp-json\/wp\/v2\/posts"}],"about":[{"href":"https:\/\/eltrabajo.cl\/portal\/wp-json\/wp\/v2\/types\/post"}],"author":[{"embeddable":true,"href":"https:\/\/eltrabajo.cl\/portal\/wp-json\/wp\/v2\/users\/482"}],"replies":[{"embeddable":true,"href":"https:\/\/eltrabajo.cl\/portal\/wp-json\/wp\/v2\/comments?post=40386"}],"version-history":[{"count":0,"href":"https:\/\/eltrabajo.cl\/portal\/wp-json\/wp\/v2\/posts\/40386\/revisions"}],"wp:featuredmedia":[{"embeddable":true,"href":"https:\/\/eltrabajo.cl\/portal\/wp-json\/wp\/v2\/media\/40387"}],"wp:attachment":[{"href":"https:\/\/eltrabajo.cl\/portal\/wp-json\/wp\/v2\/media?parent=40386"}],"wp:term":[{"taxonomy":"category","embeddable":true,"href":"https:\/\/eltrabajo.cl\/portal\/wp-json\/wp\/v2\/categories?post=40386"},{"taxonomy":"post_tag","embeddable":true,"href":"https:\/\/eltrabajo.cl\/portal\/wp-json\/wp\/v2\/tags?post=40386"}],"curies":[{"name":"wp","href":"https:\/\/api.w.org\/{rel}","templated":true}]}}