{"id":40389,"date":"2013-12-06T09:42:01","date_gmt":"2013-12-06T12:42:01","guid":{"rendered":"http:\/\/www.eltrabajo.cl\/portal\/?p=40389"},"modified":"2013-12-06T09:42:01","modified_gmt":"2013-12-06T12:42:01","slug":"realizaran-expo-mujer-2013-en-plaza-de-armas-de-san-felipe","status":"publish","type":"post","link":"https:\/\/eltrabajo.cl\/portal\/realizaran-expo-mujer-2013-en-plaza-de-armas-de-san-felipe\/","title":{"rendered":"Realizar\u00e1n Expo Mujer 2013 en Plaza de Armas de San Felipe"},"content":{"rendered":"<figure id=\"attachment_40390\" aria-describedby=\"caption-attachment-40390\" style=\"width: 529px\" class=\"wp-caption alignnone\"><a href=\"https:\/\/i0.wp.com\/www.eltrabajo.cl\/portal\/wp-content\/uploads\/2013\/12\/Expo-Mujer-2.jpg\"><img data-recalc-dims=\"1\" loading=\"lazy\" decoding=\"async\" class=\"size-full wp-image-40390\" title=\"Trabajos en diferentes t\u00e9cnicas podr\u00e1n conocer los asistentes a la Expo Mujer, donde seguramente, podr\u00e1n encontrar m\u00e1s de alg\u00fan regalo para sus seres queridos en Navidad.\" alt=\"Trabajos en diferentes t\u00e9cnicas podr\u00e1n conocer los asistentes a la Expo Mujer, donde seguramente, podr\u00e1n encontrar m\u00e1s de alg\u00fan regalo para sus seres queridos en Navidad.\" src=\"https:\/\/i0.wp.com\/www.eltrabajo.cl\/portal\/wp-content\/uploads\/2013\/12\/Expo-Mujer-2.jpg?resize=529%2C397\" width=\"529\" height=\"397\" srcset=\"https:\/\/i0.wp.com\/eltrabajo.cl\/portal\/wp-content\/uploads\/2013\/12\/Expo-Mujer-2.jpg?w=529&amp;ssl=1 529w, https:\/\/i0.wp.com\/eltrabajo.cl\/portal\/wp-content\/uploads\/2013\/12\/Expo-Mujer-2.jpg?resize=200%2C150&amp;ssl=1 200w, https:\/\/i0.wp.com\/eltrabajo.cl\/portal\/wp-content\/uploads\/2013\/12\/Expo-Mujer-2.jpg?resize=300%2C225&amp;ssl=1 300w, https:\/\/i0.wp.com\/eltrabajo.cl\/portal\/wp-content\/uploads\/2013\/12\/Expo-Mujer-2.jpg?resize=150%2C112&amp;ssl=1 150w, https:\/\/i0.wp.com\/eltrabajo.cl\/portal\/wp-content\/uploads\/2013\/12\/Expo-Mujer-2.jpg?resize=400%2C300&amp;ssl=1 400w\" sizes=\"auto, (max-width: 529px) 100vw, 529px\" \/><\/a><figcaption id=\"caption-attachment-40390\" class=\"wp-caption-text\">Trabajos en diferentes t\u00e9cnicas podr\u00e1n conocer los asistentes a la Expo Mujer, donde seguramente, podr\u00e1n encontrar m\u00e1s de alg\u00fan regalo para sus seres queridos en Navidad.<\/figcaption><\/figure>\n<p>Para este jueves 12 de diciembre, desde las 09.00 horas, en la Plaza de Armas de San Felipe, est\u00e1 contemplada la realizaci\u00f3n de la Expo Mujer 2013, actividad organizada por la municipalidad y que re\u00fane a las participantes de los distintos talleres femeninos de la comuna, as\u00ed como servicios p\u00fablicos cuyo quehacer est\u00e1 vinculado con ellas.<\/p>\n<p>La informaci\u00f3n la entreg\u00f3 Silvana Vera, encargada de la Oficina Municipal de la Mujer, quien se\u00f1al\u00f3 que esta actividad ya es tradicional en la comuna y permite mostrar lo mejor de la labor realizada por las mujeres que participan de los talleres femeninos, quienes aprovechan la instancia para comercializar sus productos y adem\u00e1s, hacer negocios, sobre todo pensando que pueden generar ingresos con miras a la Navidad.<\/p>\n<p>En la ocasi\u00f3n, los asistentes a la Expo Mujer no solo podr\u00e1n conocer trabajos en tejido a palillo y crochet, sino tambi\u00e9n en t\u00e9cnicas como decoupage, drapeado, curtido y fabricaci\u00f3n de licores artesanales o el resultado de la capacitaci\u00f3n en la confecci\u00f3n de jabones naturales, medicina natural, y otras tantas actividades.<\/p>\n<p>Silvana Vera destac\u00f3 que en San Felipe funcionan m\u00e1s de 80 talleres femeninos, que semana a semana se re\u00fanen a trabajar y recibir apoyo de monitoras.<\/p>\n<p>Se\u00f1al\u00f3 que a\u00f1o a a\u00f1o, las mujeres van solicitando capacitarse en distintas t\u00e9cnicas y oficios, lo que les permite generar sus propios emprendimientos y por ende, aportar con recursos para su hogar.<\/p>\n<p>En la actividad del pr\u00f3ximo 12 de diciembre, estar\u00e1n presentes adem\u00e1s diferentes servicios que dirigen su quehacer a la mujer, como Prodemu, Centro de la mujer, Sence, Sernac, entre otros.<\/p>\n<p>&nbsp;<\/p>\n","protected":false},"excerpt":{"rendered":"<p>Para este jueves 12 de diciembre, desde las 09.00 horas, en la Plaza de Armas de San Felipe, est\u00e1 contemplada la realizaci\u00f3n de la Expo Mujer 2013, actividad organizada por la municipalidad&#8230;<\/p>\n","protected":false},"author":482,"featured_media":40390,"comment_status":"open","ping_status":"closed","sticky":false,"template":"","format":"standard","meta":{"advanced_seo_description":"","jetpack_seo_html_title":"","jetpack_seo_noindex":false,"_jetpack_memberships_contains_paid_content":false,"footnotes":""},"categories":[1],"tags":[],"class_list":["post-40389","post","type-post","status-publish","format-standard","has-post-thumbnail","hentry","category-cronica"],"jetpack_featured_media_url":"https:\/\/i0.wp.com\/eltrabajo.cl\/portal\/wp-content\/uploads\/2013\/12\/Expo-Mujer-2.jpg?fit=529%2C397&ssl=1","jetpack_sharing_enabled":true,"jetpack_likes_enabled":true,"jetpack-related-posts":[],"_links":{"self":[{"href":"https:\/\/eltrabajo.cl\/portal\/wp-json\/wp\/v2\/posts\/40389","targetHints":{"allow":["GET"]}}],"collection":[{"href":"https:\/\/eltrabajo.cl\/portal\/wp-json\/wp\/v2\/posts"}],"about":[{"href":"https:\/\/eltrabajo.cl\/portal\/wp-json\/wp\/v2\/types\/post"}],"author":[{"embeddable":true,"href":"https:\/\/eltrabajo.cl\/portal\/wp-json\/wp\/v2\/users\/482"}],"replies":[{"embeddable":true,"href":"https:\/\/eltrabajo.cl\/portal\/wp-json\/wp\/v2\/comments?post=40389"}],"version-history":[{"count":0,"href":"https:\/\/eltrabajo.cl\/portal\/wp-json\/wp\/v2\/posts\/40389\/revisions"}],"wp:featuredmedia":[{"embeddable":true,"href":"https:\/\/eltrabajo.cl\/portal\/wp-json\/wp\/v2\/media\/40390"}],"wp:attachment":[{"href":"https:\/\/eltrabajo.cl\/portal\/wp-json\/wp\/v2\/media?parent=40389"}],"wp:term":[{"taxonomy":"category","embeddable":true,"href":"https:\/\/eltrabajo.cl\/portal\/wp-json\/wp\/v2\/categories?post=40389"},{"taxonomy":"post_tag","embeddable":true,"href":"https:\/\/eltrabajo.cl\/portal\/wp-json\/wp\/v2\/tags?post=40389"}],"curies":[{"name":"wp","href":"https:\/\/api.w.org\/{rel}","templated":true}]}}