{"id":40392,"date":"2013-12-06T09:44:41","date_gmt":"2013-12-06T12:44:41","guid":{"rendered":"http:\/\/www.eltrabajo.cl\/portal\/?p=40392"},"modified":"2013-12-06T09:44:41","modified_gmt":"2013-12-06T12:44:41","slug":"veintiun-alumnos-del-colegio-cordillera-visitaron-el-parque-metropolitano","status":"publish","type":"post","link":"https:\/\/eltrabajo.cl\/portal\/veintiun-alumnos-del-colegio-cordillera-visitaron-el-parque-metropolitano\/","title":{"rendered":"Veinti\u00fan alumnos del Colegio Cordillera visitaron el Parque Metropolitano"},"content":{"rendered":"<figure id=\"attachment_40393\" aria-describedby=\"caption-attachment-40393\" style=\"width: 529px\" class=\"wp-caption alignnone\"><a href=\"https:\/\/i0.wp.com\/www.eltrabajo.cl\/portal\/wp-content\/uploads\/2013\/12\/alumnos-beneficiarios-ingreso.jpg\"><img data-recalc-dims=\"1\" loading=\"lazy\" decoding=\"async\" class=\"size-full wp-image-40393\" title=\"Los felices alumnos del Liceo Cordillera que pudieron conocer el Parque Metropolitano.\" alt=\"Los felices alumnos del Liceo Cordillera que pudieron conocer el Parque Metropolitano.\" src=\"https:\/\/i0.wp.com\/www.eltrabajo.cl\/portal\/wp-content\/uploads\/2013\/12\/alumnos-beneficiarios-ingreso.jpg?resize=529%2C278\" width=\"529\" height=\"278\" srcset=\"https:\/\/i0.wp.com\/eltrabajo.cl\/portal\/wp-content\/uploads\/2013\/12\/alumnos-beneficiarios-ingreso.jpg?w=529&amp;ssl=1 529w, https:\/\/i0.wp.com\/eltrabajo.cl\/portal\/wp-content\/uploads\/2013\/12\/alumnos-beneficiarios-ingreso.jpg?resize=200%2C105&amp;ssl=1 200w, https:\/\/i0.wp.com\/eltrabajo.cl\/portal\/wp-content\/uploads\/2013\/12\/alumnos-beneficiarios-ingreso.jpg?resize=300%2C157&amp;ssl=1 300w, https:\/\/i0.wp.com\/eltrabajo.cl\/portal\/wp-content\/uploads\/2013\/12\/alumnos-beneficiarios-ingreso.jpg?resize=150%2C78&amp;ssl=1 150w, https:\/\/i0.wp.com\/eltrabajo.cl\/portal\/wp-content\/uploads\/2013\/12\/alumnos-beneficiarios-ingreso.jpg?resize=400%2C210&amp;ssl=1 400w\" sizes=\"auto, (max-width: 529px) 100vw, 529px\" \/><\/a><figcaption id=\"caption-attachment-40393\" class=\"wp-caption-text\">Los felices alumnos del Liceo Cordillera que pudieron conocer el Parque Metropolitano.<\/figcaption><\/figure>\n<p>Un grupo de 21 alumnos del colegio Bicentenario Cordillera, beneficiarios del programa Ingreso \u00c9tico Familiar y del Bono de Logro Escolar, realizaron una visita al Parque Metropolitano.<\/p>\n<p>Es una propuesta impulsada por el Ministerio de Desarrollo Social, como una forma de apoyar el nivel de oportunidades a este grupo de alumnos vulnerables.<\/p>\n<p>Se trata de un premio a un grupo de alumnos, pues tanto ellos como sus familias han logrado un buen rendimiento escolar, que los ha hecho merecedores del beneficio del bono escolar.<\/p>\n<p>\u201cComo una manera interesante, entretenida y did\u00e1ctica, se nos ocurri\u00f3 hacer una visita al Parque Metropolitano, con mucho cari\u00f1o y esfuerzo. Viajaron 21 ni\u00f1os acompa\u00f1ados de sus profesores, de coordinadores del Ingreso \u00c9tico Familiar. Ahora por qu\u00e9 para ellos es un premio, porque son alumnos que pertenecen a familias que han sido focalizadas a trav\u00e9s del Ministerio de Desarrollo Social, que son beneficiarias del Ingreso \u00c9tico Familiar, que participan de este programa y dentro de las transferencias monetarias que contempla, est\u00e1n los bonos por cumplimiento de deberes y logros, y es por ese sentido que estos alumnos han sido beneficiados por su buen rendimiento\u201d, se\u00f1al\u00f3 Alejandra Pacheco de la Cruz, Jefe de Gabinete de la Seremi de Desarrollo Social.<\/p>\n<p>Por su parte la Gobernadora Patricia Boffa, quien estuvo junto a los menores, afirm\u00f3 que este viaje es un regalo de fin de a\u00f1o a estos alumnos que lograron durante ambos semestres un exitoso rendimiento escolar.<\/p>\n<p>\u201cYo siempre lo he dicho en m\u00e1s de una oportunidad, aqu\u00ed hay deberes y derechos, ellos tienen derecho a muchas cosas, pero quiero destacar que han cumplido con un gran deber, que es estudiar y lograr un buen rendimiento escolar. Muchos de estos ni\u00f1os no conoc\u00edan el Parque Metropolitano, por lo tanto, para ellos ha sido una linda experiencia\u201d.<\/p>\n<p>&nbsp;<\/p>\n","protected":false},"excerpt":{"rendered":"<p>Un grupo de 21 alumnos del colegio Bicentenario Cordillera, beneficiarios del programa Ingreso \u00c9tico Familiar y del Bono de Logro Escolar, realizaron una visita al Parque Metropolitano. Es una propuesta impulsada por&#8230;<\/p>\n","protected":false},"author":482,"featured_media":40393,"comment_status":"open","ping_status":"closed","sticky":false,"template":"","format":"standard","meta":{"advanced_seo_description":"","jetpack_seo_html_title":"","jetpack_seo_noindex":false,"_jetpack_memberships_contains_paid_content":false,"footnotes":""},"categories":[1],"tags":[],"class_list":["post-40392","post","type-post","status-publish","format-standard","has-post-thumbnail","hentry","category-cronica"],"jetpack_featured_media_url":"https:\/\/i0.wp.com\/eltrabajo.cl\/portal\/wp-content\/uploads\/2013\/12\/alumnos-beneficiarios-ingreso.jpg?fit=529%2C278&ssl=1","jetpack_sharing_enabled":true,"jetpack_likes_enabled":true,"jetpack-related-posts":[],"_links":{"self":[{"href":"https:\/\/eltrabajo.cl\/portal\/wp-json\/wp\/v2\/posts\/40392","targetHints":{"allow":["GET"]}}],"collection":[{"href":"https:\/\/eltrabajo.cl\/portal\/wp-json\/wp\/v2\/posts"}],"about":[{"href":"https:\/\/eltrabajo.cl\/portal\/wp-json\/wp\/v2\/types\/post"}],"author":[{"embeddable":true,"href":"https:\/\/eltrabajo.cl\/portal\/wp-json\/wp\/v2\/users\/482"}],"replies":[{"embeddable":true,"href":"https:\/\/eltrabajo.cl\/portal\/wp-json\/wp\/v2\/comments?post=40392"}],"version-history":[{"count":0,"href":"https:\/\/eltrabajo.cl\/portal\/wp-json\/wp\/v2\/posts\/40392\/revisions"}],"wp:featuredmedia":[{"embeddable":true,"href":"https:\/\/eltrabajo.cl\/portal\/wp-json\/wp\/v2\/media\/40393"}],"wp:attachment":[{"href":"https:\/\/eltrabajo.cl\/portal\/wp-json\/wp\/v2\/media?parent=40392"}],"wp:term":[{"taxonomy":"category","embeddable":true,"href":"https:\/\/eltrabajo.cl\/portal\/wp-json\/wp\/v2\/categories?post=40392"},{"taxonomy":"post_tag","embeddable":true,"href":"https:\/\/eltrabajo.cl\/portal\/wp-json\/wp\/v2\/tags?post=40392"}],"curies":[{"name":"wp","href":"https:\/\/api.w.org\/{rel}","templated":true}]}}