{"id":40395,"date":"2013-12-06T09:52:18","date_gmt":"2013-12-06T12:52:18","guid":{"rendered":"http:\/\/www.eltrabajo.cl\/portal\/?p=40395"},"modified":"2013-12-06T09:52:18","modified_gmt":"2013-12-06T12:52:18","slug":"este-martes-realizaran-consulta-ciudadana-exclusivamente-para-mujeres","status":"publish","type":"post","link":"https:\/\/eltrabajo.cl\/portal\/este-martes-realizaran-consulta-ciudadana-exclusivamente-para-mujeres\/","title":{"rendered":"Este martes realizar\u00e1n consulta ciudadana exclusivamente para mujeres"},"content":{"rendered":"<figure id=\"attachment_40396\" aria-describedby=\"caption-attachment-40396\" style=\"width: 529px\" class=\"wp-caption alignnone\"><a href=\"https:\/\/i0.wp.com\/www.eltrabajo.cl\/portal\/wp-content\/uploads\/2013\/12\/consulta-sabado-14-2.jpg\"><img data-recalc-dims=\"1\" loading=\"lazy\" decoding=\"async\" class=\"size-full wp-image-40396\" title=\"Hace poco m\u00e1s de dos meses se realiz\u00f3 la consulta dirigida a las juntas de vecinos de San Felipe, este 10 de diciembre es el turno de las mujeres. La cita es en el Teatro del Liceo Roberto Humeres.\" alt=\"Hace poco m\u00e1s de dos meses se realiz\u00f3 la consulta dirigida a las juntas de vecinos de San Felipe, este 10 de diciembre es el turno de las mujeres. La cita es en el Teatro del Liceo Roberto Humeres.\" src=\"https:\/\/i0.wp.com\/www.eltrabajo.cl\/portal\/wp-content\/uploads\/2013\/12\/consulta-sabado-14-2.jpg?resize=529%2C355\" width=\"529\" height=\"355\" srcset=\"https:\/\/i0.wp.com\/eltrabajo.cl\/portal\/wp-content\/uploads\/2013\/12\/consulta-sabado-14-2.jpg?w=529&amp;ssl=1 529w, https:\/\/i0.wp.com\/eltrabajo.cl\/portal\/wp-content\/uploads\/2013\/12\/consulta-sabado-14-2.jpg?resize=200%2C134&amp;ssl=1 200w, https:\/\/i0.wp.com\/eltrabajo.cl\/portal\/wp-content\/uploads\/2013\/12\/consulta-sabado-14-2.jpg?resize=300%2C201&amp;ssl=1 300w, https:\/\/i0.wp.com\/eltrabajo.cl\/portal\/wp-content\/uploads\/2013\/12\/consulta-sabado-14-2.jpg?resize=150%2C100&amp;ssl=1 150w, https:\/\/i0.wp.com\/eltrabajo.cl\/portal\/wp-content\/uploads\/2013\/12\/consulta-sabado-14-2.jpg?resize=400%2C268&amp;ssl=1 400w\" sizes=\"auto, (max-width: 529px) 100vw, 529px\" \/><\/a><figcaption id=\"caption-attachment-40396\" class=\"wp-caption-text\">Hace poco m\u00e1s de dos meses se realiz\u00f3 la consulta dirigida a las juntas de vecinos de San Felipe, este 10 de diciembre es el turno de las mujeres. La cita es en el Teatro del Liceo Roberto Humeres.<\/figcaption><\/figure>\n<p>Para el pr\u00f3ximo martes 10 de diciembre, a las 15.00 horas en el Teatro del Liceo Roberto Humeres, est\u00e1 contemplada la realizaci\u00f3n de la consulta ciudadana de mujeres, la segunda que efect\u00faa la municipalidad de San Felipe en el marco de un trabajo iniciado hace algunos meses y que corresponde a la agenda de participaci\u00f3n ciudadana definida por la administraci\u00f3n del alcalde Patricio Freire.<\/p>\n<p>La informaci\u00f3n la entregaron el Director de Desarrollo Comunitario, Pablo Silva, y la encargada de la Oficina de la Mujer, Silvana Vera, quienes indicaron que la convocatoria es abierta, por lo que todas las vecinas de San Felipe que deseen concurrir al Teatro del Liceo Roberto Humeres, pueden hacerlo, con la finalidad de dar forma a los sue\u00f1os que tienen para la comuna y particularmente para su g\u00e9nero.<\/p>\n<p>\u201cEs la segunda consulta ciudadana masiva que hacemos, en torno a la agenda ciudadana que nos encarg\u00f3 nuestro alcalde. El modelo de participaci\u00f3n que hemos hecho est\u00e1 orientado a las juntas de vecinos y organizaciones funcionales, en primera instancia; mientras que ahora es el turno de las mujeres de la comuna, especialmente las mujeres organizadas que est\u00e1n en sus talleres femeninos, as\u00ed como en otras instancias\u201d, se\u00f1al\u00f3 Pablo Silva.<\/p>\n<p>En la ocasi\u00f3n se abordar\u00e1 en profundidad y se conocer\u00e1n las propuestas de las sanfelipe\u00f1as en temas de infraestructura y g\u00e9nero, ya que el alcalde Freire ha encomendado a la Dideco hacer un desarrollo sustentable respecto de las expectativas que se est\u00e1n generando en torno a esta agenda de participaci\u00f3n ciudadana.<\/p>\n<p>\u201cPor eso invitamos a so\u00f1ar a las vecinas de San Felipe, y sepamos cu\u00e1les son sus prioridades\u201d, manifest\u00f3 el director municipal.<\/p>\n<p>En todo caso hay un trabajo avanzado en este \u00e1mbito, ya que la Dideco ha hecho un trabajo con la Oficina Municipal de la Mujer, que dirige Silvana Vera, que considera un diagn\u00f3stico sobre las necesidades de este segmento de la ciudad.<\/p>\n<p>\u201cEs as\u00ed que tenemos que abordar aspectos tales como mujer y pol\u00edtica, mujer y derecho, educaci\u00f3n, salud, esparcimiento; por lo tanto la idea es conocer cu\u00e1les son las necesidades que tienen las mujeres, respecto de la municipalidad de San Felipe\u201d, explic\u00f3 la asistente social.<\/p>\n<p>A\u00f1adi\u00f3 que en San Felipe funcionan m\u00e1s de 80 organizaciones de mujeres, lo que deja en claro el alto grado de participaci\u00f3n de las vecinas en las distintas instancias, donde no solo pueden aprender una t\u00e9cnica manual u oficio, sino tambi\u00e9n pueden desarrollarse de manera integral.<\/p>\n<p>&nbsp;<\/p>\n","protected":false},"excerpt":{"rendered":"<p>Para el pr\u00f3ximo martes 10 de diciembre, a las 15.00 horas en el Teatro del Liceo Roberto Humeres, est\u00e1 contemplada la realizaci\u00f3n de la consulta ciudadana de mujeres, la segunda que efect\u00faa&#8230;<\/p>\n","protected":false},"author":482,"featured_media":40396,"comment_status":"open","ping_status":"closed","sticky":false,"template":"","format":"standard","meta":{"advanced_seo_description":"","jetpack_seo_html_title":"","jetpack_seo_noindex":false,"_jetpack_memberships_contains_paid_content":false,"footnotes":""},"categories":[1],"tags":[],"class_list":["post-40395","post","type-post","status-publish","format-standard","has-post-thumbnail","hentry","category-cronica"],"jetpack_featured_media_url":"https:\/\/i0.wp.com\/eltrabajo.cl\/portal\/wp-content\/uploads\/2013\/12\/consulta-sabado-14-2.jpg?fit=529%2C355&ssl=1","jetpack_sharing_enabled":true,"jetpack_likes_enabled":true,"jetpack-related-posts":[],"_links":{"self":[{"href":"https:\/\/eltrabajo.cl\/portal\/wp-json\/wp\/v2\/posts\/40395","targetHints":{"allow":["GET"]}}],"collection":[{"href":"https:\/\/eltrabajo.cl\/portal\/wp-json\/wp\/v2\/posts"}],"about":[{"href":"https:\/\/eltrabajo.cl\/portal\/wp-json\/wp\/v2\/types\/post"}],"author":[{"embeddable":true,"href":"https:\/\/eltrabajo.cl\/portal\/wp-json\/wp\/v2\/users\/482"}],"replies":[{"embeddable":true,"href":"https:\/\/eltrabajo.cl\/portal\/wp-json\/wp\/v2\/comments?post=40395"}],"version-history":[{"count":0,"href":"https:\/\/eltrabajo.cl\/portal\/wp-json\/wp\/v2\/posts\/40395\/revisions"}],"wp:featuredmedia":[{"embeddable":true,"href":"https:\/\/eltrabajo.cl\/portal\/wp-json\/wp\/v2\/media\/40396"}],"wp:attachment":[{"href":"https:\/\/eltrabajo.cl\/portal\/wp-json\/wp\/v2\/media?parent=40395"}],"wp:term":[{"taxonomy":"category","embeddable":true,"href":"https:\/\/eltrabajo.cl\/portal\/wp-json\/wp\/v2\/categories?post=40395"},{"taxonomy":"post_tag","embeddable":true,"href":"https:\/\/eltrabajo.cl\/portal\/wp-json\/wp\/v2\/tags?post=40395"}],"curies":[{"name":"wp","href":"https:\/\/api.w.org\/{rel}","templated":true}]}}