{"id":40407,"date":"2013-12-06T10:07:43","date_gmt":"2013-12-06T13:07:43","guid":{"rendered":"http:\/\/www.eltrabajo.cl\/portal\/?p=40407"},"modified":"2013-12-06T10:07:43","modified_gmt":"2013-12-06T13:07:43","slug":"usted-puede-poner-a-cuatro-sanfelipenos-en-el-mundial-bmx-de-punta-arenas","status":"publish","type":"post","link":"https:\/\/eltrabajo.cl\/portal\/usted-puede-poner-a-cuatro-sanfelipenos-en-el-mundial-bmx-de-punta-arenas\/","title":{"rendered":"Usted puede poner a cuatro sanfelipe\u00f1os en el Mundial BMX de Punta Arenas"},"content":{"rendered":"<figure id=\"attachment_40408\" aria-describedby=\"caption-attachment-40408\" style=\"width: 528px\" class=\"wp-caption alignnone\"><a href=\"https:\/\/i0.wp.com\/www.eltrabajo.cl\/portal\/wp-content\/uploads\/2013\/12\/BMX-2.jpg\"><img data-recalc-dims=\"1\" loading=\"lazy\" decoding=\"async\" class=\"size-full wp-image-40408\" title=\"VAN POR TODO.- Ellos son \u00c1lvaro Alfaro, Sebasti\u00e1n Burani, V\u00edctor Herrera y Cristian Sandoval, cuarteto que conforman el Riders Gravity Team de San Felipe, patrocinado por Diario El Trabajo. Para apoyarlos: Fono 7750 9295.\" alt=\"VAN POR TODO.- Ellos son \u00c1lvaro Alfaro, Sebasti\u00e1n Burani, V\u00edctor Herrera y Cristian Sandoval, cuarteto que conforman el Riders Gravity Team de San Felipe, patrocinado por Diario El Trabajo. Para apoyarlos: Fono 7750 9295.\" src=\"https:\/\/i0.wp.com\/www.eltrabajo.cl\/portal\/wp-content\/uploads\/2013\/12\/BMX-2.jpg?resize=528%2C389\" width=\"528\" height=\"389\" srcset=\"https:\/\/i0.wp.com\/eltrabajo.cl\/portal\/wp-content\/uploads\/2013\/12\/BMX-2.jpg?w=528&amp;ssl=1 528w, https:\/\/i0.wp.com\/eltrabajo.cl\/portal\/wp-content\/uploads\/2013\/12\/BMX-2.jpg?resize=200%2C147&amp;ssl=1 200w, https:\/\/i0.wp.com\/eltrabajo.cl\/portal\/wp-content\/uploads\/2013\/12\/BMX-2.jpg?resize=300%2C221&amp;ssl=1 300w, https:\/\/i0.wp.com\/eltrabajo.cl\/portal\/wp-content\/uploads\/2013\/12\/BMX-2.jpg?resize=150%2C110&amp;ssl=1 150w, https:\/\/i0.wp.com\/eltrabajo.cl\/portal\/wp-content\/uploads\/2013\/12\/BMX-2.jpg?resize=400%2C294&amp;ssl=1 400w\" sizes=\"auto, (max-width: 528px) 100vw, 528px\" \/><\/a><figcaption id=\"caption-attachment-40408\" class=\"wp-caption-text\">VAN POR TODO.- Ellos son \u00c1lvaro Alfaro, Sebasti\u00e1n Burani, V\u00edctor Herrera y Cristian Sandoval, cuarteto que conforman el Riders Gravity Team de San Felipe, patrocinado por Diario El Trabajo. Para apoyarlos: Fono 7750 9295.<\/figcaption><\/figure>\n<ul>\n<li><strong>Diario El Trabajo est\u00e1 patrocinando a los mejores BMX de la provincia y usted puede contribuir a que ellos puedan pagar su pasaje a la gran cita deportiva en la Patagonia.<\/strong><\/li>\n<li>\n<p><figure id=\"attachment_40409\" aria-describedby=\"caption-attachment-40409\" style=\"width: 423px\" class=\"wp-caption alignright\"><a href=\"https:\/\/i0.wp.com\/www.eltrabajo.cl\/portal\/wp-content\/uploads\/2013\/12\/BMX-1.jpg\"><img data-recalc-dims=\"1\" loading=\"lazy\" decoding=\"async\" class=\" wp-image-40409 \" title=\"PRACTICANDO.- Ser\u00e1n sus habilidades sobre las BMX las que les lleven a enfrentar frontalmente a los mejores del mundo en esta disciplina deportiva en el Mundial de BMX en Punta Arenas 2014.\" alt=\"PRACTICANDO.- Ser\u00e1n sus habilidades sobre las BMX las que les lleven a enfrentar frontalmente a los mejores del mundo en esta disciplina deportiva en el Mundial de BMX en Punta Arenas 2014.\" src=\"https:\/\/i0.wp.com\/www.eltrabajo.cl\/portal\/wp-content\/uploads\/2013\/12\/BMX-1.jpg?resize=423%2C294\" width=\"423\" height=\"294\" srcset=\"https:\/\/i0.wp.com\/eltrabajo.cl\/portal\/wp-content\/uploads\/2013\/12\/BMX-1.jpg?w=529&amp;ssl=1 529w, https:\/\/i0.wp.com\/eltrabajo.cl\/portal\/wp-content\/uploads\/2013\/12\/BMX-1.jpg?resize=200%2C138&amp;ssl=1 200w, https:\/\/i0.wp.com\/eltrabajo.cl\/portal\/wp-content\/uploads\/2013\/12\/BMX-1.jpg?resize=300%2C208&amp;ssl=1 300w, https:\/\/i0.wp.com\/eltrabajo.cl\/portal\/wp-content\/uploads\/2013\/12\/BMX-1.jpg?resize=150%2C104&amp;ssl=1 150w, https:\/\/i0.wp.com\/eltrabajo.cl\/portal\/wp-content\/uploads\/2013\/12\/BMX-1.jpg?resize=400%2C277&amp;ssl=1 400w\" sizes=\"auto, (max-width: 423px) 100vw, 423px\" \/><\/a><figcaption id=\"caption-attachment-40409\" class=\"wp-caption-text\">PRACTICANDO.- Ser\u00e1n sus habilidades sobre las BMX las que les lleven a enfrentar frontalmente a los mejores del mundo en esta disciplina deportiva en el Mundial de BMX en Punta Arenas 2014.<\/figcaption><\/figure><\/li>\n<\/ul>\n<p>Y ahora, una de talla mundial. Luego que se anunciara la fecha oficial en la que se realizar\u00e1 el 6\u00ba Campeonato Mundial Austral BMX Contest 2014, mismo que ocurrir\u00e1 en Punta Arenas durante los d\u00edas 18 y 19 de enero pr\u00f3ximos, en Diario El Trabajo no nos quisimos quedar fuera del evento, esto porque en la n\u00f3mina de participantes confirmada por los organizadores, figuran los nombres de cuatro j\u00f3venes sanfelipe\u00f1os, mismos que cursan actualmente sus estudios en media y universitarios.<\/p>\n<p>Se trata nada m\u00e1s y nada menos que de \u00c1lvaro Alfaro, Sebasti\u00e1n Burani, V\u00edctor Herrera y Cristian Sandoval, cuarteto que conforman el Riders Gravity Team de San Felipe; est\u00e1n invitados a conquistar la gloria deportiva por nuestro pa\u00eds, pero que tambi\u00e9n se pueden perder esa oportunidad si no logran recaudar fondos antes de la fecha, pues el transporte hasta Punta Arenas se los tienen que pagar cada uno, y no cuentan con dinero.<\/p>\n<figure id=\"attachment_40410\" aria-describedby=\"caption-attachment-40410\" style=\"width: 423px\" class=\"wp-caption alignleft\"><a href=\"https:\/\/i0.wp.com\/www.eltrabajo.cl\/portal\/wp-content\/uploads\/2013\/12\/Sonia1.jpg\"><img data-recalc-dims=\"1\" loading=\"lazy\" decoding=\"async\" class=\" wp-image-40410 \" title=\"EMPRESARIOS DICEN \u2018S\u00cd\u2019.- Sonia Maturana y su hijo, Juan Paulo Aguilera, hicieron entrega de los $50.000 que su empresa est\u00e1 donando para que estos chicos puedan estar en el Mundial de BMX en Punta Arenas 2014.\" alt=\"EMPRESARIOS DICEN \u2018S\u00cd\u2019.- Sonia Maturana y su hijo, Juan Paulo Aguilera, hicieron entrega de los $50.000 que su empresa est\u00e1 donando para que estos chicos puedan estar en el Mundial de BMX en Punta Arenas 2014.\" src=\"https:\/\/i0.wp.com\/www.eltrabajo.cl\/portal\/wp-content\/uploads\/2013\/12\/Sonia1.jpg?resize=423%2C369\" width=\"423\" height=\"369\" srcset=\"https:\/\/i0.wp.com\/eltrabajo.cl\/portal\/wp-content\/uploads\/2013\/12\/Sonia1.jpg?w=529&amp;ssl=1 529w, https:\/\/i0.wp.com\/eltrabajo.cl\/portal\/wp-content\/uploads\/2013\/12\/Sonia1.jpg?resize=172%2C150&amp;ssl=1 172w, https:\/\/i0.wp.com\/eltrabajo.cl\/portal\/wp-content\/uploads\/2013\/12\/Sonia1.jpg?resize=300%2C261&amp;ssl=1 300w, https:\/\/i0.wp.com\/eltrabajo.cl\/portal\/wp-content\/uploads\/2013\/12\/Sonia1.jpg?resize=150%2C130&amp;ssl=1 150w, https:\/\/i0.wp.com\/eltrabajo.cl\/portal\/wp-content\/uploads\/2013\/12\/Sonia1.jpg?resize=400%2C348&amp;ssl=1 400w\" sizes=\"auto, (max-width: 423px) 100vw, 423px\" \/><\/a><figcaption id=\"caption-attachment-40410\" class=\"wp-caption-text\">EMPRESARIOS DICEN \u2018S\u00cd\u2019.- Sonia Maturana y su hijo, Juan Paulo Aguilera, hicieron entrega de los $50.000 que su empresa est\u00e1 donando para que estos chicos puedan estar en el Mundial de BMX en Punta Arenas 2014.<\/figcaption><\/figure>\n<p>&nbsp;<\/p>\n<p><strong>\u2018SONIA LA \u00daNICA\u2019\u00a0DIJO \u2018PRESENTE\u2019<\/strong><\/p>\n<p>Fue con ese reto y con sus ilusiones en vilo, que los cuatro adolescentes visitaron nuestra Sala de Redacci\u00f3n y los estudios de Radio 10, para solicitar el apoyo.<\/p>\n<p>\u00abQueremos participar en este campeonato mundial, esta es nuestra oportunidad y son pocas las semanas que tenemos para recaudar los pasajes, dependiendo de lo que nos donen los lectores de Diario El Trabajo y auditores de Radio 10, viajaremos en avi\u00f3n o en bus, no importa c\u00f3mo, queremos llegar y poder vivir esa experiencia\u00bb, coment\u00f3 Cristian Sandoval, integrante de los Riders Gravity Team de San Felipe.<\/p>\n<figure id=\"attachment_40419\" aria-describedby=\"caption-attachment-40419\" style=\"width: 190px\" class=\"wp-caption alignleft\"><a href=\"https:\/\/i0.wp.com\/www.eltrabajo.cl\/portal\/wp-content\/uploads\/2013\/12\/Cristian-Sandoval.jpg\"><img data-recalc-dims=\"1\" loading=\"lazy\" decoding=\"async\" class=\" wp-image-40419  \" title=\" Cristian Sandoval, chico BMX de San Felipe.\" alt=\" Cristian Sandoval, chico BMX de San Felipe.\" src=\"https:\/\/i0.wp.com\/www.eltrabajo.cl\/portal\/wp-content\/uploads\/2013\/12\/Cristian-Sandoval.jpg?resize=190%2C170\" width=\"190\" height=\"170\" srcset=\"https:\/\/i0.wp.com\/eltrabajo.cl\/portal\/wp-content\/uploads\/2013\/12\/Cristian-Sandoval.jpg?w=528&amp;ssl=1 528w, https:\/\/i0.wp.com\/eltrabajo.cl\/portal\/wp-content\/uploads\/2013\/12\/Cristian-Sandoval.jpg?resize=167%2C150&amp;ssl=1 167w, https:\/\/i0.wp.com\/eltrabajo.cl\/portal\/wp-content\/uploads\/2013\/12\/Cristian-Sandoval.jpg?resize=300%2C268&amp;ssl=1 300w, https:\/\/i0.wp.com\/eltrabajo.cl\/portal\/wp-content\/uploads\/2013\/12\/Cristian-Sandoval.jpg?resize=150%2C134&amp;ssl=1 150w, https:\/\/i0.wp.com\/eltrabajo.cl\/portal\/wp-content\/uploads\/2013\/12\/Cristian-Sandoval.jpg?resize=400%2C358&amp;ssl=1 400w\" sizes=\"auto, (max-width: 190px) 100vw, 190px\" \/><\/a><figcaption id=\"caption-attachment-40419\" class=\"wp-caption-text\">Cristian Sandoval, chico BMX de San Felipe.<\/figcaption><\/figure>\n<p>\u201cLa reacci\u00f3n fue inmediata, porque a s\u00f3lo seis minutos de salir al Aire en Radio 10, llam\u00f3 a la emisora Juan Paulo Aguilera, administrador del Restaurante \u2018Sonia la \u00fanica\u2019, y nos don\u00f3 $50.000 en efectivo, no pudimos empezar mejor, en realidad queremos agradecer ese apoyo, el de Diario El Trabajo y a la vez queremos solicitar al municipio; al comercio; a las instituciones de la provincia, que nos apoyen en esta traves\u00eda que decidimos iniciar\u00bb, agreg\u00f3 Sebasti\u00e1n Burani, tambi\u00e9n del grupo.<\/p>\n<figure id=\"attachment_40413\" aria-describedby=\"caption-attachment-40413\" style=\"width: 190px\" class=\"wp-caption alignright\"><a href=\"https:\/\/i0.wp.com\/www.eltrabajo.cl\/portal\/wp-content\/uploads\/2013\/12\/Alvaro-Alfaro.jpg\"><img data-recalc-dims=\"1\" loading=\"lazy\" decoding=\"async\" class=\" wp-image-40413  \" title=\"\u00c1lvaro Alfaro, integrante del  Riders Gravity Team de San Felipe.\" alt=\"\u00c1lvaro Alfaro, integrante del  Riders Gravity Team de San Felipe.\" src=\"https:\/\/i0.wp.com\/www.eltrabajo.cl\/portal\/wp-content\/uploads\/2013\/12\/Alvaro-Alfaro.jpg?resize=190%2C175\" width=\"190\" height=\"175\" srcset=\"https:\/\/i0.wp.com\/eltrabajo.cl\/portal\/wp-content\/uploads\/2013\/12\/Alvaro-Alfaro.jpg?w=529&amp;ssl=1 529w, https:\/\/i0.wp.com\/eltrabajo.cl\/portal\/wp-content\/uploads\/2013\/12\/Alvaro-Alfaro.jpg?resize=162%2C150&amp;ssl=1 162w, https:\/\/i0.wp.com\/eltrabajo.cl\/portal\/wp-content\/uploads\/2013\/12\/Alvaro-Alfaro.jpg?resize=300%2C276&amp;ssl=1 300w, https:\/\/i0.wp.com\/eltrabajo.cl\/portal\/wp-content\/uploads\/2013\/12\/Alvaro-Alfaro.jpg?resize=150%2C138&amp;ssl=1 150w, https:\/\/i0.wp.com\/eltrabajo.cl\/portal\/wp-content\/uploads\/2013\/12\/Alvaro-Alfaro.jpg?resize=400%2C368&amp;ssl=1 400w\" sizes=\"auto, (max-width: 190px) 100vw, 190px\" \/><\/a><figcaption id=\"caption-attachment-40413\" class=\"wp-caption-text\">\u00c1lvaro Alfaro, integrante del Riders Gravity Team de San Felipe.<\/figcaption><\/figure>\n<p>&nbsp;<\/p>\n<p><strong>DIARIO EL TRABAJO\u00a0PATROCINANDO<\/strong><\/p>\n<p>Fue en respuesta a la oportunidad que estos chicos tienen, de participar en un campeonato mundial, codo a codo con los mejores del mundo, que en Diario El Trabajo decidimos plegarnos al proyecto y asumir el auspicio medi\u00e1tico y mover as\u00ed los corazones de los sanfelipe\u00f1os a fin de invitarlos a realizar el aporte que sea posible para que estos chicos lleguen al Mundial en La Patagonia: \u00abNo pudimos resistirnos a la tentaci\u00f3n de formar parte de este evento internacional, por ello es que en Diario El Trabajo estamos poniendo algunas fichas a estos j\u00f3venes, apostando por los buenos resultados que esperamos puedan conseguir. Y si bien se trata de una actividad peligrosa, no exenta de riesgos para estos cultores, tenemos m\u00e1s que claros que por lo mismo estos muchachos se encuentran alejados de las drogas y el alcohol, sustancias que definitivamente no son compatibles con esta actividad deportiva\u00bb, coment\u00f3 el Director de Diario El Trabajo, Marco Antonio Juri.<\/p>\n<figure id=\"attachment_40416\" aria-describedby=\"caption-attachment-40416\" style=\"width: 190px\" class=\"wp-caption alignleft\"><a href=\"https:\/\/i0.wp.com\/www.eltrabajo.cl\/portal\/wp-content\/uploads\/2013\/12\/Victor-Herrera.jpg\"><img data-recalc-dims=\"1\" loading=\"lazy\" decoding=\"async\" class=\" wp-image-40416  \" title=\"V\u00edctor Herrera, tambi\u00e9n espera cumplir sus sue\u00f1os en el 6\u00ba Campeonato Mundial Austral BMX Contest 2014 en Punta Arenas.\" alt=\"V\u00edctor Herrera, tambi\u00e9n espera cumplir sus sue\u00f1os en el 6\u00ba Campeonato Mundial Austral BMX Contest 2014 en Punta Arenas.\" src=\"https:\/\/i0.wp.com\/www.eltrabajo.cl\/portal\/wp-content\/uploads\/2013\/12\/Victor-Herrera.jpg?resize=190%2C178\" width=\"190\" height=\"178\" srcset=\"https:\/\/i0.wp.com\/eltrabajo.cl\/portal\/wp-content\/uploads\/2013\/12\/Victor-Herrera.jpg?w=529&amp;ssl=1 529w, https:\/\/i0.wp.com\/eltrabajo.cl\/portal\/wp-content\/uploads\/2013\/12\/Victor-Herrera.jpg?resize=160%2C150&amp;ssl=1 160w, https:\/\/i0.wp.com\/eltrabajo.cl\/portal\/wp-content\/uploads\/2013\/12\/Victor-Herrera.jpg?resize=300%2C279&amp;ssl=1 300w, https:\/\/i0.wp.com\/eltrabajo.cl\/portal\/wp-content\/uploads\/2013\/12\/Victor-Herrera.jpg?resize=400%2C372&amp;ssl=1 400w\" sizes=\"auto, (max-width: 190px) 100vw, 190px\" \/><\/a><figcaption id=\"caption-attachment-40416\" class=\"wp-caption-text\">V\u00edctor Herrera, tambi\u00e9n espera cumplir sus sue\u00f1os en el 6\u00ba Campeonato Mundial Austral BMX Contest 2014 en Punta Arenas.<\/figcaption><\/figure>\n<p>El patrocinio para los muchachos, al que tambi\u00e9n pueden unirse otras empresas aconcag\u00fcinas, consiste en camisetas estampadas; cobertura de la jornada completa.<\/p>\n<p>&nbsp;<\/p>\n<p><strong>SON MONSTRUOS\u00a0DEL MUNDO BMX<\/strong><\/p>\n<p>Nuestro medio habl\u00f3 tambi\u00e9n con Juan Pablo Oyarzo Moreno, Productor General del Austral BMX Contest 2014, mismo que indic\u00f3 que \u00aba la cita ya confirm\u00f3 su presencia el ganador de la edici\u00f3n anterior, el rider mexicano Kevin Peraza y la Campeona Mundial Camila \u2018Goddy\u2019 Harambour, esta gente son \u2018Monstruos\u2019 del BMX mundial. El evento fue creado por la empresa Geopark y en la actualidad es organizado por el Club Deportivo de la entidad y patrocinado por el Instituto Nacional del Deporte (IND). En este torneo se han presentado los mejores exponentes mundiales de la disciplina, entre los que podemos destacar a \u2018Coco\u2019 Zurita, Daniel Dhers, Colin McKey, Denis Enarson, Nicholi Rogatkin, Alejandro Caro, Nina Buitrago entre muchos talentos de todo Sudam\u00e9rica, esto s\u00f3lo por nombrar algunos\u00bb, comenta Oyarzo a Diario El Trabajo.<\/p>\n<figure id=\"attachment_40418\" aria-describedby=\"caption-attachment-40418\" style=\"width: 190px\" class=\"wp-caption alignright\"><a href=\"https:\/\/i0.wp.com\/www.eltrabajo.cl\/portal\/wp-content\/uploads\/2013\/12\/Sebastian-Burani1.jpg\"><img data-recalc-dims=\"1\" loading=\"lazy\" decoding=\"async\" class=\"wp-image-40418 \" title=\"Sebastian Burani, si logra llegar a este Mundial del BMX, espera no regresar s\u00f3lo con su bicicleta.\" alt=\"Sebastian Burani, si logra llegar a este Mundial del BMX, espera no regresar s\u00f3lo con su bicicleta.\" src=\"https:\/\/i0.wp.com\/www.eltrabajo.cl\/portal\/wp-content\/uploads\/2013\/12\/Sebastian-Burani1.jpg?resize=190%2C177\" width=\"190\" height=\"177\" srcset=\"https:\/\/i0.wp.com\/eltrabajo.cl\/portal\/wp-content\/uploads\/2013\/12\/Sebastian-Burani1.jpg?w=529&amp;ssl=1 529w, https:\/\/i0.wp.com\/eltrabajo.cl\/portal\/wp-content\/uploads\/2013\/12\/Sebastian-Burani1.jpg?resize=161%2C150&amp;ssl=1 161w, https:\/\/i0.wp.com\/eltrabajo.cl\/portal\/wp-content\/uploads\/2013\/12\/Sebastian-Burani1.jpg?resize=300%2C279&amp;ssl=1 300w, https:\/\/i0.wp.com\/eltrabajo.cl\/portal\/wp-content\/uploads\/2013\/12\/Sebastian-Burani1.jpg?resize=150%2C139&amp;ssl=1 150w, https:\/\/i0.wp.com\/eltrabajo.cl\/portal\/wp-content\/uploads\/2013\/12\/Sebastian-Burani1.jpg?resize=400%2C372&amp;ssl=1 400w\" sizes=\"auto, (max-width: 190px) 100vw, 190px\" \/><\/a><figcaption id=\"caption-attachment-40418\" class=\"wp-caption-text\">Sebastian Burani, si logra llegar a este Mundial del BMX, espera no regresar s\u00f3lo con su bicicleta.<\/figcaption><\/figure>\n<p>&nbsp;<\/p>\n<p><strong>LAS CATEGOR\u00cdAS<\/strong><\/p>\n<p>Las categor\u00edas tradicionales a lo largo de los Austral BMX Contest, son Principiante, Experto y Profesional, pero adem\u00e1s este torneo se caracteriza por fomentar desde sus inicios la categor\u00eda Femenina o Girl Class. En la categor\u00eda Profesional el primer lugar se llevar\u00e1 $2.000 USD, $1.000 USD el segundo y $500 USD para el tercer lugar. En la serie Experto, el primer lugar obtendr\u00e1 $500 USD; $200 USD el segundo y $100 USD el tercer lugar. La Categor\u00eda Girl Class obtiene los mismos premios que su similar de Experto, $500, $200 y $100.<\/p>\n<figure id=\"attachment_40423\" aria-describedby=\"caption-attachment-40423\" style=\"width: 370px\" class=\"wp-caption alignleft\"><a href=\"https:\/\/i0.wp.com\/www.eltrabajo.cl\/portal\/wp-content\/uploads\/2013\/12\/FINAL-2012.jpg\"><img data-recalc-dims=\"1\" loading=\"lazy\" decoding=\"async\" class=\" wp-image-40423 \" title=\"DE TALLA MUNDIAL.- Esta foto registra la Final 2013 vivida en enero de este a\u00f1o, si las cosas salen bien para nuestros muchachos y nuestros lectores apoyan, en 2014 ellos estar\u00e1n all\u00e1.\" alt=\"DE TALLA MUNDIAL.- Esta foto registra la Final 2013 vivida en enero de este a\u00f1o, si las cosas salen bien para nuestros muchachos y nuestros lectores apoyan, en 2014 ellos estar\u00e1n all\u00e1.\" src=\"https:\/\/i0.wp.com\/www.eltrabajo.cl\/portal\/wp-content\/uploads\/2013\/12\/FINAL-2012.jpg?resize=370%2C247\" width=\"370\" height=\"247\" srcset=\"https:\/\/i0.wp.com\/eltrabajo.cl\/portal\/wp-content\/uploads\/2013\/12\/FINAL-2012.jpg?w=529&amp;ssl=1 529w, https:\/\/i0.wp.com\/eltrabajo.cl\/portal\/wp-content\/uploads\/2013\/12\/FINAL-2012.jpg?resize=200%2C133&amp;ssl=1 200w, https:\/\/i0.wp.com\/eltrabajo.cl\/portal\/wp-content\/uploads\/2013\/12\/FINAL-2012.jpg?resize=300%2C200&amp;ssl=1 300w, https:\/\/i0.wp.com\/eltrabajo.cl\/portal\/wp-content\/uploads\/2013\/12\/FINAL-2012.jpg?resize=150%2C100&amp;ssl=1 150w, https:\/\/i0.wp.com\/eltrabajo.cl\/portal\/wp-content\/uploads\/2013\/12\/FINAL-2012.jpg?resize=400%2C266&amp;ssl=1 400w\" sizes=\"auto, (max-width: 370px) 100vw, 370px\" \/><\/a><figcaption id=\"caption-attachment-40423\" class=\"wp-caption-text\">DE TALLA MUNDIAL.- Esta foto registra la Final 2013 vivida en enero de este a\u00f1o, si las cosas salen bien para nuestros muchachos y nuestros lectores apoyan, en 2014 ellos estar\u00e1n all\u00e1.<\/figcaption><\/figure>\n<p>\u00abAdem\u00e1s y por la alta demanda de participantes, se estudia crear una Categor\u00eda \u2018S\u00faper Pro\u2019, donde las \u2018estrellas mundiales\u2019 de la disciplina tengan cabida y no se vaya en desmedro de los Pro nacionales y sudamericanos que llegan en gran cantidad al Austral BMX Contest. En caso de darse una serie especial, \u00e9sta deber\u00eda contar con al menos ocho \u2018S\u00faper Pro\u2019, de lo contrario se plantear\u00e1 ampliar la cantidad de premios en Profesional hasta el sexto lugar\u00bb, agreg\u00f3 el Productor del Austral BMX Contest.<\/p>\n<p>Roberto Gonz\u00e1lez Short<\/p>\n<p>rgonzalez@eltrabajo.cl<\/p>\n<p>Fotos: Claudio Miranda D\u00edaz<\/p>\n<p>&nbsp;<\/p>\n","protected":false},"excerpt":{"rendered":"<p>Diario El Trabajo est\u00e1 patrocinando a los mejores BMX de la provincia y usted puede contribuir a que ellos puedan pagar su pasaje a la gran cita deportiva en la Patagonia. Y&#8230;<\/p>\n","protected":false},"author":482,"featured_media":40408,"comment_status":"open","ping_status":"closed","sticky":false,"template":"","format":"standard","meta":{"advanced_seo_description":"","jetpack_seo_html_title":"","jetpack_seo_noindex":false,"_jetpack_memberships_contains_paid_content":false,"footnotes":""},"categories":[15],"tags":[],"class_list":["post-40407","post","type-post","status-publish","format-standard","has-post-thumbnail","hentry","category-comunidad"],"jetpack_featured_media_url":"https:\/\/i0.wp.com\/eltrabajo.cl\/portal\/wp-content\/uploads\/2013\/12\/BMX-2.jpg?fit=528%2C389&ssl=1","jetpack_sharing_enabled":true,"jetpack_likes_enabled":true,"jetpack-related-posts":[],"_links":{"self":[{"href":"https:\/\/eltrabajo.cl\/portal\/wp-json\/wp\/v2\/posts\/40407","targetHints":{"allow":["GET"]}}],"collection":[{"href":"https:\/\/eltrabajo.cl\/portal\/wp-json\/wp\/v2\/posts"}],"about":[{"href":"https:\/\/eltrabajo.cl\/portal\/wp-json\/wp\/v2\/types\/post"}],"author":[{"embeddable":true,"href":"https:\/\/eltrabajo.cl\/portal\/wp-json\/wp\/v2\/users\/482"}],"replies":[{"embeddable":true,"href":"https:\/\/eltrabajo.cl\/portal\/wp-json\/wp\/v2\/comments?post=40407"}],"version-history":[{"count":0,"href":"https:\/\/eltrabajo.cl\/portal\/wp-json\/wp\/v2\/posts\/40407\/revisions"}],"wp:featuredmedia":[{"embeddable":true,"href":"https:\/\/eltrabajo.cl\/portal\/wp-json\/wp\/v2\/media\/40408"}],"wp:attachment":[{"href":"https:\/\/eltrabajo.cl\/portal\/wp-json\/wp\/v2\/media?parent=40407"}],"wp:term":[{"taxonomy":"category","embeddable":true,"href":"https:\/\/eltrabajo.cl\/portal\/wp-json\/wp\/v2\/categories?post=40407"},{"taxonomy":"post_tag","embeddable":true,"href":"https:\/\/eltrabajo.cl\/portal\/wp-json\/wp\/v2\/tags?post=40407"}],"curies":[{"name":"wp","href":"https:\/\/api.w.org\/{rel}","templated":true}]}}