{"id":40439,"date":"2013-12-09T08:46:47","date_gmt":"2013-12-09T11:46:47","guid":{"rendered":"http:\/\/www.eltrabajo.cl\/portal\/?p=40439"},"modified":"2013-12-09T08:46:47","modified_gmt":"2013-12-09T11:46:47","slug":"con-la-iluminacion-de-arbol-en-la-plaza-llego-tambien-la-navidad","status":"publish","type":"post","link":"https:\/\/eltrabajo.cl\/portal\/con-la-iluminacion-de-arbol-en-la-plaza-llego-tambien-la-navidad\/","title":{"rendered":"Con la iluminaci\u00f3n de \u00e1rbol en la plaza lleg\u00f3 tambi\u00e9n la Navidad"},"content":{"rendered":"<figure id=\"attachment_40440\" aria-describedby=\"caption-attachment-40440\" style=\"width: 529px\" class=\"wp-caption alignnone\"><a href=\"https:\/\/i0.wp.com\/www.eltrabajo.cl\/portal\/wp-content\/uploads\/2013\/12\/Navidad1.jpg\"><img data-recalc-dims=\"1\" loading=\"lazy\" decoding=\"async\" class=\"size-full wp-image-40440\" title=\"LLEG\u00d3 LA NAVIDAD.- Todo brilla y muchos celebran desde ahora los aires navide\u00f1os que en Putaendo se respiran.\" alt=\"LLEG\u00d3 LA NAVIDAD.- Todo brilla y muchos celebran desde ahora los aires navide\u00f1os que en Putaendo se respiran.\" src=\"https:\/\/i0.wp.com\/www.eltrabajo.cl\/portal\/wp-content\/uploads\/2013\/12\/Navidad1.jpg?resize=529%2C353\" width=\"529\" height=\"353\" srcset=\"https:\/\/i0.wp.com\/eltrabajo.cl\/portal\/wp-content\/uploads\/2013\/12\/Navidad1.jpg?w=529&amp;ssl=1 529w, https:\/\/i0.wp.com\/eltrabajo.cl\/portal\/wp-content\/uploads\/2013\/12\/Navidad1.jpg?resize=200%2C133&amp;ssl=1 200w, https:\/\/i0.wp.com\/eltrabajo.cl\/portal\/wp-content\/uploads\/2013\/12\/Navidad1.jpg?resize=300%2C200&amp;ssl=1 300w, https:\/\/i0.wp.com\/eltrabajo.cl\/portal\/wp-content\/uploads\/2013\/12\/Navidad1.jpg?resize=150%2C100&amp;ssl=1 150w, https:\/\/i0.wp.com\/eltrabajo.cl\/portal\/wp-content\/uploads\/2013\/12\/Navidad1.jpg?resize=400%2C266&amp;ssl=1 400w\" sizes=\"auto, (max-width: 529px) 100vw, 529px\" \/><\/a><figcaption id=\"caption-attachment-40440\" class=\"wp-caption-text\">LLEG\u00d3 LA NAVIDAD.- Todo brilla y muchos celebran desde ahora los aires navide\u00f1os que en Putaendo se respiran.<\/figcaption><\/figure>\n<p><strong>PUTAENDO<\/strong>.- La ornamentaci\u00f3n navide\u00f1a que el municipio de Putaendo inaugur\u00f3 en la plaza, a\u00f1o a a\u00f1o se convierte en el regalo m\u00e1s esperado por la comunidad, que en esta ocasi\u00f3n super\u00f3 con creces las expectativas de los organizadores y de los vecinos de la comuna. Cientos de personas y familias enteras se reunieron en la plaza y pasadas las 21:00 horas, la mayor parte de los peque\u00f1os, y tambi\u00e9n los grandes, recibieron hermosos gorros navide\u00f1os entregados personalmente por el Alcalde Guillermo Reyes, para posteriormente en un m\u00e1gico momento, apagar las luces de la plaza y comenzar la cuenta regresiva para inaugurar la nueva iluminaci\u00f3n y el gigante \u00e1rbol de pascua, que a diferencia de otros a\u00f1os se caracteriza por ser un \u00e1rbol con una iluminaci\u00f3n led, que de noche lo hace sencillamente maravilloso y que tambi\u00e9n durante el d\u00eda puede ser admirado en toda su magnitud.<\/p>\n<p>Presentes en aquel momento estuvo el Alcalde Reyes acompa\u00f1ado de su esposa y de su peque\u00f1o hijo, los concejales Sergio Zamora, Miguel Vega y Carlos Gallardo, dirigentes vecinales y lo m\u00e1s importante, cientos de familias.<\/p>\n<p>El Alcalde Reyes se\u00f1al\u00f3 que este a\u00f1o el municipio hizo un esfuerzo para comprar este \u00e1rbol y no arrendarlo como todos los a\u00f1os y agreg\u00f3 que est\u00e1 consciente que hay muchas familias que por diferentes motivos no podr\u00e1n disfrutar de una navidad como quisieran, pero que de alguna forma ornamentar la plaza y regalar este momento de alegr\u00eda y felicidad es la mejor manera para desearles una feliz Navidad a todas las familias de Putaendo y en especial a los ni\u00f1os a nombre del Concejo Municipal y de los funcionarios municipales, quienes trabajaron arduamente en la ornamentaci\u00f3n de la plaza.<\/p>\n<p>Las familias disfrutaron de un hermoso momento y todos coincidieron en que cada a\u00f1o la iluminaci\u00f3n de la plaza de la comuna sube de categor\u00eda, y en esta ocasi\u00f3n, el magn\u00edfico \u00e1rbol, sin lugar a dudas ser\u00e1 el lugar predilecto para fotograf\u00edas y un hermoso paseo por la plaza de Putaendo.<\/p>\n<p>Patricio Gallardo M.<\/p>\n<p>&nbsp;<\/p>\n","protected":false},"excerpt":{"rendered":"<p>PUTAENDO.- La ornamentaci\u00f3n navide\u00f1a que el municipio de Putaendo inaugur\u00f3 en la plaza, a\u00f1o a a\u00f1o se convierte en el regalo m\u00e1s esperado por la comunidad, que en esta ocasi\u00f3n super\u00f3 con&#8230;<\/p>\n","protected":false},"author":482,"featured_media":40440,"comment_status":"open","ping_status":"closed","sticky":false,"template":"","format":"standard","meta":{"advanced_seo_description":"","jetpack_seo_html_title":"","jetpack_seo_noindex":false,"_jetpack_memberships_contains_paid_content":false,"footnotes":""},"categories":[1],"tags":[],"class_list":["post-40439","post","type-post","status-publish","format-standard","has-post-thumbnail","hentry","category-cronica"],"jetpack_featured_media_url":"https:\/\/i0.wp.com\/eltrabajo.cl\/portal\/wp-content\/uploads\/2013\/12\/Navidad1.jpg?fit=529%2C353&ssl=1","jetpack_sharing_enabled":true,"jetpack_likes_enabled":true,"jetpack-related-posts":[],"_links":{"self":[{"href":"https:\/\/eltrabajo.cl\/portal\/wp-json\/wp\/v2\/posts\/40439","targetHints":{"allow":["GET"]}}],"collection":[{"href":"https:\/\/eltrabajo.cl\/portal\/wp-json\/wp\/v2\/posts"}],"about":[{"href":"https:\/\/eltrabajo.cl\/portal\/wp-json\/wp\/v2\/types\/post"}],"author":[{"embeddable":true,"href":"https:\/\/eltrabajo.cl\/portal\/wp-json\/wp\/v2\/users\/482"}],"replies":[{"embeddable":true,"href":"https:\/\/eltrabajo.cl\/portal\/wp-json\/wp\/v2\/comments?post=40439"}],"version-history":[{"count":0,"href":"https:\/\/eltrabajo.cl\/portal\/wp-json\/wp\/v2\/posts\/40439\/revisions"}],"wp:featuredmedia":[{"embeddable":true,"href":"https:\/\/eltrabajo.cl\/portal\/wp-json\/wp\/v2\/media\/40440"}],"wp:attachment":[{"href":"https:\/\/eltrabajo.cl\/portal\/wp-json\/wp\/v2\/media?parent=40439"}],"wp:term":[{"taxonomy":"category","embeddable":true,"href":"https:\/\/eltrabajo.cl\/portal\/wp-json\/wp\/v2\/categories?post=40439"},{"taxonomy":"post_tag","embeddable":true,"href":"https:\/\/eltrabajo.cl\/portal\/wp-json\/wp\/v2\/tags?post=40439"}],"curies":[{"name":"wp","href":"https:\/\/api.w.org\/{rel}","templated":true}]}}