{"id":40442,"date":"2013-12-09T08:48:22","date_gmt":"2013-12-09T11:48:22","guid":{"rendered":"http:\/\/www.eltrabajo.cl\/portal\/?p=40442"},"modified":"2013-12-09T08:48:22","modified_gmt":"2013-12-09T11:48:22","slug":"alcalde-patricio-freire-satisfecho-de-gestion-al-cumplir-un-ano-en-el-cargo","status":"publish","type":"post","link":"https:\/\/eltrabajo.cl\/portal\/alcalde-patricio-freire-satisfecho-de-gestion-al-cumplir-un-ano-en-el-cargo\/","title":{"rendered":"Alcalde Patricio Freire satisfecho de gesti\u00f3n al cumplir un a\u00f1o en el cargo"},"content":{"rendered":"<figure id=\"attachment_40443\" aria-describedby=\"caption-attachment-40443\" style=\"width: 317px\" class=\"wp-caption alignleft\"><a href=\"https:\/\/i0.wp.com\/www.eltrabajo.cl\/portal\/wp-content\/uploads\/2013\/12\/alcalde2.jpg\"><img data-recalc-dims=\"1\" loading=\"lazy\" decoding=\"async\" class=\" wp-image-40443 \" title=\"SATISFECHO.- Alcalde Patricio Freire, ofreci\u00f3 su Cuenta P\u00fablica en relaci\u00f3n a su primer a\u00f1o de gesti\u00f3n.\" alt=\"SATISFECHO.- Alcalde Patricio Freire, ofreci\u00f3 su Cuenta P\u00fablica en relaci\u00f3n a su primer a\u00f1o de gesti\u00f3n.\" src=\"https:\/\/i0.wp.com\/www.eltrabajo.cl\/portal\/wp-content\/uploads\/2013\/12\/alcalde2.jpg?resize=317%2C431\" width=\"317\" height=\"431\" srcset=\"https:\/\/i0.wp.com\/eltrabajo.cl\/portal\/wp-content\/uploads\/2013\/12\/alcalde2.jpg?w=529&amp;ssl=1 529w, https:\/\/i0.wp.com\/eltrabajo.cl\/portal\/wp-content\/uploads\/2013\/12\/alcalde2.jpg?resize=110%2C150&amp;ssl=1 110w, https:\/\/i0.wp.com\/eltrabajo.cl\/portal\/wp-content\/uploads\/2013\/12\/alcalde2.jpg?resize=220%2C300&amp;ssl=1 220w, https:\/\/i0.wp.com\/eltrabajo.cl\/portal\/wp-content\/uploads\/2013\/12\/alcalde2.jpg?resize=400%2C543&amp;ssl=1 400w\" sizes=\"auto, (max-width: 317px) 100vw, 317px\" \/><\/a><figcaption id=\"caption-attachment-40443\" class=\"wp-caption-text\">SATISFECHO.- Alcalde Patricio Freire, ofreci\u00f3 su Cuenta P\u00fablica en relaci\u00f3n a su primer a\u00f1o de gesti\u00f3n.<\/figcaption><\/figure>\n<p>Una positiva evaluaci\u00f3n realiz\u00f3 el Alcalde Patricio Freire sobre su gesti\u00f3n, luego que este viernes cumpliera un a\u00f1o al frente de la Municipalidad de San Felipe. El jefe comunal dio las gracias a todos y cada uno de los vecinos que han confiado en la propuesta que \u00e9l plante\u00f3 a la comunidad el a\u00f1o pasado, de hacer un San Felipe para todos, donde toda la comunidad se sienta parte de las decisiones que son tomadas por el municipio y en el que la participaci\u00f3n ciudadana es el eje central de su administraci\u00f3n municipal.<\/p>\n<p>En este punto, calific\u00f3 como fundamental la Agenda de Participaci\u00f3n Ciudadana, que inaugur\u00f3 hace unos meses y que tiene como objetivo conocer la forma c\u00f3mo los sanfelipe\u00f1os sue\u00f1an la comuna, sus problemas y necesidades. La primera etapa contempl\u00f3 la participaci\u00f3n de todos los vecinos y permiti\u00f3 contar con bastante informaci\u00f3n de los distintos sectores de la comuna, mientras que una segunda etapa se ejecutar\u00e1 este martes 10 de diciembre, cuando se re\u00fanan las mujeres de San Felipe, para plantear su realidad y sus necesidades. \u00abTodos tienen algo que aportar al engrandecimiento de nuestra querida comuna, as\u00ed que estamos felices. Hoy d\u00eda tenemos muchas cosas que se terminaron de la anterior gesti\u00f3n municipal, se est\u00e1n haciendo los proyectos que vienen de nuestra gesti\u00f3n\u00bb, dijo el edil.<\/p>\n<p>&nbsp;<\/p>\n<p><strong>PROYECTOS\u00a0EJECUTADOS<\/strong><\/p>\n<p>El jefe comunal record\u00f3 adem\u00e1s que durante este a\u00f1o se han terminado de ejecutar proyectos y m\u00e1s importante a\u00fan, se ha creado una cartera de proyectos, varios de ellos ya en ejecuci\u00f3n, lo que ha permitido alcanzar una inversi\u00f3n hist\u00f3rica de 3.800 millones de pesos, los que han sido financiados a trav\u00e9s de distintos programas, entre ellos PMU, FRIL y Circular 33, lo que da cuenta de un trabajo especializado y comprometido de los profesionales del municipio y que han permitido mejorar la calidad de vida de los vecinos de San Felipe.<\/p>\n<p>\u00abEst\u00e1 el proyecto de cambiar los artesanos de la plaza hacia un pueblito artesanal en el Terminal Rodoviario, la pavimentaci\u00f3n de Calle San Francisco, la conexi\u00f3n de alcantarillado en esa misma calle, estamos haciendo unos PMU para arreglar las veredas de San Felipe en distintos sectores, tambi\u00e9n tenemos que hacer un proyecto gigante para arreglar las veredas del damero central y tambi\u00e9n estamos haciendo el proyecto de agua potable en Tres Esquinas, una iniciativa emblem\u00e1tica de muchos a\u00f1os se est\u00e1 llevando a efecto, se est\u00e1n iluminando los sectores m\u00e1s oscuros de la comuna\u00bb, especific\u00f3 el Alcalde Freire.<\/p>\n<p>Durante estos meses adem\u00e1s se logr\u00f3 no concretar el proyecto de estacionamientos subterr\u00e1neos, cumpliendo as\u00ed un anhelo que se plante\u00f3 en la campa\u00f1a el a\u00f1o pasado y que fue apoyado por los vecinos de San Felipe.<\/p>\n<p>Y pensando en mantener los \u00e1rboles de la Plaza de Armas en buenas condiciones, es que el Alcalde Freire ha estipulado la realizaci\u00f3n de distintos trabajos en el principal paseo p\u00fablico de la comuna para hermosearla y limpiarla, mejorar el sector de la pileta, a lo que se suma la plantaci\u00f3n de miles de \u00e1rboles en el damero central y en otros sectores de la comuna, con el objetivo de dar una nueva cara a San Felipe.<\/p>\n<p>&nbsp;<\/p>\n<p>EDUCACI\u00d3N<\/p>\n<p>Adem\u00e1s el Alcalde Freire volvi\u00f3 a manifestar su compromiso con la educaci\u00f3n municipal de San Felipe. Y en ese punto record\u00f3 que al comenzar su gesti\u00f3n al frente del municipio recibi\u00f3 una educaci\u00f3n muy endeudada, una realidad que se ha logrado revertir al tener las finanzas al interior del municipio ordenadas, lo que ha permitido ir cumpliendo con los profesores, como por ejemplo el compromiso de pagar el Bono SAE y las indemnizaciones a profesores jubilados.<\/p>\n<p>\u00abEstamos haciendo un tremendo esfuerzo en el \u00e1rea de educaci\u00f3n y por ello cumplimos con los profesores, porque ellos son la base para tener una educaci\u00f3n de calidad. Para ello fue necesario una restructuraci\u00f3n y ordenamiento de las finanzas municipales, medidas fundamentales para traspasar los recursos a educaci\u00f3n, porque lo vemos como una inversi\u00f3n social\u00bb, dijo el edil.<\/p>\n<p>Y aunque durante este a\u00f1o se han ido ejecutando una serie de proyectos que nacieron bajo su administraci\u00f3n, el jefe comunal avanza en la ejecuci\u00f3n de iniciativas a nivel macro para la comuna, como son la creaci\u00f3n de un parque municipal para la comuna y m\u00e1s sectores de \u00e1reas verdes que puedan disfrutar los vecinos, la circunvalaci\u00f3n de San Felipe, un proyecto en el que trabaja d\u00eda a d\u00eda para entregar mayor conectividad a la comuna y un proyecto de gesti\u00f3n de tr\u00e1nsito, que permitir\u00e1 descongestionar la ciudad, a lo que se suma el Plan Regulador, un trabajo que se viene realizando hace bastante tiempo y que permitir\u00e1 que San Felipe crezca de forma arm\u00f3nica, regulando el desarrollo urban\u00edstico de la comuna.<\/p>\n<p>&nbsp;<\/p>\n","protected":false},"excerpt":{"rendered":"<p>Una positiva evaluaci\u00f3n realiz\u00f3 el Alcalde Patricio Freire sobre su gesti\u00f3n, luego que este viernes cumpliera un a\u00f1o al frente de la Municipalidad de San Felipe. El jefe comunal dio las gracias&#8230;<\/p>\n","protected":false},"author":482,"featured_media":40443,"comment_status":"open","ping_status":"closed","sticky":false,"template":"","format":"standard","meta":{"advanced_seo_description":"","jetpack_seo_html_title":"","jetpack_seo_noindex":false,"_jetpack_memberships_contains_paid_content":false,"footnotes":""},"categories":[15],"tags":[],"class_list":["post-40442","post","type-post","status-publish","format-standard","has-post-thumbnail","hentry","category-comunidad"],"jetpack_featured_media_url":"https:\/\/i0.wp.com\/eltrabajo.cl\/portal\/wp-content\/uploads\/2013\/12\/alcalde2.jpg?fit=529%2C719&ssl=1","jetpack_sharing_enabled":true,"jetpack_likes_enabled":true,"jetpack-related-posts":[],"_links":{"self":[{"href":"https:\/\/eltrabajo.cl\/portal\/wp-json\/wp\/v2\/posts\/40442","targetHints":{"allow":["GET"]}}],"collection":[{"href":"https:\/\/eltrabajo.cl\/portal\/wp-json\/wp\/v2\/posts"}],"about":[{"href":"https:\/\/eltrabajo.cl\/portal\/wp-json\/wp\/v2\/types\/post"}],"author":[{"embeddable":true,"href":"https:\/\/eltrabajo.cl\/portal\/wp-json\/wp\/v2\/users\/482"}],"replies":[{"embeddable":true,"href":"https:\/\/eltrabajo.cl\/portal\/wp-json\/wp\/v2\/comments?post=40442"}],"version-history":[{"count":0,"href":"https:\/\/eltrabajo.cl\/portal\/wp-json\/wp\/v2\/posts\/40442\/revisions"}],"wp:featuredmedia":[{"embeddable":true,"href":"https:\/\/eltrabajo.cl\/portal\/wp-json\/wp\/v2\/media\/40443"}],"wp:attachment":[{"href":"https:\/\/eltrabajo.cl\/portal\/wp-json\/wp\/v2\/media?parent=40442"}],"wp:term":[{"taxonomy":"category","embeddable":true,"href":"https:\/\/eltrabajo.cl\/portal\/wp-json\/wp\/v2\/categories?post=40442"},{"taxonomy":"post_tag","embeddable":true,"href":"https:\/\/eltrabajo.cl\/portal\/wp-json\/wp\/v2\/tags?post=40442"}],"curies":[{"name":"wp","href":"https:\/\/api.w.org\/{rel}","templated":true}]}}