{"id":40447,"date":"2013-12-09T08:49:39","date_gmt":"2013-12-09T11:49:39","guid":{"rendered":"http:\/\/www.eltrabajo.cl\/portal\/?p=40447"},"modified":"2013-12-09T08:49:39","modified_gmt":"2013-12-09T11:49:39","slug":"sigue-en-desarrollo-la-agenda-de-participacion-ciudadana-de-las-mujeres","status":"publish","type":"post","link":"https:\/\/eltrabajo.cl\/portal\/sigue-en-desarrollo-la-agenda-de-participacion-ciudadana-de-las-mujeres\/","title":{"rendered":"Sigue en desarrollo la Agenda de Participaci\u00f3n Ciudadana de las mujeres"},"content":{"rendered":"<figure id=\"attachment_40448\" aria-describedby=\"caption-attachment-40448\" style=\"width: 529px\" class=\"wp-caption alignnone\"><a href=\"https:\/\/i0.wp.com\/www.eltrabajo.cl\/portal\/wp-content\/uploads\/2013\/12\/consulta-mujeres.jpg\"><img data-recalc-dims=\"1\" loading=\"lazy\" decoding=\"async\" class=\"size-full wp-image-40448\" title=\"Actualmente en la comuna existen 83 organizaciones de mujeres, ya sea en las juntas de vecinos, organizaciones funcionales o centros de padres, por nombrar algunos. (Foto archivo).\" alt=\"Actualmente en la comuna existen 83 organizaciones de mujeres, ya sea en las juntas de vecinos, organizaciones funcionales o centros de padres, por nombrar algunos. (Foto archivo).\" src=\"https:\/\/i0.wp.com\/www.eltrabajo.cl\/portal\/wp-content\/uploads\/2013\/12\/consulta-mujeres.jpg?resize=529%2C355\" width=\"529\" height=\"355\" srcset=\"https:\/\/i0.wp.com\/eltrabajo.cl\/portal\/wp-content\/uploads\/2013\/12\/consulta-mujeres.jpg?w=529&amp;ssl=1 529w, https:\/\/i0.wp.com\/eltrabajo.cl\/portal\/wp-content\/uploads\/2013\/12\/consulta-mujeres.jpg?resize=200%2C134&amp;ssl=1 200w, https:\/\/i0.wp.com\/eltrabajo.cl\/portal\/wp-content\/uploads\/2013\/12\/consulta-mujeres.jpg?resize=300%2C201&amp;ssl=1 300w, https:\/\/i0.wp.com\/eltrabajo.cl\/portal\/wp-content\/uploads\/2013\/12\/consulta-mujeres.jpg?resize=150%2C100&amp;ssl=1 150w, https:\/\/i0.wp.com\/eltrabajo.cl\/portal\/wp-content\/uploads\/2013\/12\/consulta-mujeres.jpg?resize=400%2C268&amp;ssl=1 400w\" sizes=\"auto, (max-width: 529px) 100vw, 529px\" \/><\/a><figcaption id=\"caption-attachment-40448\" class=\"wp-caption-text\">Actualmente en la comuna existen 83 organizaciones de mujeres, ya sea en las juntas de vecinos, organizaciones funcionales o centros de padres, por nombrar algunos. (Foto archivo).<\/figcaption><\/figure>\n<p>Ma\u00f1ana martes 10 de diciembre, la Municipalidad de San Felipe desarrollar\u00e1 una consulta destinada a las mujeres de la comuna, una actividad que se enmarca en la Agenda de Participaci\u00f3n Ciudadana que ha impulsado el Alcalde Patricio Freire. Esta ser\u00e1 la segunda consulta masiva que la administraci\u00f3n del Alcalde Freire realiza desde que comenz\u00f3 su gesti\u00f3n alcaldicia y tiene como objetivo saber cual es la realidad de la comuna, sus necesidades y c\u00f3mo sue\u00f1an ellas la comuna<\/p>\n<p>\u00abSon temas bastante amplios, especialmente relacionados con infraestructura y temas de g\u00e9nero, nosotros hemos querido y es lo que nos ha encomendado nuestro alcalde, hacer un desarrollo sustentable dentro de las expectativas que estamos desarrollando en esta Agenda de Participaci\u00f3n Ciudadana e invitamos a so\u00f1ar a las vecinas de San Felipe para que nos puedan decir cuales son sus prioridades\u00bb, se\u00f1al\u00f3 Pablo Silva, Director de Desarrollo Comunitario.<\/p>\n<p>Silva destac\u00f3 que junto a la Oficina Municipal de la Mujer, realizaron un diagn\u00f3stico y conocen a grandes rasgos cu\u00e1les son las necesidades b\u00e1sicas que las mujeres tienen, pero quieren escucharlas desde primera fuente. La idea es saber cu\u00e1les son sus propuestas de trabajo para el pr\u00f3ximo a\u00f1o.<\/p>\n<p>\u00abEsta actividad se enmarca dentro de un diagn\u00f3stico que nosotros hemos podido conocer de la mujer de San Felipe, donde hemos podido ver que las mujeres se insertan fuertemente en un mundo laboral remunerado, donde las familias son distintas, donde las j\u00f3venes tienen sue\u00f1os distintos a los que ten\u00edan nuestras mam\u00e1s y abuelas, por lo tanto hay otro rol que tiene la mujer en la sociedad, por lo tanto en ese contexto y a pedido de nuestro alcalde, se ha solicitado que esta sea la segunda consulta de participaci\u00f3n ciudadana\u00bb, se\u00f1al\u00f3 Silvana Vera, Coordinadora de la Oficina Municipal de la Mujer.<\/p>\n<p>Seg\u00fan explic\u00f3 el Director de Desarrollo Comunitario, la convocatoria ya fue realizada a trav\u00e9s de las organizaciones comunitarias de mujeres, pero la idea es que participen todas las mujeres de la comuna, ya que se trata de una convocatoria amplia y abierta.<\/p>\n<p>Actualmente en la comuna existen 83 organizaciones de mujeres, lo que da cuenta de que las mujeres son uno de los principales actores en el proceso de participaci\u00f3n en la comuna, ya sea en las juntas de vecinos, organizaciones funcionales o centros de padres, por nombrar algunos. La actividad se va a realizar el martes 10 de diciembre, a las 15:30 horas, en el Teatro del Liceo Roberto Humeres, donde la autoridad comunal escuchar\u00e1 sus propuestas e inquietudes.<\/p>\n","protected":false},"excerpt":{"rendered":"<p>Ma\u00f1ana martes 10 de diciembre, la Municipalidad de San Felipe desarrollar\u00e1 una consulta destinada a las mujeres de la comuna, una actividad que se enmarca en la Agenda de Participaci\u00f3n Ciudadana que&#8230;<\/p>\n","protected":false},"author":482,"featured_media":40448,"comment_status":"open","ping_status":"closed","sticky":false,"template":"","format":"standard","meta":{"advanced_seo_description":"","jetpack_seo_html_title":"","jetpack_seo_noindex":false,"_jetpack_memberships_contains_paid_content":false,"footnotes":""},"categories":[1],"tags":[],"class_list":["post-40447","post","type-post","status-publish","format-standard","has-post-thumbnail","hentry","category-cronica"],"jetpack_featured_media_url":"https:\/\/i0.wp.com\/eltrabajo.cl\/portal\/wp-content\/uploads\/2013\/12\/consulta-mujeres.jpg?fit=529%2C355&ssl=1","jetpack_sharing_enabled":true,"jetpack_likes_enabled":true,"jetpack-related-posts":[],"_links":{"self":[{"href":"https:\/\/eltrabajo.cl\/portal\/wp-json\/wp\/v2\/posts\/40447","targetHints":{"allow":["GET"]}}],"collection":[{"href":"https:\/\/eltrabajo.cl\/portal\/wp-json\/wp\/v2\/posts"}],"about":[{"href":"https:\/\/eltrabajo.cl\/portal\/wp-json\/wp\/v2\/types\/post"}],"author":[{"embeddable":true,"href":"https:\/\/eltrabajo.cl\/portal\/wp-json\/wp\/v2\/users\/482"}],"replies":[{"embeddable":true,"href":"https:\/\/eltrabajo.cl\/portal\/wp-json\/wp\/v2\/comments?post=40447"}],"version-history":[{"count":0,"href":"https:\/\/eltrabajo.cl\/portal\/wp-json\/wp\/v2\/posts\/40447\/revisions"}],"wp:featuredmedia":[{"embeddable":true,"href":"https:\/\/eltrabajo.cl\/portal\/wp-json\/wp\/v2\/media\/40448"}],"wp:attachment":[{"href":"https:\/\/eltrabajo.cl\/portal\/wp-json\/wp\/v2\/media?parent=40447"}],"wp:term":[{"taxonomy":"category","embeddable":true,"href":"https:\/\/eltrabajo.cl\/portal\/wp-json\/wp\/v2\/categories?post=40447"},{"taxonomy":"post_tag","embeddable":true,"href":"https:\/\/eltrabajo.cl\/portal\/wp-json\/wp\/v2\/tags?post=40447"}],"curies":[{"name":"wp","href":"https:\/\/api.w.org\/{rel}","templated":true}]}}