{"id":40450,"date":"2013-12-09T08:51:01","date_gmt":"2013-12-09T11:51:01","guid":{"rendered":"http:\/\/www.eltrabajo.cl\/portal\/?p=40450"},"modified":"2013-12-09T08:51:01","modified_gmt":"2013-12-09T11:51:01","slug":"entregan-fondo-social-presidente-de-la-republica-a-villa-roberto-huerta","status":"publish","type":"post","link":"https:\/\/eltrabajo.cl\/portal\/entregan-fondo-social-presidente-de-la-republica-a-villa-roberto-huerta\/","title":{"rendered":"Entregan Fondo Social Presidente de la Rep\u00fablica a Villa Roberto Huerta"},"content":{"rendered":"<figure id=\"attachment_40451\" aria-describedby=\"caption-attachment-40451\" style=\"width: 528px\" class=\"wp-caption alignnone\"><a href=\"https:\/\/i0.wp.com\/www.eltrabajo.cl\/portal\/wp-content\/uploads\/2013\/12\/Autoridades1.jpg\"><img data-recalc-dims=\"1\" loading=\"lazy\" decoding=\"async\" class=\"size-full wp-image-40451\" title=\"La Gobernadora Patricia Boffa junto al Acalde Claudio Zurita entregan Fondo Social Presidente de la Republica a vecinos de la poblaci\u00f3n Roberto Huerta de Santa Mar\u00eda.\" alt=\"La Gobernadora Patricia Boffa junto al Acalde Claudio Zurita entregan Fondo Social Presidente de la Republica a vecinos de la poblaci\u00f3n Roberto Huerta de Santa Mar\u00eda.\" src=\"https:\/\/i0.wp.com\/www.eltrabajo.cl\/portal\/wp-content\/uploads\/2013\/12\/Autoridades1.jpg?resize=528%2C370\" width=\"528\" height=\"370\" srcset=\"https:\/\/i0.wp.com\/eltrabajo.cl\/portal\/wp-content\/uploads\/2013\/12\/Autoridades1.jpg?w=528&amp;ssl=1 528w, https:\/\/i0.wp.com\/eltrabajo.cl\/portal\/wp-content\/uploads\/2013\/12\/Autoridades1.jpg?resize=200%2C140&amp;ssl=1 200w, https:\/\/i0.wp.com\/eltrabajo.cl\/portal\/wp-content\/uploads\/2013\/12\/Autoridades1.jpg?resize=300%2C210&amp;ssl=1 300w, https:\/\/i0.wp.com\/eltrabajo.cl\/portal\/wp-content\/uploads\/2013\/12\/Autoridades1.jpg?resize=150%2C105&amp;ssl=1 150w, https:\/\/i0.wp.com\/eltrabajo.cl\/portal\/wp-content\/uploads\/2013\/12\/Autoridades1.jpg?resize=400%2C280&amp;ssl=1 400w\" sizes=\"auto, (max-width: 528px) 100vw, 528px\" \/><\/a><figcaption id=\"caption-attachment-40451\" class=\"wp-caption-text\">La Gobernadora Patricia Boffa junto al Acalde Claudio Zurita entregan Fondo Social Presidente de la Republica a vecinos de la poblaci\u00f3n Roberto Huerta de Santa Mar\u00eda.<\/figcaption><\/figure>\n<p>Un Fondo Presidente de la Rep\u00fablica, por la suma de $533.120 pesos, a la Junta de Vecinos Roberto Huerta de la comuna de Santa Mar\u00eda, hizo entrega la Gobernadora Patricia Boffa junto al Alcalde Claudio Zurita.<\/p>\n<p>El proyecto postulado por esta unidad vecinal, ser\u00e1 usado para la compra de mobiliario para la sede vecinal, lo que a su vez permite potenciar el desarrollo de este tipo de comunidades, con la integraci\u00f3n de sus vecinos. Oriana Carmona, Secretaria de la Junta de Vecinos, destac\u00f3 que esta junta vecinal es una de las m\u00e1s antiguas de la comuna, sin embargo est\u00e1 el constante inter\u00e9s de sus habitantes por mejorar su calidad de vida.<\/p>\n<p>\u00abNosotros cuando postulamos esta iniciativa al Fondo Social, lo que buscamos fue lograr la recursos para implementar nuestra sede comunitaria, lo hemos logrado y por eso mismo le damos las gracias a la gobernadora, al gobierno, por el apoyo que hemos recibido\u00bb.<\/p>\n<p>Por su parte, la Gobernadora Boffa destac\u00f3 y agradeci\u00f3 a los vecinos el inter\u00e9s de emprendimiento comunitario.<\/p>\n<p>\u00abEste Fondo Social Presidente de la Rep\u00fablica, lo que har\u00e1, ser\u00e1 reforzar la calidad de vida de los vecinos de esta villa, por lo mismo, nos comprometemos a seguir trabajando con ello y poder potenciar otras iniciativas que nos han solicitado, espec\u00edficamente en el tema de seguridad ciudadana y \u00e1reas verdes. La idea es poder apoyarlos en la postulaci\u00f3n a otros fondos del gobierno\u00bb.<\/p>\n<p>En tanto, el Alcalde Claudio Zurita, quien estuvo acompa\u00f1ad de los concejales Eloy Ibacache y Jos\u00e9 Grbich, solicit\u00f3 formalmente el apoyo para esta comunidad, que por su condici\u00f3n de formaci\u00f3n y legalizaci\u00f3n de los espacios comunes requiere de un tratamiento especial. \u00abPara hacer la postulaci\u00f3n a otros proyectos, se requiere estudiar la situaci\u00f3n de esta villa, pues al momento de formarse, cada uno de los vecinos que la componen tienen una cuota de tutorial, por lo mismo, la Gobernadora Boffa comprometi\u00f3 hacer gestiones con la Seremi de Bienes Nacionales, para lograr una soluci\u00f3n a este problema\u00bb.<\/p>\n<p>El Fondo Social Presidente de la Rep\u00fablica que administra la Subsecretar\u00eda del Interior, pone a disposici\u00f3n de las entidades p\u00fablicas y privadas financiamiento de proyectos de car\u00e1cter social que contribuyan a apoyar y complementar las pol\u00edticas de inversi\u00f3n social del gobierno.<\/p>\n<p>&nbsp;<\/p>\n","protected":false},"excerpt":{"rendered":"<p>Un Fondo Presidente de la Rep\u00fablica, por la suma de $533.120 pesos, a la Junta de Vecinos Roberto Huerta de la comuna de Santa Mar\u00eda, hizo entrega la Gobernadora Patricia Boffa junto&#8230;<\/p>\n","protected":false},"author":482,"featured_media":40451,"comment_status":"open","ping_status":"closed","sticky":false,"template":"","format":"standard","meta":{"advanced_seo_description":"","jetpack_seo_html_title":"","jetpack_seo_noindex":false,"_jetpack_memberships_contains_paid_content":false,"footnotes":""},"categories":[1],"tags":[],"class_list":["post-40450","post","type-post","status-publish","format-standard","has-post-thumbnail","hentry","category-cronica"],"jetpack_featured_media_url":"https:\/\/i0.wp.com\/eltrabajo.cl\/portal\/wp-content\/uploads\/2013\/12\/Autoridades1.jpg?fit=528%2C370&ssl=1","jetpack_sharing_enabled":true,"jetpack_likes_enabled":true,"jetpack-related-posts":[],"_links":{"self":[{"href":"https:\/\/eltrabajo.cl\/portal\/wp-json\/wp\/v2\/posts\/40450","targetHints":{"allow":["GET"]}}],"collection":[{"href":"https:\/\/eltrabajo.cl\/portal\/wp-json\/wp\/v2\/posts"}],"about":[{"href":"https:\/\/eltrabajo.cl\/portal\/wp-json\/wp\/v2\/types\/post"}],"author":[{"embeddable":true,"href":"https:\/\/eltrabajo.cl\/portal\/wp-json\/wp\/v2\/users\/482"}],"replies":[{"embeddable":true,"href":"https:\/\/eltrabajo.cl\/portal\/wp-json\/wp\/v2\/comments?post=40450"}],"version-history":[{"count":0,"href":"https:\/\/eltrabajo.cl\/portal\/wp-json\/wp\/v2\/posts\/40450\/revisions"}],"wp:featuredmedia":[{"embeddable":true,"href":"https:\/\/eltrabajo.cl\/portal\/wp-json\/wp\/v2\/media\/40451"}],"wp:attachment":[{"href":"https:\/\/eltrabajo.cl\/portal\/wp-json\/wp\/v2\/media?parent=40450"}],"wp:term":[{"taxonomy":"category","embeddable":true,"href":"https:\/\/eltrabajo.cl\/portal\/wp-json\/wp\/v2\/categories?post=40450"},{"taxonomy":"post_tag","embeddable":true,"href":"https:\/\/eltrabajo.cl\/portal\/wp-json\/wp\/v2\/tags?post=40450"}],"curies":[{"name":"wp","href":"https:\/\/api.w.org\/{rel}","templated":true}]}}