{"id":40485,"date":"2013-12-10T15:40:43","date_gmt":"2013-12-10T18:40:43","guid":{"rendered":"http:\/\/www.eltrabajo.cl\/portal\/?p=40485"},"modified":"2013-12-10T15:40:43","modified_gmt":"2013-12-10T18:40:43","slug":"la-u-13-de-putaendo-hace-historia-al-llegar-a-la-final-del-campeonato-regional","status":"publish","type":"post","link":"https:\/\/eltrabajo.cl\/portal\/la-u-13-de-putaendo-hace-historia-al-llegar-a-la-final-del-campeonato-regional\/","title":{"rendered":"La U 13 de Putaendo hace historia al llegar a la final del campeonato regional"},"content":{"rendered":"<figure id=\"attachment_40486\" aria-describedby=\"caption-attachment-40486\" style=\"width: 529px\" class=\"wp-caption alignnone\"><a href=\"https:\/\/i0.wp.com\/www.eltrabajo.cl\/portal\/wp-content\/uploads\/2013\/12\/Campeones1.jpg\"><img data-recalc-dims=\"1\" loading=\"lazy\" decoding=\"async\" class=\"size-full wp-image-40486\" title=\"A LA FINAL.- La Selecci\u00f3n Sub13 de Putaendo, en una dram\u00e1tica definici\u00f3n a penales, se instal\u00f3 en la final del campeonato regional de su categor\u00eda, la que disputar\u00e1 contra la selecci\u00f3n de San Felipe que tambi\u00e9n clasific\u00f3 a la final del certamen regional.\" alt=\"A LA FINAL.- La Selecci\u00f3n Sub13 de Putaendo, en una dram\u00e1tica definici\u00f3n a penales, se instal\u00f3 en la final del campeonato regional de su categor\u00eda, la que disputar\u00e1 contra la selecci\u00f3n de San Felipe que tambi\u00e9n clasific\u00f3 a la final del certamen regional.\" src=\"https:\/\/i0.wp.com\/www.eltrabajo.cl\/portal\/wp-content\/uploads\/2013\/12\/Campeones1.jpg?resize=529%2C269\" width=\"529\" height=\"269\" srcset=\"https:\/\/i0.wp.com\/eltrabajo.cl\/portal\/wp-content\/uploads\/2013\/12\/Campeones1.jpg?w=529&amp;ssl=1 529w, https:\/\/i0.wp.com\/eltrabajo.cl\/portal\/wp-content\/uploads\/2013\/12\/Campeones1.jpg?resize=200%2C101&amp;ssl=1 200w, https:\/\/i0.wp.com\/eltrabajo.cl\/portal\/wp-content\/uploads\/2013\/12\/Campeones1.jpg?resize=300%2C152&amp;ssl=1 300w, https:\/\/i0.wp.com\/eltrabajo.cl\/portal\/wp-content\/uploads\/2013\/12\/Campeones1.jpg?resize=150%2C76&amp;ssl=1 150w, https:\/\/i0.wp.com\/eltrabajo.cl\/portal\/wp-content\/uploads\/2013\/12\/Campeones1.jpg?resize=400%2C203&amp;ssl=1 400w\" sizes=\"auto, (max-width: 529px) 100vw, 529px\" \/><\/a><figcaption id=\"caption-attachment-40486\" class=\"wp-caption-text\">A LA FINAL.- La Selecci\u00f3n Sub13 de Putaendo, en una dram\u00e1tica definici\u00f3n a penales, se instal\u00f3 en la final del campeonato regional de su categor\u00eda, la que disputar\u00e1 contra la selecci\u00f3n de San Felipe que tambi\u00e9n clasific\u00f3 a la final del certamen regional.<\/figcaption><\/figure>\n<p><strong>PUTAENDO.<\/strong>&#8211; La Selecci\u00f3n Sub13 de Putaendo, en una dram\u00e1tica definici\u00f3n a penales, se instal\u00f3 en la final del campeonato regional de su categor\u00eda, la que disputar\u00e1 contra la selecci\u00f3n de San Felipe que tambi\u00e9n clasific\u00f3 a la final del certamen regional luego de vencer por penales a la selecci\u00f3n de Valpara\u00edso.<\/p>\n<p>El partido de la selecci\u00f3n de Putaendo fue jugado en el sector Belloto Sur, en una cancha de maicillo, francamente inaceptable para jugar al f\u00fatbol, pero claramente el seleccionado de Quilpu\u00e9, acostumbrado a este tipo de canchas, fue el claro dominador en los primeros 30 minutos, cre\u00e1ndose varias ocasiones de gol y marcando la primera anotaci\u00f3n en el minuto 25 luego que la defensa de Putaendo no despejara el bal\u00f3n que finalmente uno de los jugadores de Quilpu\u00e9 mand\u00f3 al fondo de las redes.<\/p>\n<p>En el segundo tiempo, la selecci\u00f3n de Quilpu\u00e9 continu\u00f3 dominando el encuentro y la selecci\u00f3n de Putaendo no encontraba su f\u00fatbol y s\u00f3lo en un par de ocasiones se acercaron al arco rival, hasta que un tiro de larga distancia de un jugador del equipo de Quilpu\u00e9 sorprendi\u00f3 al arquero de Putaendo con un bote, marcando el 2-0 a favor de Quilpu\u00e9, marcador con el que finaliz\u00f3 el partido ante la alegr\u00eda de la parcialidad local. En una de las galer\u00edas, cerca de 50 hinchas de Putaendo, en su mayor\u00eda padres y familiares de los muchachos, se mostraban confiados al momento de ir a la tanda de lanzamientos penales y nunca dejaron de alentar a la selecci\u00f3n de Putaendo.<\/p>\n<p>En la tanda de penales comenz\u00f3 el seleccionado de Putaendo y el jugador Axel Olivares convirti\u00f3 el primer gol para la selecci\u00f3n de Putaendo, mientras que el primer lanzamiento penal de Quilpu\u00e9 golpe\u00f3 en uno de los postes del arco.<\/p>\n<p>Franco Iturrieta no fall\u00f3 desde los 12 pasos y anot\u00f3 el 2-0 a favor de Putaendo y luego el equipo de Quilpu\u00e9 convirti\u00f3 dejando el marcador 2-1. El peque\u00f1o Juan \u2018Nach\u00edn\u2019 Urbina marc\u00f3 el 3-1 para Putaendo desde los doce pasos y posteriormente otro seleccionado de Quilpu\u00e9 tambi\u00e9n err\u00f3 el lanzamiento penal.<\/p>\n<p>La responsabilidad recay\u00f3 en Elian Silva, quien con mucha personalidad y con una zurda impecable marc\u00f3 el 4-1 a favor de Putaendo, desatando la alegr\u00eda de los jugadores y de la parcialidad, pues con este resultado Putaendo pasa a la final del campeonato regional.<\/p>\n<p>Diego Sep\u00falveda, entrenador de la U13 de Putaendo, se\u00f1al\u00f3 que ten\u00eda claridad que el partido ser\u00eda dif\u00edcil, sobre todo por el tipo de cancha, pero que nunca dud\u00f3 que al llegar a la tanda de lanzamientos penales clasificar\u00edan, pues es la tercera vez que ganan un partido mediante lanzamientos penales, adem\u00e1s dijo que este es un premio al sacrificio y al trabajo de estos ni\u00f1os y de sus padres y lament\u00f3 no tener el apoyo suficiente de la comunidad que no acompa\u00f1\u00f3 a la U13 como corresponde en este proceso, donde merecidamente se instalan en la final y asegur\u00f3 que por f\u00fatbol, garra y convicci\u00f3n, Putaendo ser\u00e1 el pr\u00f3ximo Campe\u00f3n Regional en la categor\u00eda U13.<\/p>\n<p>De regreso a nuestra comuna, el bus de la selecci\u00f3n se transform\u00f3 en un verdadero patio de juego para ni\u00f1os donde estos tremendos jugadores dieron rienda suelta a la celebraci\u00f3n, a los c\u00e1nticos y abrazos y hoy sue\u00f1an merecidamente con el t\u00edtulo de campeones de la Quinta Regi\u00f3n en partido que eventualmente se jugar\u00eda el pr\u00f3ximo s\u00e1bado en una cancha neutral a\u00fan por definir.<\/p>\n<p>Patricio Gallardo M.<\/p>\n<p>&nbsp;<\/p>\n","protected":false},"excerpt":{"rendered":"<p>PUTAENDO.&#8211; La Selecci\u00f3n Sub13 de Putaendo, en una dram\u00e1tica definici\u00f3n a penales, se instal\u00f3 en la final del campeonato regional de su categor\u00eda, la que disputar\u00e1 contra la selecci\u00f3n de San Felipe&#8230;<\/p>\n","protected":false},"author":482,"featured_media":40486,"comment_status":"open","ping_status":"closed","sticky":false,"template":"","format":"standard","meta":{"advanced_seo_description":"","jetpack_seo_html_title":"","jetpack_seo_noindex":false,"_jetpack_memberships_contains_paid_content":false,"footnotes":""},"categories":[15],"tags":[],"class_list":["post-40485","post","type-post","status-publish","format-standard","has-post-thumbnail","hentry","category-comunidad"],"jetpack_featured_media_url":"https:\/\/i0.wp.com\/eltrabajo.cl\/portal\/wp-content\/uploads\/2013\/12\/Campeones1.jpg?fit=529%2C269&ssl=1","jetpack_sharing_enabled":true,"jetpack_likes_enabled":true,"jetpack-related-posts":[],"_links":{"self":[{"href":"https:\/\/eltrabajo.cl\/portal\/wp-json\/wp\/v2\/posts\/40485","targetHints":{"allow":["GET"]}}],"collection":[{"href":"https:\/\/eltrabajo.cl\/portal\/wp-json\/wp\/v2\/posts"}],"about":[{"href":"https:\/\/eltrabajo.cl\/portal\/wp-json\/wp\/v2\/types\/post"}],"author":[{"embeddable":true,"href":"https:\/\/eltrabajo.cl\/portal\/wp-json\/wp\/v2\/users\/482"}],"replies":[{"embeddable":true,"href":"https:\/\/eltrabajo.cl\/portal\/wp-json\/wp\/v2\/comments?post=40485"}],"version-history":[{"count":0,"href":"https:\/\/eltrabajo.cl\/portal\/wp-json\/wp\/v2\/posts\/40485\/revisions"}],"wp:featuredmedia":[{"embeddable":true,"href":"https:\/\/eltrabajo.cl\/portal\/wp-json\/wp\/v2\/media\/40486"}],"wp:attachment":[{"href":"https:\/\/eltrabajo.cl\/portal\/wp-json\/wp\/v2\/media?parent=40485"}],"wp:term":[{"taxonomy":"category","embeddable":true,"href":"https:\/\/eltrabajo.cl\/portal\/wp-json\/wp\/v2\/categories?post=40485"},{"taxonomy":"post_tag","embeddable":true,"href":"https:\/\/eltrabajo.cl\/portal\/wp-json\/wp\/v2\/tags?post=40485"}],"curies":[{"name":"wp","href":"https:\/\/api.w.org\/{rel}","templated":true}]}}