{"id":40488,"date":"2013-12-10T15:45:38","date_gmt":"2013-12-10T18:45:38","guid":{"rendered":"http:\/\/www.eltrabajo.cl\/portal\/?p=40488"},"modified":"2013-12-10T16:08:08","modified_gmt":"2013-12-10T19:08:08","slug":"escritora-virginia-martinez-y-diario-el-trabajo-realizan-donacion-con-mira-y-aprende-pequenos-de-el-asiento-mejoraran-su-ortografia","status":"publish","type":"post","link":"https:\/\/eltrabajo.cl\/portal\/escritora-virginia-martinez-y-diario-el-trabajo-realizan-donacion-con-mira-y-aprende-pequenos-de-el-asiento-mejoraran-su-ortografia\/","title":{"rendered":"Con \u2018Mira y Aprende\u2019 peque\u00f1os de El Asiento mejorar\u00e1n su ortograf\u00eda"},"content":{"rendered":"<figure id=\"attachment_40489\" aria-describedby=\"caption-attachment-40489\" style=\"width: 529px\" class=\"wp-caption alignnone\"><a href=\"https:\/\/i0.wp.com\/www.eltrabajo.cl\/portal\/wp-content\/uploads\/2013\/12\/Entrega1.jpg\"><img data-recalc-dims=\"1\" loading=\"lazy\" decoding=\"async\" class=\"size-full wp-image-40489\" title=\"LA ENTREGA.- La escritora y profesores de la Escuela Jos\u00e9 Bernardo Su\u00e1rez, muestran a Diario El Trabajo parte del paquete de material did\u00e1ctico ya en poder de los docentes.\" alt=\"LA ENTREGA.- La escritora y profesores de la Escuela Jos\u00e9 Bernardo Su\u00e1rez, muestran a Diario El Trabajo parte del paquete de material did\u00e1ctico ya en poder de los docentes.\" src=\"https:\/\/i0.wp.com\/www.eltrabajo.cl\/portal\/wp-content\/uploads\/2013\/12\/Entrega1.jpg?resize=529%2C200\" width=\"529\" height=\"200\" srcset=\"https:\/\/i0.wp.com\/eltrabajo.cl\/portal\/wp-content\/uploads\/2013\/12\/Entrega1.jpg?w=529&amp;ssl=1 529w, https:\/\/i0.wp.com\/eltrabajo.cl\/portal\/wp-content\/uploads\/2013\/12\/Entrega1.jpg?resize=200%2C75&amp;ssl=1 200w, https:\/\/i0.wp.com\/eltrabajo.cl\/portal\/wp-content\/uploads\/2013\/12\/Entrega1.jpg?resize=300%2C113&amp;ssl=1 300w, https:\/\/i0.wp.com\/eltrabajo.cl\/portal\/wp-content\/uploads\/2013\/12\/Entrega1.jpg?resize=150%2C56&amp;ssl=1 150w, https:\/\/i0.wp.com\/eltrabajo.cl\/portal\/wp-content\/uploads\/2013\/12\/Entrega1.jpg?resize=400%2C151&amp;ssl=1 400w\" sizes=\"auto, (max-width: 529px) 100vw, 529px\" \/><\/a><figcaption id=\"caption-attachment-40489\" class=\"wp-caption-text\">LA ENTREGA.- La escritora y profesores de la Escuela Jos\u00e9 Bernardo Su\u00e1rez, muestran a Diario El Trabajo parte del paquete de material did\u00e1ctico ya en poder de los docentes.<\/figcaption><\/figure>\n<p>\u2018Mira y Escribe\u2019, el sistema pedag\u00f3gico que ya est\u00e1 revolucionando la manera en que nuestros ni\u00f1os pueden aprender y mejorar su ortograf\u00eda en muchas escuelas de educaci\u00f3n B\u00e1sica de Chile, es el nombre de la colecci\u00f3n de libros que la psicopedagoga y escritora Virginia Mart\u00ednez hizo llegar, en coordinaci\u00f3n con Diario El Trabajo, a 24 estudiantes de la Escuela Jos\u00e9 Bernardo Su\u00e1rez de El Asiento.<\/p>\n<figure id=\"attachment_40490\" aria-describedby=\"caption-attachment-40490\" style=\"width: 423px\" class=\"wp-caption alignright\"><a href=\"https:\/\/i0.wp.com\/www.eltrabajo.cl\/portal\/wp-content\/uploads\/2013\/12\/Asiento1.jpg\"><img data-recalc-dims=\"1\" loading=\"lazy\" decoding=\"async\" class=\" wp-image-40490 \" title=\"FELICES.- Los peque\u00f1itos de la escuela de El Asiento posaron junto a su benefactora para las c\u00e1maras de Diario El Trabajo.\" alt=\"FELICES.- Los peque\u00f1itos de la escuela de El Asiento posaron junto a su benefactora para las c\u00e1maras de Diario El Trabajo.\" src=\"https:\/\/i0.wp.com\/www.eltrabajo.cl\/portal\/wp-content\/uploads\/2013\/12\/Asiento1.jpg?resize=423%2C299\" width=\"423\" height=\"299\" srcset=\"https:\/\/i0.wp.com\/eltrabajo.cl\/portal\/wp-content\/uploads\/2013\/12\/Asiento1.jpg?w=529&amp;ssl=1 529w, https:\/\/i0.wp.com\/eltrabajo.cl\/portal\/wp-content\/uploads\/2013\/12\/Asiento1.jpg?resize=200%2C141&amp;ssl=1 200w, https:\/\/i0.wp.com\/eltrabajo.cl\/portal\/wp-content\/uploads\/2013\/12\/Asiento1.jpg?resize=300%2C212&amp;ssl=1 300w, https:\/\/i0.wp.com\/eltrabajo.cl\/portal\/wp-content\/uploads\/2013\/12\/Asiento1.jpg?resize=150%2C106&amp;ssl=1 150w, https:\/\/i0.wp.com\/eltrabajo.cl\/portal\/wp-content\/uploads\/2013\/12\/Asiento1.jpg?resize=400%2C282&amp;ssl=1 400w\" sizes=\"auto, (max-width: 423px) 100vw, 423px\" \/><\/a><figcaption id=\"caption-attachment-40490\" class=\"wp-caption-text\">FELICES.- Los peque\u00f1itos de la escuela de El Asiento posaron junto a su benefactora para las c\u00e1maras de Diario El Trabajo.<\/figcaption><\/figure>\n<p>Se trata de un novedoso programa dise\u00f1ado especialmente para ayudar al alumno a que logre aprender c\u00f3mo se escriben las palabras que regularmente, a\u00fan ya en nuestra edad adulta, escribimos mal.<\/p>\n<figure id=\"attachment_40491\" aria-describedby=\"caption-attachment-40491\" style=\"width: 423px\" class=\"wp-caption alignleft\"><a href=\"https:\/\/i0.wp.com\/www.eltrabajo.cl\/portal\/wp-content\/uploads\/2013\/12\/Radiolibros.jpg\"><img data-recalc-dims=\"1\" loading=\"lazy\" decoding=\"async\" class=\" wp-image-40491 \" title=\"MICR\u00d3FONO ABIERTO.- Virginia Mart\u00ednez comparti\u00f3 micr\u00f3fonos en Radio 10 en compa\u00f1\u00eda del Director de Diario El Trabajo, Marco Antonio Juri, y Pedro Mu\u00f1oz, colaborador de la radio m\u00e1s importante del Valle de Aconcagua.\" alt=\"MICR\u00d3FONO ABIERTO.- Virginia Mart\u00ednez comparti\u00f3 micr\u00f3fonos en Radio 10 en compa\u00f1\u00eda del Director de Diario El Trabajo, Marco Antonio Juri, y Pedro Mu\u00f1oz, colaborador de la radio m\u00e1s importante del Valle de Aconcagua.\" src=\"https:\/\/i0.wp.com\/www.eltrabajo.cl\/portal\/wp-content\/uploads\/2013\/12\/Radiolibros.jpg?resize=423%2C310\" width=\"423\" height=\"310\" srcset=\"https:\/\/i0.wp.com\/eltrabajo.cl\/portal\/wp-content\/uploads\/2013\/12\/Radiolibros.jpg?w=529&amp;ssl=1 529w, https:\/\/i0.wp.com\/eltrabajo.cl\/portal\/wp-content\/uploads\/2013\/12\/Radiolibros.jpg?resize=200%2C146&amp;ssl=1 200w, https:\/\/i0.wp.com\/eltrabajo.cl\/portal\/wp-content\/uploads\/2013\/12\/Radiolibros.jpg?resize=300%2C220&amp;ssl=1 300w, https:\/\/i0.wp.com\/eltrabajo.cl\/portal\/wp-content\/uploads\/2013\/12\/Radiolibros.jpg?resize=150%2C110&amp;ssl=1 150w, https:\/\/i0.wp.com\/eltrabajo.cl\/portal\/wp-content\/uploads\/2013\/12\/Radiolibros.jpg?resize=400%2C293&amp;ssl=1 400w\" sizes=\"auto, (max-width: 423px) 100vw, 423px\" \/><\/a><figcaption id=\"caption-attachment-40491\" class=\"wp-caption-text\">MICR\u00d3FONO ABIERTO.- Virginia Mart\u00ednez comparti\u00f3 micr\u00f3fonos en Radio 10 en compa\u00f1\u00eda del Director de Diario El Trabajo, Marco Antonio Juri, y Pedro Mu\u00f1oz, colaborador de la radio m\u00e1s importante del Valle de Aconcagua.<\/figcaption><\/figure>\n<p>\u201cUn ejemplo de lo anterior es la palabra \u2018Chirimoya\u2019, misma que normalmente los estudiantes ponen \u2018Chirimolla\u2019, por decir alguna, la idea de mi programa es que a cada palabra se le agrega una imagen relacionada con el concepto de la misma, de manera que al peque\u00f1ito se le hace muy f\u00e1cil recordar la escritura correcta\u00bb, coment\u00f3 a Diario El Trabajo Virginia Mart\u00ednez, luego que presentara sus libros en Radio 10 y viajara hasta El Asiento para donar el paquete de material did\u00e1ctico, mismo que ser\u00eda implementado en 2014 en los cursos de 1\u00ba B\u00e1sico.<\/p>\n<p>&nbsp;<\/p>\n<p><strong>PROFES ALEGRES<\/strong><\/p>\n<p>\u00ab\u2018Mira y Escribe\u2019 es una colecci\u00f3n de libros en dos tractos para cada curso hasta 4\u00ba de B\u00e1sica, contiene figuritas adhesivas que deber\u00e1n pegarse en alguna parte de la palabra en estudio, estos libros fueron rebajados de precio para 2014, ya que se pens\u00f3 en hacerlos en Blanco y Negro, as\u00ed podr\u00eda ser m\u00e1s accesibles a las familias\u00bb, continu\u00f3 Mart\u00ednez.<\/p>\n<figure id=\"attachment_40495\" aria-describedby=\"caption-attachment-40495\" style=\"width: 190px\" class=\"wp-caption alignright\"><a href=\"https:\/\/i0.wp.com\/www.eltrabajo.cl\/portal\/wp-content\/uploads\/2013\/12\/Sandra-Lucero.jpg\"><img data-recalc-dims=\"1\" loading=\"lazy\" decoding=\"async\" class=\" wp-image-40495  \" title=\"Sandra Lucero, Directora de la Escuela Jos\u00e9 Bernardo Su\u00e1rez.\" alt=\"Sandra Lucero, Directora de la Escuela Jos\u00e9 Bernardo Su\u00e1rez.\" src=\"https:\/\/i0.wp.com\/www.eltrabajo.cl\/portal\/wp-content\/uploads\/2013\/12\/Sandra-Lucero.jpg?resize=190%2C187\" width=\"190\" height=\"187\" srcset=\"https:\/\/i0.wp.com\/eltrabajo.cl\/portal\/wp-content\/uploads\/2013\/12\/Sandra-Lucero.jpg?w=529&amp;ssl=1 529w, https:\/\/i0.wp.com\/eltrabajo.cl\/portal\/wp-content\/uploads\/2013\/12\/Sandra-Lucero.jpg?resize=153%2C150&amp;ssl=1 153w, https:\/\/i0.wp.com\/eltrabajo.cl\/portal\/wp-content\/uploads\/2013\/12\/Sandra-Lucero.jpg?resize=300%2C293&amp;ssl=1 300w, https:\/\/i0.wp.com\/eltrabajo.cl\/portal\/wp-content\/uploads\/2013\/12\/Sandra-Lucero.jpg?resize=400%2C391&amp;ssl=1 400w\" sizes=\"auto, (max-width: 190px) 100vw, 190px\" \/><\/a><figcaption id=\"caption-attachment-40495\" class=\"wp-caption-text\">Sandra Lucero, Directora de la Escuela Jos\u00e9 Bernardo Su\u00e1rez.<\/figcaption><\/figure>\n<figure id=\"attachment_40493\" aria-describedby=\"caption-attachment-40493\" style=\"width: 190px\" class=\"wp-caption alignleft\"><a href=\"https:\/\/i0.wp.com\/www.eltrabajo.cl\/portal\/wp-content\/uploads\/2013\/12\/Virginia-Martinez.jpg\"><img data-recalc-dims=\"1\" loading=\"lazy\" decoding=\"async\" class=\" wp-image-40493  \" title=\"Virginia Mart\u00ednez Garc\u00eda, psicopedagoga y escritora, creadora de \u2018Mira y Escribe\u2019.\" alt=\"Virginia Mart\u00ednez Garc\u00eda, psicopedagoga y escritora, creadora de \u2018Mira y Escribe\u2019.\" src=\"https:\/\/i0.wp.com\/www.eltrabajo.cl\/portal\/wp-content\/uploads\/2013\/12\/Virginia-Martinez.jpg?resize=190%2C189\" width=\"190\" height=\"189\" srcset=\"https:\/\/i0.wp.com\/eltrabajo.cl\/portal\/wp-content\/uploads\/2013\/12\/Virginia-Martinez.jpg?w=529&amp;ssl=1 529w, https:\/\/i0.wp.com\/eltrabajo.cl\/portal\/wp-content\/uploads\/2013\/12\/Virginia-Martinez.jpg?resize=151%2C150&amp;ssl=1 151w, https:\/\/i0.wp.com\/eltrabajo.cl\/portal\/wp-content\/uploads\/2013\/12\/Virginia-Martinez.jpg?resize=300%2C297&amp;ssl=1 300w, https:\/\/i0.wp.com\/eltrabajo.cl\/portal\/wp-content\/uploads\/2013\/12\/Virginia-Martinez.jpg?resize=150%2C148&amp;ssl=1 150w, https:\/\/i0.wp.com\/eltrabajo.cl\/portal\/wp-content\/uploads\/2013\/12\/Virginia-Martinez.jpg?resize=400%2C396&amp;ssl=1 400w\" sizes=\"auto, (max-width: 190px) 100vw, 190px\" \/><\/a><figcaption id=\"caption-attachment-40493\" class=\"wp-caption-text\">Virginia Mart\u00ednez Garc\u00eda, psicopedagoga y escritora, creadora de \u2018Mira y Escribe\u2019.<\/figcaption><\/figure>\n<p>A su llegada a la escuelita de El Asiento, los peques del establecimiento se arremolinaron para recibirla y hasta realizaron varios bailes, la Profesora Mart\u00ednez tambi\u00e9n sostuvo una capacitaci\u00f3n con los profesores, quienes tambi\u00e9n se mostraron muy interesados en el sistema que se puede desarrollar con estos libros.<\/p>\n<p>\u00abMis profesores est\u00e1n muy atentos a lo que podamos aprovechar de este material, es genial que los libros vengan con calcoman\u00edas, pues esa clase de recursos son los que a los ni\u00f1os les encanta, de seguro que tendremos una gran mejor\u00eda en la Simce 2014\u00bb, coment\u00f3 a Diario El Trabajo Sandra Lucero, Directora de la Jos\u00e9 Bernardo Su\u00e1rez. La entrega de este material se logr\u00f3 gracias a que Diario El Trabajo coordin\u00f3 con la autora el mejor destino que ella quer\u00eda darle a su donativo especial. Los apoderados o educadores interesados en conocer m\u00e1s sobre \u2018Mira y Escribe\u2019, pueden llamar al Fono: 7958 3255 \u00f3 visita: www.mirayescribe.cl.<\/p>\n<p>Roberto Gonz\u00e1lez Short<\/p>\n<p>rgonzalez@eltrabajo.cl<\/p>\n<p>&nbsp;<\/p>\n","protected":false},"excerpt":{"rendered":"<p>\u2018Mira y Escribe\u2019, el sistema pedag\u00f3gico que ya est\u00e1 revolucionando la manera en que nuestros ni\u00f1os pueden aprender y mejorar su ortograf\u00eda en muchas escuelas de educaci\u00f3n B\u00e1sica de Chile, es el&#8230;<\/p>\n","protected":false},"author":482,"featured_media":40489,"comment_status":"open","ping_status":"closed","sticky":false,"template":"","format":"standard","meta":{"advanced_seo_description":"","jetpack_seo_html_title":"","jetpack_seo_noindex":false,"_jetpack_memberships_contains_paid_content":false,"footnotes":""},"categories":[15],"tags":[],"class_list":["post-40488","post","type-post","status-publish","format-standard","has-post-thumbnail","hentry","category-comunidad"],"jetpack_featured_media_url":"https:\/\/i0.wp.com\/eltrabajo.cl\/portal\/wp-content\/uploads\/2013\/12\/Entrega1.jpg?fit=529%2C200&ssl=1","jetpack_sharing_enabled":true,"jetpack_likes_enabled":true,"jetpack-related-posts":[],"_links":{"self":[{"href":"https:\/\/eltrabajo.cl\/portal\/wp-json\/wp\/v2\/posts\/40488","targetHints":{"allow":["GET"]}}],"collection":[{"href":"https:\/\/eltrabajo.cl\/portal\/wp-json\/wp\/v2\/posts"}],"about":[{"href":"https:\/\/eltrabajo.cl\/portal\/wp-json\/wp\/v2\/types\/post"}],"author":[{"embeddable":true,"href":"https:\/\/eltrabajo.cl\/portal\/wp-json\/wp\/v2\/users\/482"}],"replies":[{"embeddable":true,"href":"https:\/\/eltrabajo.cl\/portal\/wp-json\/wp\/v2\/comments?post=40488"}],"version-history":[{"count":0,"href":"https:\/\/eltrabajo.cl\/portal\/wp-json\/wp\/v2\/posts\/40488\/revisions"}],"wp:featuredmedia":[{"embeddable":true,"href":"https:\/\/eltrabajo.cl\/portal\/wp-json\/wp\/v2\/media\/40489"}],"wp:attachment":[{"href":"https:\/\/eltrabajo.cl\/portal\/wp-json\/wp\/v2\/media?parent=40488"}],"wp:term":[{"taxonomy":"category","embeddable":true,"href":"https:\/\/eltrabajo.cl\/portal\/wp-json\/wp\/v2\/categories?post=40488"},{"taxonomy":"post_tag","embeddable":true,"href":"https:\/\/eltrabajo.cl\/portal\/wp-json\/wp\/v2\/tags?post=40488"}],"curies":[{"name":"wp","href":"https:\/\/api.w.org\/{rel}","templated":true}]}}