{"id":40498,"date":"2013-12-10T15:46:40","date_gmt":"2013-12-10T18:46:40","guid":{"rendered":"http:\/\/www.eltrabajo.cl\/portal\/?p=40498"},"modified":"2013-12-10T15:46:40","modified_gmt":"2013-12-10T18:46:40","slug":"serrania-campo-la-quebrada-arrendo-terrenos-para-pista-de-motocross","status":"publish","type":"post","link":"https:\/\/eltrabajo.cl\/portal\/serrania-campo-la-quebrada-arrendo-terrenos-para-pista-de-motocross\/","title":{"rendered":"Serran\u00eda Campo La Quebrada arrend\u00f3 terrenos para pista de motocross"},"content":{"rendered":"<figure id=\"attachment_40499\" aria-describedby=\"caption-attachment-40499\" style=\"width: 529px\" class=\"wp-caption alignnone\"><a href=\"https:\/\/i0.wp.com\/www.eltrabajo.cl\/portal\/wp-content\/uploads\/2013\/12\/serrania-la-quebrada-1.jpg\"><img data-recalc-dims=\"1\" loading=\"lazy\" decoding=\"async\" class=\"size-full wp-image-40499\" title=\"El terreno arrendado en la serran\u00eda se ocupar\u00e1 en una cancha de motocross.\" alt=\"El terreno arrendado en la serran\u00eda se ocupar\u00e1 en una cancha de motocross.\" src=\"https:\/\/i0.wp.com\/www.eltrabajo.cl\/portal\/wp-content\/uploads\/2013\/12\/serrania-la-quebrada-1.jpg?resize=529%2C353\" width=\"529\" height=\"353\" srcset=\"https:\/\/i0.wp.com\/eltrabajo.cl\/portal\/wp-content\/uploads\/2013\/12\/serrania-la-quebrada-1.jpg?w=529&amp;ssl=1 529w, https:\/\/i0.wp.com\/eltrabajo.cl\/portal\/wp-content\/uploads\/2013\/12\/serrania-la-quebrada-1.jpg?resize=200%2C133&amp;ssl=1 200w, https:\/\/i0.wp.com\/eltrabajo.cl\/portal\/wp-content\/uploads\/2013\/12\/serrania-la-quebrada-1.jpg?resize=300%2C200&amp;ssl=1 300w, https:\/\/i0.wp.com\/eltrabajo.cl\/portal\/wp-content\/uploads\/2013\/12\/serrania-la-quebrada-1.jpg?resize=150%2C100&amp;ssl=1 150w, https:\/\/i0.wp.com\/eltrabajo.cl\/portal\/wp-content\/uploads\/2013\/12\/serrania-la-quebrada-1.jpg?resize=400%2C266&amp;ssl=1 400w\" sizes=\"auto, (max-width: 529px) 100vw, 529px\" \/><\/a><figcaption id=\"caption-attachment-40499\" class=\"wp-caption-text\">El terreno arrendado en la serran\u00eda se ocupar\u00e1 en una cancha de motocross.<\/figcaption><\/figure>\n<p><strong>PUTAENDO<\/strong>.- La Serran\u00eda Campo La Quebrada San Antonio de Putaendo, a trav\u00e9s de su presidente Fabi\u00e1n Mu\u00f1oz, confirm\u00f3 que fueron arrendados terrenos a un empresario que construir\u00e1 la primera pista de motocross del Valle del Aconcagua.<\/p>\n<p>Ante algunas consultas de vecinos que indicaron que en los \u00faltimos d\u00edas maquinaria pesada se encontraba trabajando en el sector El Rungue, espec\u00edficamente en el sector conocido como el antiguo basural donde estar\u00edan siendo arrancados espinos y algarrobos, el dirigente nos invit\u00f3 a ese sector para explicarnos y mostrarnos los trabajos que ah\u00ed se desarrollan.<\/p>\n<p>Fabi\u00e1n Mu\u00f1oz dijo que efectivamente la serran\u00eda puso en arriendo una importante cantidad de terrenos en ese sector al empresario Patricio Ibaceta, quien construir\u00e1 en ese lugar la primera pista de motocross del Valle de Aconcagua, para lo cual efectivamente maquinaria pesada ha trabajado en el lugar haciendo caminos y solo sacando arbustos menores, pero en ning\u00fan caso cortaron espinos o algarrobos, ya que eso fue detenidamente conversado y lo que s\u00ed se ha hecho es podar o rebajar algarrobos y espinos.<\/p>\n<p>El dirigente se\u00f1al\u00f3 que la Serran\u00eda Campo La Quebrada San Antonio de Putaendo, decidi\u00f3 cerrar con un port\u00f3n el acceso al sector El Rungue debido al grave da\u00f1o que las motos todo terreno causan al cerro, lo que adem\u00e1s se suma a los continuos reclamos de los propietarios de cabras, cuyo ganado era atropellado por los motoristas que a mucha velocidad y sin autorizaci\u00f3n se internaban en los cerros. Adem\u00e1s indic\u00f3 que ese antecedentes fue muy considerado al momento de arrendar estos terrenos, pues permitir\u00e1 que las personas que disfrutan de las motos, puedan practicar su deporte en una pista que cumplir\u00e1 con todas las normativas que se exigen para ese tipo de competencias.<\/p>\n<p>El presidente de la serran\u00eda agreg\u00f3 que el empresario que construye la pista de motocross tiene como primera intenci\u00f3n potenciar el turismo en el lugar de una manera responsable con la naturaleza y que ah\u00ed se desarrollar\u00e1n importantes competencias a nivel regional y nacional, pero reiter\u00f3 que por sobre este arriendo, la serran\u00eda resguarda la vegetaci\u00f3n existente en el lugar y de sobremanera los espinos, algarrobos y otras especies existentes.<\/p>\n<p>Patricio Gallardo M.<\/p>\n<p>&nbsp;<\/p>\n","protected":false},"excerpt":{"rendered":"<p>PUTAENDO.- La Serran\u00eda Campo La Quebrada San Antonio de Putaendo, a trav\u00e9s de su presidente Fabi\u00e1n Mu\u00f1oz, confirm\u00f3 que fueron arrendados terrenos a un empresario que construir\u00e1 la primera pista de motocross&#8230;<\/p>\n","protected":false},"author":482,"featured_media":40499,"comment_status":"open","ping_status":"closed","sticky":false,"template":"","format":"standard","meta":{"advanced_seo_description":"","jetpack_seo_html_title":"","jetpack_seo_noindex":false,"_jetpack_memberships_contains_paid_content":false,"footnotes":""},"categories":[1],"tags":[],"class_list":["post-40498","post","type-post","status-publish","format-standard","has-post-thumbnail","hentry","category-cronica"],"jetpack_featured_media_url":"https:\/\/i0.wp.com\/eltrabajo.cl\/portal\/wp-content\/uploads\/2013\/12\/serrania-la-quebrada-1.jpg?fit=529%2C353&ssl=1","jetpack_sharing_enabled":true,"jetpack_likes_enabled":true,"jetpack-related-posts":[],"_links":{"self":[{"href":"https:\/\/eltrabajo.cl\/portal\/wp-json\/wp\/v2\/posts\/40498","targetHints":{"allow":["GET"]}}],"collection":[{"href":"https:\/\/eltrabajo.cl\/portal\/wp-json\/wp\/v2\/posts"}],"about":[{"href":"https:\/\/eltrabajo.cl\/portal\/wp-json\/wp\/v2\/types\/post"}],"author":[{"embeddable":true,"href":"https:\/\/eltrabajo.cl\/portal\/wp-json\/wp\/v2\/users\/482"}],"replies":[{"embeddable":true,"href":"https:\/\/eltrabajo.cl\/portal\/wp-json\/wp\/v2\/comments?post=40498"}],"version-history":[{"count":0,"href":"https:\/\/eltrabajo.cl\/portal\/wp-json\/wp\/v2\/posts\/40498\/revisions"}],"wp:featuredmedia":[{"embeddable":true,"href":"https:\/\/eltrabajo.cl\/portal\/wp-json\/wp\/v2\/media\/40499"}],"wp:attachment":[{"href":"https:\/\/eltrabajo.cl\/portal\/wp-json\/wp\/v2\/media?parent=40498"}],"wp:term":[{"taxonomy":"category","embeddable":true,"href":"https:\/\/eltrabajo.cl\/portal\/wp-json\/wp\/v2\/categories?post=40498"},{"taxonomy":"post_tag","embeddable":true,"href":"https:\/\/eltrabajo.cl\/portal\/wp-json\/wp\/v2\/tags?post=40498"}],"curies":[{"name":"wp","href":"https:\/\/api.w.org\/{rel}","templated":true}]}}