{"id":40501,"date":"2013-12-10T15:47:58","date_gmt":"2013-12-10T18:47:58","guid":{"rendered":"http:\/\/www.eltrabajo.cl\/portal\/?p=40501"},"modified":"2013-12-10T15:47:58","modified_gmt":"2013-12-10T18:47:58","slug":"este-jueves-mostraran-trabajo-realizado-durante-el-ano-en-la-expo-mujer-2013","status":"publish","type":"post","link":"https:\/\/eltrabajo.cl\/portal\/este-jueves-mostraran-trabajo-realizado-durante-el-ano-en-la-expo-mujer-2013\/","title":{"rendered":"Este jueves mostrar\u00e1n trabajo realizado durante el a\u00f1o en la Expo Mujer 2013"},"content":{"rendered":"<figure id=\"attachment_40502\" aria-describedby=\"caption-attachment-40502\" style=\"width: 528px\" class=\"wp-caption alignnone\"><a href=\"https:\/\/i0.wp.com\/www.eltrabajo.cl\/portal\/wp-content\/uploads\/2013\/12\/Expo-Mujer-2013.jpg\"><img data-recalc-dims=\"1\" loading=\"lazy\" decoding=\"async\" class=\"size-full wp-image-40502\" title=\"Desde las 9 de la ma\u00f1ana se estar\u00e1 desarrollando este jueves la Expo Mujer 2013.\" alt=\"Desde las 9 de la ma\u00f1ana se estar\u00e1 desarrollando este jueves la Expo Mujer 2013.\" src=\"https:\/\/i0.wp.com\/www.eltrabajo.cl\/portal\/wp-content\/uploads\/2013\/12\/Expo-Mujer-2013.jpg?resize=528%2C354\" width=\"528\" height=\"354\" srcset=\"https:\/\/i0.wp.com\/eltrabajo.cl\/portal\/wp-content\/uploads\/2013\/12\/Expo-Mujer-2013.jpg?w=528&amp;ssl=1 528w, https:\/\/i0.wp.com\/eltrabajo.cl\/portal\/wp-content\/uploads\/2013\/12\/Expo-Mujer-2013.jpg?resize=200%2C134&amp;ssl=1 200w, https:\/\/i0.wp.com\/eltrabajo.cl\/portal\/wp-content\/uploads\/2013\/12\/Expo-Mujer-2013.jpg?resize=300%2C201&amp;ssl=1 300w, https:\/\/i0.wp.com\/eltrabajo.cl\/portal\/wp-content\/uploads\/2013\/12\/Expo-Mujer-2013.jpg?resize=150%2C100&amp;ssl=1 150w, https:\/\/i0.wp.com\/eltrabajo.cl\/portal\/wp-content\/uploads\/2013\/12\/Expo-Mujer-2013.jpg?resize=400%2C268&amp;ssl=1 400w\" sizes=\"auto, (max-width: 528px) 100vw, 528px\" \/><\/a><figcaption id=\"caption-attachment-40502\" class=\"wp-caption-text\">Desde las 9 de la ma\u00f1ana se estar\u00e1 desarrollando este jueves la Expo Mujer 2013.<\/figcaption><\/figure>\n<p>Este jueves 12 de diciembre, desde las 9 de la ma\u00f1ana y hasta las 17 horas, se desarrollar\u00e1 la Expo Mujer 2013, una iniciativa que contempla la participaci\u00f3n de los talleres femeninos que funcionaron en la comuna y estar\u00e1n mostrando el trabajo realizado durante el a\u00f1o.<\/p>\n<p>As\u00ed lo se\u00f1al\u00f3 Silvana Vera, coordinadora de la Oficina Comunal de la Mujer, quien se\u00f1al\u00f3 que ese d\u00eda las mujeres que formaron parte de los talleres femeninos se ubicar\u00e1n en la Plaza de Armas, por el sector de Prat y mostrar\u00e1n todos los trabajos que confeccionaron durante el a\u00f1o.<\/p>\n<p>A eso se sumar\u00e1 la presencia de alrededor de 20 servicios que tienen relaci\u00f3n con la Mujer. Ese d\u00eda esos servicios se trasladar\u00e1n hasta la Plaza de Armas con sus profesionales, con el objetivo de atender a las personas en terreno.<\/p>\n<p>\u201cTenemos Corporaci\u00f3n de Asistencia Judicial, Sence, los Cesfam con los ex\u00e1menes preventivos de salud, Fundaci\u00f3n Prodemu, el centro de la mujer por violencia intrafamiliar, Senda Previene, Sernac, van a estar un sinf\u00edn de servicios a disposici\u00f3n de las mujeres para que puedan realizar sus consultas ese mismo d\u00eda en terreno\u201d, se\u00f1al\u00f3 la coordinadora.<\/p>\n<p>La invitaci\u00f3n es a toda la comunidad a acercarse hasta el principal paseo de la comuna de San Felipe y conocer y admirar el trabajo que realizan las mujeres de la comuna, quienes durante el a\u00f1o se capacitan para tener mayores conocimientos en artes manuales.<\/p>\n<p>&nbsp;<\/p>\n","protected":false},"excerpt":{"rendered":"<p>Este jueves 12 de diciembre, desde las 9 de la ma\u00f1ana y hasta las 17 horas, se desarrollar\u00e1 la Expo Mujer 2013, una iniciativa que contempla la participaci\u00f3n de los talleres femeninos&#8230;<\/p>\n","protected":false},"author":482,"featured_media":40502,"comment_status":"open","ping_status":"closed","sticky":false,"template":"","format":"standard","meta":{"advanced_seo_description":"","jetpack_seo_html_title":"","jetpack_seo_noindex":false,"_jetpack_memberships_contains_paid_content":false,"footnotes":""},"categories":[1],"tags":[],"class_list":["post-40501","post","type-post","status-publish","format-standard","has-post-thumbnail","hentry","category-cronica"],"jetpack_featured_media_url":"https:\/\/i0.wp.com\/eltrabajo.cl\/portal\/wp-content\/uploads\/2013\/12\/Expo-Mujer-2013.jpg?fit=528%2C354&ssl=1","jetpack_sharing_enabled":true,"jetpack_likes_enabled":true,"jetpack-related-posts":[],"_links":{"self":[{"href":"https:\/\/eltrabajo.cl\/portal\/wp-json\/wp\/v2\/posts\/40501","targetHints":{"allow":["GET"]}}],"collection":[{"href":"https:\/\/eltrabajo.cl\/portal\/wp-json\/wp\/v2\/posts"}],"about":[{"href":"https:\/\/eltrabajo.cl\/portal\/wp-json\/wp\/v2\/types\/post"}],"author":[{"embeddable":true,"href":"https:\/\/eltrabajo.cl\/portal\/wp-json\/wp\/v2\/users\/482"}],"replies":[{"embeddable":true,"href":"https:\/\/eltrabajo.cl\/portal\/wp-json\/wp\/v2\/comments?post=40501"}],"version-history":[{"count":0,"href":"https:\/\/eltrabajo.cl\/portal\/wp-json\/wp\/v2\/posts\/40501\/revisions"}],"wp:featuredmedia":[{"embeddable":true,"href":"https:\/\/eltrabajo.cl\/portal\/wp-json\/wp\/v2\/media\/40502"}],"wp:attachment":[{"href":"https:\/\/eltrabajo.cl\/portal\/wp-json\/wp\/v2\/media?parent=40501"}],"wp:term":[{"taxonomy":"category","embeddable":true,"href":"https:\/\/eltrabajo.cl\/portal\/wp-json\/wp\/v2\/categories?post=40501"},{"taxonomy":"post_tag","embeddable":true,"href":"https:\/\/eltrabajo.cl\/portal\/wp-json\/wp\/v2\/tags?post=40501"}],"curies":[{"name":"wp","href":"https:\/\/api.w.org\/{rel}","templated":true}]}}