{"id":40504,"date":"2013-12-10T15:50:03","date_gmt":"2013-12-10T18:50:03","guid":{"rendered":"http:\/\/www.eltrabajo.cl\/portal\/?p=40504"},"modified":"2013-12-10T15:50:03","modified_gmt":"2013-12-10T18:50:03","slug":"inaugurada-nueva-sede-mapuche-pehuenche-en-santa-maria","status":"publish","type":"post","link":"https:\/\/eltrabajo.cl\/portal\/inaugurada-nueva-sede-mapuche-pehuenche-en-santa-maria\/","title":{"rendered":"Inaugurada nueva Sede Mapuche Pehuenche en Santa Mar\u00eda"},"content":{"rendered":"<figure id=\"attachment_40505\" aria-describedby=\"caption-attachment-40505\" style=\"width: 529px\" class=\"wp-caption alignnone\"><a href=\"https:\/\/i0.wp.com\/www.eltrabajo.cl\/portal\/wp-content\/uploads\/2013\/12\/Cinta1.jpg\"><img data-recalc-dims=\"1\" loading=\"lazy\" decoding=\"async\" class=\"size-full wp-image-40505\" title=\"\u00a1POR FIN!.- Las autoridades se mostraron muy satisfechas con la inauguraci\u00f3n de esta sede comunal para la etnia mapuche.\" alt=\"\u00a1POR FIN!.- Las autoridades se mostraron muy satisfechas con la inauguraci\u00f3n de esta sede comunal para la etnia mapuche.\" src=\"https:\/\/i0.wp.com\/www.eltrabajo.cl\/portal\/wp-content\/uploads\/2013\/12\/Cinta1.jpg?resize=529%2C397\" width=\"529\" height=\"397\" srcset=\"https:\/\/i0.wp.com\/eltrabajo.cl\/portal\/wp-content\/uploads\/2013\/12\/Cinta1.jpg?w=529&amp;ssl=1 529w, https:\/\/i0.wp.com\/eltrabajo.cl\/portal\/wp-content\/uploads\/2013\/12\/Cinta1.jpg?resize=200%2C150&amp;ssl=1 200w, https:\/\/i0.wp.com\/eltrabajo.cl\/portal\/wp-content\/uploads\/2013\/12\/Cinta1.jpg?resize=300%2C225&amp;ssl=1 300w, https:\/\/i0.wp.com\/eltrabajo.cl\/portal\/wp-content\/uploads\/2013\/12\/Cinta1.jpg?resize=150%2C112&amp;ssl=1 150w, https:\/\/i0.wp.com\/eltrabajo.cl\/portal\/wp-content\/uploads\/2013\/12\/Cinta1.jpg?resize=400%2C300&amp;ssl=1 400w\" sizes=\"auto, (max-width: 529px) 100vw, 529px\" \/><\/a><figcaption id=\"caption-attachment-40505\" class=\"wp-caption-text\">\u00a1POR FIN!.- Las autoridades se mostraron muy satisfechas con la inauguraci\u00f3n de esta sede comunal para la etnia mapuche.<\/figcaption><\/figure>\n<p><strong>SANTA MAR\u00cdA.<\/strong>&#8211; Con una gran asistencia se llev\u00f3 a cabo la inauguraci\u00f3n de la sede social tan anhelada por la Agrupaci\u00f3n Mapuche Pehuenche residente en la comuna Santa Mar\u00eda, en lo que es proyecto \u00fanico en la regi\u00f3n. A la ceremonia asistieron las m\u00e1s altas autoridades comunales, encabezadas por el Alcalde Claudio Zurita, concejales, dirigentes de organizaciones, adem\u00e1s de los consejeros Eduardo Le\u00f3n y Mario Sottolichio. La actividad cont\u00f3 con importantes representantes de esa comunidad liderados por el Presidente de la Asociaci\u00f3n Juan Quiroga Carilao, adem\u00e1s de una Machi, Loncos y otros integrantes que llegaron desde distintos puntos del pa\u00eds.<\/p>\n<figure id=\"attachment_40506\" aria-describedby=\"caption-attachment-40506\" style=\"width: 423px\" class=\"wp-caption alignleft\"><a href=\"https:\/\/i0.wp.com\/www.eltrabajo.cl\/portal\/wp-content\/uploads\/2013\/12\/Sede-Mapuche.jpg\"><img data-recalc-dims=\"1\" loading=\"lazy\" decoding=\"async\" class=\" wp-image-40506 \" title=\"IMPONENTE.- El propio Alcalde Claudio Zurita, muestra a las c\u00e1maras de Diario El Trabajo la imponente sede comunal del pueblo mapuche ubicada en Santa Mar\u00eda.\" alt=\"IMPONENTE.- El propio Alcalde Claudio Zurita, muestra a las c\u00e1maras de Diario El Trabajo la imponente sede comunal del pueblo mapuche ubicada en Santa Mar\u00eda.\" src=\"https:\/\/i0.wp.com\/www.eltrabajo.cl\/portal\/wp-content\/uploads\/2013\/12\/Sede-Mapuche.jpg?resize=423%2C318\" width=\"423\" height=\"318\" srcset=\"https:\/\/i0.wp.com\/eltrabajo.cl\/portal\/wp-content\/uploads\/2013\/12\/Sede-Mapuche.jpg?w=529&amp;ssl=1 529w, https:\/\/i0.wp.com\/eltrabajo.cl\/portal\/wp-content\/uploads\/2013\/12\/Sede-Mapuche.jpg?resize=200%2C150&amp;ssl=1 200w, https:\/\/i0.wp.com\/eltrabajo.cl\/portal\/wp-content\/uploads\/2013\/12\/Sede-Mapuche.jpg?resize=300%2C225&amp;ssl=1 300w, https:\/\/i0.wp.com\/eltrabajo.cl\/portal\/wp-content\/uploads\/2013\/12\/Sede-Mapuche.jpg?resize=150%2C112&amp;ssl=1 150w, https:\/\/i0.wp.com\/eltrabajo.cl\/portal\/wp-content\/uploads\/2013\/12\/Sede-Mapuche.jpg?resize=400%2C300&amp;ssl=1 400w\" sizes=\"auto, (max-width: 423px) 100vw, 423px\" \/><\/a><figcaption id=\"caption-attachment-40506\" class=\"wp-caption-text\">IMPONENTE.- El propio Alcalde Claudio Zurita, muestra a las c\u00e1maras de Diario El Trabajo la imponente sede comunal del pueblo mapuche ubicada en Santa Mar\u00eda.<\/figcaption><\/figure>\n<p>La actividad comenz\u00f3 con una hermosa celebraci\u00f3n de la comunidad de gratitud y bendiciones en torno a sus elementos sagrados, con una activa participaci\u00f3n de sus integrantes y que fue seguida con gran respecto por todos los asistentes. Posteriormente se dio paso a la ceremonia protocolar, donde los discursos estuvieron centrados en la importancia de est\u00e1n sede para el mundo mapuche pehuenche. El Presidente de la Asociaci\u00f3n y el Lonco agradecieron, en su idioma originario y en el nuestro, a todos los que hicieron posible que este sue\u00f1o se hiciera realidad y destac\u00f3 todo lo que significa para ellos tener un lugar donde poder cultivar y desarrollar su cultura.<\/p>\n<p>Por su parte el Alcalde Zurita se\u00f1alo que \u00abme siento feliz de ver esta obra construida y entregada sabiendo todo lo que significa para el mundo mapuche pehuenche. Sus padres y abuelos, llegaron hace algunas d\u00e9cadas a esta hermosa tierra y fueron acogidos por el cari\u00f1o de la gente santamariana. Nosotros como autoridades hemos hecho todos los esfuerzos necesarios para escuchar y dar soluci\u00f3n a sus necesidades, en distintas \u00e1reas, como educaci\u00f3n, salud, el sue\u00f1o de su casa propia, y ahora esta sede, que pasar\u00e1 a ser el principal centro de reuniones para fortalecer su cultura y sus tradiciones\u00bb.<\/p>\n<p>La sede tiene la particularidad de poseer un dise\u00f1o tipo domo moderno con forma de ruca, con un estructura \u00fanica en la regi\u00f3n que abarca aproximadamente 113 metros cuadrados edificados con hermosas terminaci\u00f3n y dispone de un sal\u00f3n principal o centro de reuniones, ba\u00f1o para damas, varones y discapacitados, entre otras dependencias, en una inversi\u00f3n de aproximadamente 75 millones de pesos.<\/p>\n<p>&nbsp;<\/p>\n","protected":false},"excerpt":{"rendered":"<p>SANTA MAR\u00cdA.&#8211; Con una gran asistencia se llev\u00f3 a cabo la inauguraci\u00f3n de la sede social tan anhelada por la Agrupaci\u00f3n Mapuche Pehuenche residente en la comuna Santa Mar\u00eda, en lo que&#8230;<\/p>\n","protected":false},"author":482,"featured_media":40505,"comment_status":"open","ping_status":"closed","sticky":false,"template":"","format":"standard","meta":{"advanced_seo_description":"","jetpack_seo_html_title":"","jetpack_seo_noindex":false,"_jetpack_memberships_contains_paid_content":false,"footnotes":""},"categories":[15],"tags":[],"class_list":["post-40504","post","type-post","status-publish","format-standard","has-post-thumbnail","hentry","category-comunidad"],"jetpack_featured_media_url":"https:\/\/i0.wp.com\/eltrabajo.cl\/portal\/wp-content\/uploads\/2013\/12\/Cinta1.jpg?fit=529%2C397&ssl=1","jetpack_sharing_enabled":true,"jetpack_likes_enabled":true,"jetpack-related-posts":[],"_links":{"self":[{"href":"https:\/\/eltrabajo.cl\/portal\/wp-json\/wp\/v2\/posts\/40504","targetHints":{"allow":["GET"]}}],"collection":[{"href":"https:\/\/eltrabajo.cl\/portal\/wp-json\/wp\/v2\/posts"}],"about":[{"href":"https:\/\/eltrabajo.cl\/portal\/wp-json\/wp\/v2\/types\/post"}],"author":[{"embeddable":true,"href":"https:\/\/eltrabajo.cl\/portal\/wp-json\/wp\/v2\/users\/482"}],"replies":[{"embeddable":true,"href":"https:\/\/eltrabajo.cl\/portal\/wp-json\/wp\/v2\/comments?post=40504"}],"version-history":[{"count":0,"href":"https:\/\/eltrabajo.cl\/portal\/wp-json\/wp\/v2\/posts\/40504\/revisions"}],"wp:featuredmedia":[{"embeddable":true,"href":"https:\/\/eltrabajo.cl\/portal\/wp-json\/wp\/v2\/media\/40505"}],"wp:attachment":[{"href":"https:\/\/eltrabajo.cl\/portal\/wp-json\/wp\/v2\/media?parent=40504"}],"wp:term":[{"taxonomy":"category","embeddable":true,"href":"https:\/\/eltrabajo.cl\/portal\/wp-json\/wp\/v2\/categories?post=40504"},{"taxonomy":"post_tag","embeddable":true,"href":"https:\/\/eltrabajo.cl\/portal\/wp-json\/wp\/v2\/tags?post=40504"}],"curies":[{"name":"wp","href":"https:\/\/api.w.org\/{rel}","templated":true}]}}