{"id":40510,"date":"2013-12-10T15:56:16","date_gmt":"2013-12-10T18:56:16","guid":{"rendered":"http:\/\/www.eltrabajo.cl\/portal\/?p=40510"},"modified":"2013-12-10T15:56:16","modified_gmt":"2013-12-10T18:56:16","slug":"con-entretenido-show-municipio-inaugura-este-viernes-la-iluminacion-navidena","status":"publish","type":"post","link":"https:\/\/eltrabajo.cl\/portal\/con-entretenido-show-municipio-inaugura-este-viernes-la-iluminacion-navidena\/","title":{"rendered":"Con entretenido show Municipio inaugura este viernes la iluminaci\u00f3n navide\u00f1a"},"content":{"rendered":"<figure id=\"attachment_40511\" aria-describedby=\"caption-attachment-40511\" style=\"width: 529px\" class=\"wp-caption alignnone\"><a href=\"https:\/\/i0.wp.com\/www.eltrabajo.cl\/portal\/wp-content\/uploads\/2013\/12\/trabajadores-plaa.jpg\"><img data-recalc-dims=\"1\" loading=\"lazy\" decoding=\"async\" class=\"size-full wp-image-40511\" title=\"Funcionarios municipales trabajan aceleradamente para instalar la iluminaci\u00f3n navide\u00f1a.\" alt=\"Funcionarios municipales trabajan aceleradamente para instalar la iluminaci\u00f3n navide\u00f1a.\" src=\"https:\/\/i0.wp.com\/www.eltrabajo.cl\/portal\/wp-content\/uploads\/2013\/12\/trabajadores-plaa.jpg?resize=529%2C351\" width=\"529\" height=\"351\" srcset=\"https:\/\/i0.wp.com\/eltrabajo.cl\/portal\/wp-content\/uploads\/2013\/12\/trabajadores-plaa.jpg?w=529&amp;ssl=1 529w, https:\/\/i0.wp.com\/eltrabajo.cl\/portal\/wp-content\/uploads\/2013\/12\/trabajadores-plaa.jpg?resize=200%2C132&amp;ssl=1 200w, https:\/\/i0.wp.com\/eltrabajo.cl\/portal\/wp-content\/uploads\/2013\/12\/trabajadores-plaa.jpg?resize=300%2C199&amp;ssl=1 300w, https:\/\/i0.wp.com\/eltrabajo.cl\/portal\/wp-content\/uploads\/2013\/12\/trabajadores-plaa.jpg?resize=150%2C99&amp;ssl=1 150w, https:\/\/i0.wp.com\/eltrabajo.cl\/portal\/wp-content\/uploads\/2013\/12\/trabajadores-plaa.jpg?resize=400%2C265&amp;ssl=1 400w\" sizes=\"auto, (max-width: 529px) 100vw, 529px\" \/><\/a><figcaption id=\"caption-attachment-40511\" class=\"wp-caption-text\">Funcionarios municipales trabajan aceleradamente para instalar la iluminaci\u00f3n navide\u00f1a.<\/figcaption><\/figure>\n<ul>\n<li><strong>La invitaci\u00f3n es a toda la comunidad a disfrutar de un show con villancicos y la m\u00fasica tropical del momento.<\/strong><\/li>\n<\/ul>\n<p>Este viernes 13 de diciembre, a partir de las 20 horas, la Municipalidad de San Felipe realizar\u00e1 la inauguraci\u00f3n de la iluminaci\u00f3n navide\u00f1a con un entretenido show para toda la familia.<\/p>\n<p>As\u00ed lo dio a conocer el Alcalde Patricio Freire Canto, quien se\u00f1al\u00f3 que el municipio ha organizado un entretenido programa que comienza a las 20 horas con la presentaci\u00f3n del Orfe\u00f3n Municipal que interpretar\u00e1 los cl\u00e1sicos villancicos de navidad.<\/p>\n<figure id=\"attachment_40512\" aria-describedby=\"caption-attachment-40512\" style=\"width: 423px\" class=\"wp-caption alignright\"><a href=\"https:\/\/i0.wp.com\/www.eltrabajo.cl\/portal\/wp-content\/uploads\/2013\/12\/luces.jpg\"><img data-recalc-dims=\"1\" loading=\"lazy\" decoding=\"async\" class=\" wp-image-40512 \" title=\"En la foto de archivo, la tradicional iluminaci\u00f3n que cada a\u00f1o adorna la plaza y que en esta oportunidad traer\u00e1 importantes modificaciones. \" alt=\"En la foto de archivo, la tradicional iluminaci\u00f3n que cada a\u00f1o adorna la plaza y que en esta oportunidad traer\u00e1 importantes modificaciones. \" src=\"https:\/\/i0.wp.com\/www.eltrabajo.cl\/portal\/wp-content\/uploads\/2013\/12\/luces.jpg?resize=423%2C251\" width=\"423\" height=\"251\" srcset=\"https:\/\/i0.wp.com\/eltrabajo.cl\/portal\/wp-content\/uploads\/2013\/12\/luces.jpg?w=529&amp;ssl=1 529w, https:\/\/i0.wp.com\/eltrabajo.cl\/portal\/wp-content\/uploads\/2013\/12\/luces.jpg?resize=200%2C118&amp;ssl=1 200w, https:\/\/i0.wp.com\/eltrabajo.cl\/portal\/wp-content\/uploads\/2013\/12\/luces.jpg?resize=300%2C178&amp;ssl=1 300w, https:\/\/i0.wp.com\/eltrabajo.cl\/portal\/wp-content\/uploads\/2013\/12\/luces.jpg?resize=150%2C89&amp;ssl=1 150w, https:\/\/i0.wp.com\/eltrabajo.cl\/portal\/wp-content\/uploads\/2013\/12\/luces.jpg?resize=400%2C237&amp;ssl=1 400w\" sizes=\"auto, (max-width: 423px) 100vw, 423px\" \/><\/a><figcaption id=\"caption-attachment-40512\" class=\"wp-caption-text\">En la foto de archivo, la tradicional iluminaci\u00f3n que cada a\u00f1o adorna la plaza y que en esta oportunidad traer\u00e1 importantes modificaciones.<\/figcaption><\/figure>\n<p>A las 21 horas se presentar\u00e1 la diablada de Rinconada, quien lo har\u00e1 junto a una gran banda de m\u00fasicos de Valpara\u00edso, mientras que 45 minutos despu\u00e9s ser\u00e1 inaugurada la iluminaci\u00f3n, que este a\u00f1o se organiz\u00f3 con la idea de cuidar la plaza de Armas y no sobrecargar los \u00e1rboles, por ello los adornos estar\u00e1n cuidadosamente ubicados.<\/p>\n<p>Y para terminar la celebraci\u00f3n, pasadas las 22 horas subir\u00e1 al escenario la agrupaci\u00f3n P.A.P.A., la sigla de \u2018Por Aqu\u00ed Pasan Aviones\u2019, quienes prometen hacer bailar a los sanfelipe\u00f1os con la m\u00fasica tropical que interpretan, que los ha hecho conocidos en todo el pa\u00eds, y que los tienen en el top de este tipo de m\u00fasica a nivel nacional.<\/p>\n<p>\u201cQueremos invitar a los vecinos y vecinas para este viernes 13 de diciembre, tenemos un gran \u00e1rbol de navidad ubicado en el centro de la plaza, en la pileta, y este a\u00f1o no queremos recargar los \u00e1rboles con peso, al contrario, estamos cuid\u00e1ndolos\u201d, dijo el Alcalde Freire.<\/p>\n<p>Adem\u00e1s este a\u00f1o se iluminar\u00e1n las fachadas de las casas y locales alrededor de la Plaza de Armas, con el objetivo de dar una nueva cara al centro de la comuna y llenarlo de color y luminosidad.<\/p>\n<p>Todo este trabajo no tendr\u00e1 costo para la Municipalidad de San Felipe, ya que se ejecutar\u00e1 gracias a aportes de la empresa privada.<\/p>\n<p>&nbsp;<\/p>\n","protected":false},"excerpt":{"rendered":"<p>La invitaci\u00f3n es a toda la comunidad a disfrutar de un show con villancicos y la m\u00fasica tropical del momento. Este viernes 13 de diciembre, a partir de las 20 horas, la&#8230;<\/p>\n","protected":false},"author":482,"featured_media":40511,"comment_status":"open","ping_status":"closed","sticky":false,"template":"","format":"standard","meta":{"advanced_seo_description":"","jetpack_seo_html_title":"","jetpack_seo_noindex":false,"_jetpack_memberships_contains_paid_content":false,"footnotes":""},"categories":[15],"tags":[],"class_list":["post-40510","post","type-post","status-publish","format-standard","has-post-thumbnail","hentry","category-comunidad"],"jetpack_featured_media_url":"https:\/\/i0.wp.com\/eltrabajo.cl\/portal\/wp-content\/uploads\/2013\/12\/trabajadores-plaa.jpg?fit=529%2C351&ssl=1","jetpack_sharing_enabled":true,"jetpack_likes_enabled":true,"jetpack-related-posts":[],"_links":{"self":[{"href":"https:\/\/eltrabajo.cl\/portal\/wp-json\/wp\/v2\/posts\/40510","targetHints":{"allow":["GET"]}}],"collection":[{"href":"https:\/\/eltrabajo.cl\/portal\/wp-json\/wp\/v2\/posts"}],"about":[{"href":"https:\/\/eltrabajo.cl\/portal\/wp-json\/wp\/v2\/types\/post"}],"author":[{"embeddable":true,"href":"https:\/\/eltrabajo.cl\/portal\/wp-json\/wp\/v2\/users\/482"}],"replies":[{"embeddable":true,"href":"https:\/\/eltrabajo.cl\/portal\/wp-json\/wp\/v2\/comments?post=40510"}],"version-history":[{"count":0,"href":"https:\/\/eltrabajo.cl\/portal\/wp-json\/wp\/v2\/posts\/40510\/revisions"}],"wp:featuredmedia":[{"embeddable":true,"href":"https:\/\/eltrabajo.cl\/portal\/wp-json\/wp\/v2\/media\/40511"}],"wp:attachment":[{"href":"https:\/\/eltrabajo.cl\/portal\/wp-json\/wp\/v2\/media?parent=40510"}],"wp:term":[{"taxonomy":"category","embeddable":true,"href":"https:\/\/eltrabajo.cl\/portal\/wp-json\/wp\/v2\/categories?post=40510"},{"taxonomy":"post_tag","embeddable":true,"href":"https:\/\/eltrabajo.cl\/portal\/wp-json\/wp\/v2\/tags?post=40510"}],"curies":[{"name":"wp","href":"https:\/\/api.w.org\/{rel}","templated":true}]}}