{"id":40533,"date":"2013-12-10T16:06:42","date_gmt":"2013-12-10T19:06:42","guid":{"rendered":"http:\/\/www.eltrabajo.cl\/portal\/?p=40533"},"modified":"2013-12-10T16:06:42","modified_gmt":"2013-12-10T19:06:42","slug":"embargan-fondos-de-sanfecoop-para-pagar-indemnizacion-a-ex-socio","status":"publish","type":"post","link":"https:\/\/eltrabajo.cl\/portal\/embargan-fondos-de-sanfecoop-para-pagar-indemnizacion-a-ex-socio\/","title":{"rendered":"Embargan fondos de Sanfecoop para pagar indemnizaci\u00f3n a ex socio"},"content":{"rendered":"<figure id=\"attachment_40534\" aria-describedby=\"caption-attachment-40534\" style=\"width: 317px\" class=\"wp-caption alignleft\"><a href=\"https:\/\/i0.wp.com\/www.eltrabajo.cl\/portal\/wp-content\/uploads\/2013\/12\/Pablo-Vergara.jpg\"><img data-recalc-dims=\"1\" loading=\"lazy\" decoding=\"async\" class=\" wp-image-40534 \" title=\"Pablo Vergara, abogado del vecino sanfelipe\u00f1o que demand\u00f3 por da\u00f1o moral y patrimonial a Sanfecoop.\" alt=\"Pablo Vergara, abogado del vecino sanfelipe\u00f1o que demand\u00f3 por da\u00f1o moral y patrimonial a Sanfecoop.\" src=\"https:\/\/i0.wp.com\/www.eltrabajo.cl\/portal\/wp-content\/uploads\/2013\/12\/Pablo-Vergara.jpg?resize=317%2C308\" width=\"317\" height=\"308\" srcset=\"https:\/\/i0.wp.com\/eltrabajo.cl\/portal\/wp-content\/uploads\/2013\/12\/Pablo-Vergara.jpg?w=529&amp;ssl=1 529w, https:\/\/i0.wp.com\/eltrabajo.cl\/portal\/wp-content\/uploads\/2013\/12\/Pablo-Vergara.jpg?resize=154%2C150&amp;ssl=1 154w, https:\/\/i0.wp.com\/eltrabajo.cl\/portal\/wp-content\/uploads\/2013\/12\/Pablo-Vergara.jpg?resize=300%2C290&amp;ssl=1 300w, https:\/\/i0.wp.com\/eltrabajo.cl\/portal\/wp-content\/uploads\/2013\/12\/Pablo-Vergara.jpg?resize=150%2C145&amp;ssl=1 150w, https:\/\/i0.wp.com\/eltrabajo.cl\/portal\/wp-content\/uploads\/2013\/12\/Pablo-Vergara.jpg?resize=400%2C387&amp;ssl=1 400w\" sizes=\"auto, (max-width: 317px) 100vw, 317px\" \/><\/a><figcaption id=\"caption-attachment-40534\" class=\"wp-caption-text\">Pablo Vergara, abogado del vecino sanfelipe\u00f1o que demand\u00f3 por da\u00f1o moral y patrimonial a Sanfecoop.<\/figcaption><\/figure>\n<ul>\n<li><strong>Tras el fallo de la Corte Suprema a favor de un socio que demand\u00f3 a la cooperativa de ahorro y cr\u00e9dito por infringir la Ley Dicom y generar da\u00f1o moral y patrimonial al demandante.<\/strong><\/li>\n<\/ul>\n<p>Ante la negativa de la Cooperativa de Ahorro y Cr\u00e9dito Sanfecoop Ltda., de pagar los 15 millones de pesos como indemnizaci\u00f3n por Da\u00f1o Moral a uno de sus socios, pese a que fue notificada del fallo condenatorio ratificado por la Corte Suprema, se procedi\u00f3 ayer a embargar fondos de una de las cuentas de la entidad, para proceder a dar cumplimiento al dictamen de la justicia.<\/p>\n<p>La informaci\u00f3n la entreg\u00f3 el abogado del afectado, Pablo Vergara, del Estudio Jur\u00eddico D\u00edaz, Vergara y Asociados; quien se\u00f1al\u00f3 que la medida responde al debido proceso que deben enfrentar estas causas, donde Sanfecoop fue notificada del fallo el pasado 8 de noviembre, existiendo plazos establecidos para pagar, los que esta cooperativa no acat\u00f3 y por lo tanto se procedi\u00f3 al embargo de fondos de una de las cuentas de la entidad, para as\u00ed cumplir con el pago de la correspondiente indemnizaci\u00f3n.<\/p>\n<p>En enero de 2011, un socio de la cooperativa fue afectado por el incumplimiento de la Ley Dicom, lo que le motiv\u00f3 a entablar una demanda en su contra, por Da\u00f1o Moral y Patrimonial. El Tribunal de Letras en primera instancia fall\u00f3 a favor del demandante, sin embargo Sanfecoop apel\u00f3 a la Corte de Apelaciones y luego a la Corte Suprema, siendo ratificada en ambas instancias esta demanda.<\/p>\n<p>Finalmente, la causa volvi\u00f3 al Tribunal de Primera Instancia para efectos de ser notificada y ejecutoriada la sentencia condenatoria.<\/p>\n<p>Seg\u00fan coment\u00f3 el abogado Pablo Vergara, en ning\u00fan momento la cooperativa manifest\u00f3 su inter\u00e9s por resolver este conflicto. \u201cNunca hubo alg\u00fan tipo de demostraci\u00f3n de parte de la empresa demandada, en cuanto a enmendar su error o manifestar una disculpa. La causa volvi\u00f3 a fines de noviembre para proceder al cobro y la idea era poder generar este asunto de la manera m\u00e1s r\u00e1pida e inocua posible, pero se dilat\u00f3 este proceso y por lo tanto, se apel\u00f3 a esta instancia para dar cumplimiento al fallo judicial\u201d, explic\u00f3 el profesional.<\/p>\n<p>Consultado por la infracci\u00f3n a la ley cometida por Sanfecoop, dijo que \u201cla Ley de Protecci\u00f3n de datos obliga a las empresas acreedoras a informar el pago de una obligaci\u00f3n a m\u00e1s tardar siete d\u00edas despu\u00e9s de producido \u00e9ste. En este caso, la empresa demandada no lo hizo sino hasta siete meses despu\u00e9s, tiempo durante el cual se le provocaron una serie de perjuicios al Sr. Fern\u00e1ndez, procediendo a realizar esta cancelaci\u00f3n de datos, solo a instancia nuestra\u201d.<\/p>\n<p>En cuanto al monto de la indemnizaci\u00f3n, inicialmente \u00e9ste asciende a 15 millones de pesos, no obstante considera el reajuste correspondiente del IPC del mes anterior a la notificaci\u00f3n de la demanda a la notificaci\u00f3n del pago, m\u00e1s el inter\u00e9s y el pago de operaciones reajustables, es decir, poco m\u00e1s de 16 millones de pesos.<\/p>\n<p>La cooperativa fue notificada y ten\u00eda tres d\u00edas para pagar este monto de dinero, no obstante al no hacerlo, se procedi\u00f3 a la \u00faltima instancia que dice relaci\u00f3n con el embargo de fondos desde una de las cuentas bancarias de Sanfecoop. Por lo tanto, se est\u00e1 a la espera de que ese procedimiento d\u00e9 paso en las pr\u00f3ximas horas, al pago de la indemnizaci\u00f3n que, por orden del Juzgado de Letras y de las dem\u00e1s instancias judiciales, se debe realizar a este socio de la cooperativa.<\/p>\n<p>Vergara recalc\u00f3 que este fallo deja en claro que \u201cnadie est\u00e1 por sobre la ley. Los fallos judiciales no se discuten ni se comentan. Los fallos judiciales se cumplen. Por lo tanto, los fondos ya est\u00e1n embargados y esperamos que el pago se realice pr\u00f3ximamente\u201d.<\/p>\n<p>&nbsp;<\/p>\n","protected":false},"excerpt":{"rendered":"<p>Tras el fallo de la Corte Suprema a favor de un socio que demand\u00f3 a la cooperativa de ahorro y cr\u00e9dito por infringir la Ley Dicom y generar da\u00f1o moral y patrimonial&#8230;<\/p>\n","protected":false},"author":482,"featured_media":40534,"comment_status":"open","ping_status":"closed","sticky":false,"template":"","format":"standard","meta":{"advanced_seo_description":"","jetpack_seo_html_title":"","jetpack_seo_noindex":false,"_jetpack_memberships_contains_paid_content":false,"footnotes":""},"categories":[1],"tags":[],"class_list":["post-40533","post","type-post","status-publish","format-standard","has-post-thumbnail","hentry","category-cronica"],"jetpack_featured_media_url":"https:\/\/i0.wp.com\/eltrabajo.cl\/portal\/wp-content\/uploads\/2013\/12\/Pablo-Vergara.jpg?fit=529%2C513&ssl=1","jetpack_sharing_enabled":true,"jetpack_likes_enabled":true,"jetpack-related-posts":[],"_links":{"self":[{"href":"https:\/\/eltrabajo.cl\/portal\/wp-json\/wp\/v2\/posts\/40533","targetHints":{"allow":["GET"]}}],"collection":[{"href":"https:\/\/eltrabajo.cl\/portal\/wp-json\/wp\/v2\/posts"}],"about":[{"href":"https:\/\/eltrabajo.cl\/portal\/wp-json\/wp\/v2\/types\/post"}],"author":[{"embeddable":true,"href":"https:\/\/eltrabajo.cl\/portal\/wp-json\/wp\/v2\/users\/482"}],"replies":[{"embeddable":true,"href":"https:\/\/eltrabajo.cl\/portal\/wp-json\/wp\/v2\/comments?post=40533"}],"version-history":[{"count":0,"href":"https:\/\/eltrabajo.cl\/portal\/wp-json\/wp\/v2\/posts\/40533\/revisions"}],"wp:featuredmedia":[{"embeddable":true,"href":"https:\/\/eltrabajo.cl\/portal\/wp-json\/wp\/v2\/media\/40534"}],"wp:attachment":[{"href":"https:\/\/eltrabajo.cl\/portal\/wp-json\/wp\/v2\/media?parent=40533"}],"wp:term":[{"taxonomy":"category","embeddable":true,"href":"https:\/\/eltrabajo.cl\/portal\/wp-json\/wp\/v2\/categories?post=40533"},{"taxonomy":"post_tag","embeddable":true,"href":"https:\/\/eltrabajo.cl\/portal\/wp-json\/wp\/v2\/tags?post=40533"}],"curies":[{"name":"wp","href":"https:\/\/api.w.org\/{rel}","templated":true}]}}