{"id":40544,"date":"2013-12-11T09:18:20","date_gmt":"2013-12-11T12:18:20","guid":{"rendered":"http:\/\/www.eltrabajo.cl\/portal\/?p=40544"},"modified":"2013-12-11T09:18:20","modified_gmt":"2013-12-11T12:18:20","slug":"ministerio-mineria-destaca-a-trabajadora-de-andina-como-simbolo-de-inclusion","status":"publish","type":"post","link":"https:\/\/eltrabajo.cl\/portal\/ministerio-mineria-destaca-a-trabajadora-de-andina-como-simbolo-de-inclusion\/","title":{"rendered":"Ministerio Miner\u00eda destaca a trabajadora de Andina como s\u00edmbolo de inclusi\u00f3n"},"content":{"rendered":"<figure id=\"attachment_40545\" aria-describedby=\"caption-attachment-40545\" style=\"width: 529px\" class=\"wp-caption alignnone\"><a href=\"https:\/\/i0.wp.com\/www.eltrabajo.cl\/portal\/wp-content\/uploads\/2013\/12\/Francisca-Hidalgo-junto-al-Ministro-de-Miner%C3%ADa.jpg\"><img data-recalc-dims=\"1\" loading=\"lazy\" decoding=\"async\" class=\"size-full wp-image-40545\" title=\"Francisca Hidalgo junto al Ministro de Miner\u00eda.\" alt=\"Francisca Hidalgo junto al Ministro de Miner\u00eda.\" src=\"https:\/\/i0.wp.com\/www.eltrabajo.cl\/portal\/wp-content\/uploads\/2013\/12\/Francisca-Hidalgo-junto-al-Ministro-de-Miner%C3%ADa.jpg?resize=529%2C353\" width=\"529\" height=\"353\" srcset=\"https:\/\/i0.wp.com\/eltrabajo.cl\/portal\/wp-content\/uploads\/2013\/12\/Francisca-Hidalgo-junto-al-Ministro-de-Miner%C3%ADa.jpg?w=529&amp;ssl=1 529w, https:\/\/i0.wp.com\/eltrabajo.cl\/portal\/wp-content\/uploads\/2013\/12\/Francisca-Hidalgo-junto-al-Ministro-de-Miner%C3%ADa.jpg?resize=200%2C133&amp;ssl=1 200w, https:\/\/i0.wp.com\/eltrabajo.cl\/portal\/wp-content\/uploads\/2013\/12\/Francisca-Hidalgo-junto-al-Ministro-de-Miner%C3%ADa.jpg?resize=300%2C200&amp;ssl=1 300w, https:\/\/i0.wp.com\/eltrabajo.cl\/portal\/wp-content\/uploads\/2013\/12\/Francisca-Hidalgo-junto-al-Ministro-de-Miner%C3%ADa.jpg?resize=150%2C100&amp;ssl=1 150w, https:\/\/i0.wp.com\/eltrabajo.cl\/portal\/wp-content\/uploads\/2013\/12\/Francisca-Hidalgo-junto-al-Ministro-de-Miner%C3%ADa.jpg?resize=400%2C266&amp;ssl=1 400w\" sizes=\"auto, (max-width: 529px) 100vw, 529px\" \/><\/a><figcaption id=\"caption-attachment-40545\" class=\"wp-caption-text\">Francisca Hidalgo junto al Ministro de Miner\u00eda.<\/figcaption><\/figure>\n<ul>\n<li><strong>Francisca Hidalgo, Operadora de camiones de alto tonelaje en el yacimiento a rajo abierto, tendr\u00e1 un rol protag\u00f3nico en la Cuenta P\u00fablica 2013 de la cartera.<\/strong><\/li>\n<\/ul>\n<p><strong>LOS ANDES<\/strong>.- Esfuerzo, perseverancia, dedicaci\u00f3n\u2026 palabras que se repiten en quienes hablan sobre Francisca Hidalgo, trabajadora de Codelco Andina que ha sido elegida por el Ministerio de Miner\u00eda para simbolizar en su Cuenta P\u00fablica 2013 la inclusi\u00f3n de la mujer en la gran miner\u00eda.<\/p>\n<p>Y es que esta operadora de camiones de alto tonelaje, oriunda de Los Andes, es todo un ejemplo de superaci\u00f3n y excelencia en el trabajo. \u201cSu comportamiento laboral es ejemplar\u201d, destaca el superintendente de la mina rajo de Andina, Ricardo Matus, mientras que su madre, Ivonne Madrid, valora que \u201ctodo lo que mi hija ha conseguido ha sido con perseverancia\u201d.<\/p>\n<p>Francisca, de 22 a\u00f1os y t\u00e9cnica en administraci\u00f3n del Liceo Amancay, ingres\u00f3 a Codelco Andina en 2011, como parte del Programa Aprendices, donde se form\u00f3 como operadora de camiones de alto tonelaje para el yacimiento a rajo abierto, ubicado a 4 mil 200 metros de altura en la cuenca del R\u00edo Blanco.<\/p>\n<p>\u201cSu historia es un lindo ejemplo para que otras mujeres se motiven a ser parte de la industria minera. Ha sido una valiosa oportunidad de conocerla, de saber sobre sus motivaciones y c\u00f3mo enfrenta los desaf\u00edos\u201d, dijo el ministro de Miner\u00eda, Hern\u00e1n de Solminihac, quien visit\u00f3 a Francisca en su casa de Los Andes y la acompa\u00f1\u00f3 desde su casa hasta su puesto de trabajo en la alta cordillera.<\/p>\n<p>Francisca Hidalgo es parte hoy del equipo de Divisi\u00f3n Andina despu\u00e9s de superar un per\u00edodo de formaci\u00f3n que se extendi\u00f3 por casi dos a\u00f1os. \u201cLa mayor\u00eda de mis compa\u00f1eros son hombres, pero como mujeres hemos aportado a mejorar el ambiente laboral. Ha sido una experiencia muy buena\u201d, coment\u00f3 la operadora, quien expres\u00f3 su satisfacci\u00f3n y orgullo por la distinci\u00f3n.<\/p>\n<p>\u201cEsto me motiva para seguir avanzando en la empresa, mi anhelo es llegar a operar la pala o ser instructora. Divisi\u00f3n Andina me ha dado las herramientas para crecer y espero que el ingreso de la mujer a la miner\u00eda se siga fortaleciendo\u201d.<\/p>\n<p>La inclusi\u00f3n de la mujer en la gran miner\u00eda chilena es uno de los objetivos prioritarios de la industria. La cifra de trabajadoras ha avanzado, de hecho, de un 4% a un 8% en el \u00faltimo lustro, aunque se espera que su presencia aumente en l\u00ednea con el desarrollo de grandes proyectos mineros en el pa\u00eds, seg\u00fan explic\u00f3 el secretario de Estado.<\/p>\n<p>\u201cLa cifra sigue siendo baja, pero hemos tenido avances significativos, los m\u00e1s importantes en 50 a\u00f1os. Estamos en un buen pie y tenemos que seguir motivando y capacitando para que las mujeres se puedan introducir, con las competencias ya adquiridas, a la principal industria del pa\u00eds. Codelco en este sentido ha hecho esfuerzos significativos en todas sus divisiones y claramente en Andina ha habido una preocupaci\u00f3n especial, como vemos con el caso de Francisca\u201d.<\/p>\n<p>Actualmente, las mujeres representan el 8,5% de la fuerza laboral de Codelco, lo que constituye un aumento de poco menos del 3% en relaci\u00f3n a la \u00faltima d\u00e9cada. La cupr\u00edfera estatal espera que esta cifra contin\u00fae al alza, con un esfuerzo corporativo que apunta a que el 20% de las nuevas contrataciones sean mujeres. Divisi\u00f3n Andina, en sinton\u00eda con esos esfuerzos en materia de igualdad de g\u00e9nero, ha implementado en el \u00faltimo a\u00f1o mejoras en habitabilidad para la mujer en todas sus \u00e1reas operativas.<\/p>\n<p>Francisca Ar\u00e9valo participar\u00e1 como invitada especial en la cuenta p\u00fablica del Ministerio de Miner\u00eda, a realizarse el pr\u00f3ximo jueves 19 de diciembre en el Palacio de La Moneda.<\/p>\n<p>&nbsp;<\/p>\n","protected":false},"excerpt":{"rendered":"<p>Francisca Hidalgo, Operadora de camiones de alto tonelaje en el yacimiento a rajo abierto, tendr\u00e1 un rol protag\u00f3nico en la Cuenta P\u00fablica 2013 de la cartera. LOS ANDES.- Esfuerzo, perseverancia, dedicaci\u00f3n\u2026 palabras&#8230;<\/p>\n","protected":false},"author":482,"featured_media":40545,"comment_status":"open","ping_status":"closed","sticky":false,"template":"","format":"standard","meta":{"advanced_seo_description":"","jetpack_seo_html_title":"","jetpack_seo_noindex":false,"_jetpack_memberships_contains_paid_content":false,"footnotes":""},"categories":[1],"tags":[],"class_list":["post-40544","post","type-post","status-publish","format-standard","has-post-thumbnail","hentry","category-cronica"],"jetpack_featured_media_url":"https:\/\/i0.wp.com\/eltrabajo.cl\/portal\/wp-content\/uploads\/2013\/12\/Francisca-Hidalgo-junto-al-Ministro-de-Miner%C3%ADa.jpg?fit=529%2C353&ssl=1","jetpack_sharing_enabled":true,"jetpack_likes_enabled":true,"jetpack-related-posts":[],"_links":{"self":[{"href":"https:\/\/eltrabajo.cl\/portal\/wp-json\/wp\/v2\/posts\/40544","targetHints":{"allow":["GET"]}}],"collection":[{"href":"https:\/\/eltrabajo.cl\/portal\/wp-json\/wp\/v2\/posts"}],"about":[{"href":"https:\/\/eltrabajo.cl\/portal\/wp-json\/wp\/v2\/types\/post"}],"author":[{"embeddable":true,"href":"https:\/\/eltrabajo.cl\/portal\/wp-json\/wp\/v2\/users\/482"}],"replies":[{"embeddable":true,"href":"https:\/\/eltrabajo.cl\/portal\/wp-json\/wp\/v2\/comments?post=40544"}],"version-history":[{"count":0,"href":"https:\/\/eltrabajo.cl\/portal\/wp-json\/wp\/v2\/posts\/40544\/revisions"}],"wp:featuredmedia":[{"embeddable":true,"href":"https:\/\/eltrabajo.cl\/portal\/wp-json\/wp\/v2\/media\/40545"}],"wp:attachment":[{"href":"https:\/\/eltrabajo.cl\/portal\/wp-json\/wp\/v2\/media?parent=40544"}],"wp:term":[{"taxonomy":"category","embeddable":true,"href":"https:\/\/eltrabajo.cl\/portal\/wp-json\/wp\/v2\/categories?post=40544"},{"taxonomy":"post_tag","embeddable":true,"href":"https:\/\/eltrabajo.cl\/portal\/wp-json\/wp\/v2\/tags?post=40544"}],"curies":[{"name":"wp","href":"https:\/\/api.w.org\/{rel}","templated":true}]}}